{"id":42923,"date":"2026-03-27T21:30:00","date_gmt":"2026-03-27T20:30:00","guid":{"rendered":"https:\/\/gnews.cz\/?p=42923"},"modified":"2026-04-01T06:24:34","modified_gmt":"2026-04-01T04:24:34","slug":"gnews-rozhovor-s-poslancem-janem-hrncirem-spd-dil-iv-o-fialove-politice-a-co-delat","status":"publish","type":"post","link":"https:\/\/gnews.cz\/es\/tema\/gnews-rozhovor-s-poslancem-janem-hrncirem-spd-dil-iv-o-fialove-politice-a-co-delat\/","title":{"rendered":"GNEWS Entrevista con el diputado Jan Hrn\u010d\u00ed\u0159 (SPD), parte IV: sobre la pol\u00edtica de Fial y qu\u00e9 hacer"},"content":{"rendered":"<p><strong>Las duras cr\u00edticas van dirigidas al gobierno de Petr Fiala. El diputado Jan Hrn\u010d\u00ed\u0159, del partido Libertad y Democracia Directa (SPD), no se anda con rodeos en la entrevista y acusa al gabinete de no abordar los problemas de las familias y la industria checas. En la siguiente parte de la entrevista para&nbsp;<a href=\"https:\/\/gnews.cz\/es\/\">Gnews.cz<\/a>&nbsp;<\/strong><\/p>\n\n\n\n<figure class=\"wp-block-embed is-provider-youtube wp-block-embed-youtube\"><div class=\"wp-block-embed__wrapper\">\n<iframe title=\"Jan Hrn\u010d\u00ed\u0159 (SPD) sobre la pol\u00edtica de Fial y lo que hay que hacer\" width=\"1170\" height=\"658\" src=\"https:\/\/www.youtube.com\/embed\/dzOq2nO4gDc?feature=oembed\" frameborder=\"0\" allow=\"accelerometer; autoplay; clipboard-write; encrypted-media; gyroscope; picture-in-picture; web-share\" referrerpolicy=\"strict-origin-when-cross-origin\" allowfullscreen><\/iframe>\n<\/div><\/figure>\n\n\n\n<p><em>Puede escuchar la tercera parte de nuestra entrevista con Jan Hrn\u010d\u00ed\u0159<\/em>&nbsp;<strong><a href=\"https:\/\/youtu.be\/_H6TAGFwnDk\">aqu\u00ed<\/a><\/strong><\/p>\n\n\n\n<blockquote class=\"wp-block-quote is-layout-flow wp-block-quote-is-layout-flow\">\n<p><strong>Seg\u00fan Hrn\u010d\u00ed\u0159, esta situaci\u00f3n influy\u00f3 mucho en el resultado electoral. \u201eMuchas familias entraron en suspensi\u00f3n de pagos y experimentamos algo llamado pobreza energ\u00e9tica\u201c, dijo. Este fen\u00f3meno era antes desconocido en la Rep\u00fablica Checa, dijo, pero en los \u00faltimos a\u00f1os se ha convertido en una realidad para miles de hogares.<\/strong><\/p>\n<\/blockquote>\n\n\n\n<p>Tambi\u00e9n se refiri\u00f3 con dureza a la Uni\u00f3n Europea y a las pol\u00edticas de Green Deal. Hrn\u010d\u00ed\u0159 sostiene que el Gobierno fial se ha centrado m\u00e1s en Bruselas que en sus propios ciudadanos y ha contribuido en gran medida a impulsar normativas medioambientales que, en su opini\u00f3n, han tenido un impacto negativo en la econom\u00eda. Aunque el Gobierno apunta a un crecimiento econ\u00f3mico en torno al 2,5 %, Hrn\u010d\u00ed\u0159 se\u00f1ala que cree que se debe principalmente a que los hogares han disuelto sus ahorros tras un periodo de elevada inflaci\u00f3n. Por otra parte, el sector manufacturero, clave a largo plazo, se ha ido debilitando, afirma.<\/p>\n\n\n\n<blockquote class=\"wp-block-quote is-layout-flow wp-block-quote-is-layout-flow\">\n<p><strong>Seg\u00fan el eurodiputado, las medidas actuales van en la direcci\u00f3n contraria. El Estado asumir\u00e1 parte de los costes de apoyo a las centrales solares, lo que deber\u00eda aliviar a hogares y empresas. \u201eSon unos 17.000 millones de coronas checas\u201c, dijo, y a\u00f1adi\u00f3 que los precios de la electricidad eran de los m\u00e1s altos de Europa bajo el Gobierno anterior.<\/strong><\/p>\n<\/blockquote>\n\n\n\n<p>El tema sigue siendo explosivo: \u00bfqui\u00e9n es el verdadero responsable de los costosos problemas energ\u00e9ticos y econ\u00f3micos de los checos?<\/p>\n\n\n\n<p><em>Puede ver la parte anterior de la entrevista<\/em>: <strong><em><a href=\"https:\/\/gnews.cz\/es\/tema\/gnews-rozhovor-s-poslancem-janem-hrncirem-spd-dil-iii-bez-ciny-pry-evropa-nezvladne-technologie-ani-elektromobily\/\" target=\"_blank\" rel=\"noopener\" title=\"\">aqu\u00ed<\/a><\/em><\/strong>\u00a0<\/p>\n\n\n\n<p><strong>Noticias generales<\/strong><\/p>","protected":false},"excerpt":{"rendered":"<p>Las duras cr\u00edticas van dirigidas al Gobierno de Petr Fiala. El diputado Jan Hrn\u010d\u00ed\u0159, del partido Libertad y Democracia Directa (SPD), no se anduvo con rodeos en una entrevista y acus\u00f3...<\/p>","protected":false},"author":9,"featured_media":42785,"comment_status":"open","ping_status":"closed","sticky":false,"template":"","format":"standard","meta":{"_acf_changed":false,"_lmt_disableupdate":"","_lmt_disable":"","footnotes":""},"categories":[2968,7,658,2,1,580],"tags":[45,11838,11842,11839,46,78,11840,5420,3071,11732,10,9267,1314,11841,11755,17,6360,41],"class_list":["post-42923","post","type-post","status-publish","format-standard","has-post-thumbnail","hentry","category-domaci","category-politika","category-prectete-si","category-rozhovory","category-tema","category-vyber-sefredaktora","tag-cr","tag-ceske-rodiny","tag-drahe-energie","tag-energeticka-chudoba","tag-eu","tag-evropa","tag-fenomen","tag-general-news","tag-green-deal","tag-jan-hrncir","tag-news","tag-poslanec","tag-prumysl","tag-solarni-elektrarny","tag-svoboda-a-prima-demokracie-spd","tag-top","tag-vlada-petra-fialy","tag-world"],"acf":[],"aioseo_notices":[],"_links":{"self":[{"href":"https:\/\/gnews.cz\/es\/wp-json\/wp\/v2\/posts\/42923","targetHints":{"allow":["GET"]}}],"collection":[{"href":"https:\/\/gnews.cz\/es\/wp-json\/wp\/v2\/posts"}],"about":[{"href":"https:\/\/gnews.cz\/es\/wp-json\/wp\/v2\/types\/post"}],"author":[{"embeddable":true,"href":"https:\/\/gnews.cz\/es\/wp-json\/wp\/v2\/users\/9"}],"replies":[{"embeddable":true,"href":"https:\/\/gnews.cz\/es\/wp-json\/wp\/v2\/comments?post=42923"}],"version-history":[{"count":3,"href":"https:\/\/gnews.cz\/es\/wp-json\/wp\/v2\/posts\/42923\/revisions"}],"predecessor-version":[{"id":43282,"href":"https:\/\/gnews.cz\/es\/wp-json\/wp\/v2\/posts\/42923\/revisions\/43282"}],"wp:featuredmedia":[{"embeddable":true,"href":"https:\/\/gnews.cz\/es\/wp-json\/wp\/v2\/media\/42785"}],"wp:attachment":[{"href":"https:\/\/gnews.cz\/es\/wp-json\/wp\/v2\/media?parent=42923"}],"wp:term":[{"taxonomy":"category","embeddable":true,"href":"https:\/\/gnews.cz\/es\/wp-json\/wp\/v2\/categories?post=42923"},{"taxonomy":"post_tag","embeddable":true,"href":"https:\/\/gnews.cz\/es\/wp-json\/wp\/v2\/tags?post=42923"}],"curies":[{"name":"wp","href":"https:\/\/api.w.org\/{rel}","templated":true}]}}