{"id":42926,"date":"2026-03-28T21:30:00","date_gmt":"2026-03-28T20:30:00","guid":{"rendered":"https:\/\/gnews.cz\/?p=42926"},"modified":"2026-04-01T15:58:32","modified_gmt":"2026-04-01T13:58:32","slug":"gnews-rozhovor-s-poslancem-janem-hrncirem-spd-dil-v-o-iranu-vzdy-je-lepsi-hledat-diplomaticke-reseni","status":"publish","type":"post","link":"https:\/\/gnews.cz\/es\/rozhovory\/gnews-rozhovor-s-poslancem-janem-hrncirem-spd-dil-v-o-iranu-vzdy-je-lepsi-hledat-diplomaticke-reseni\/","title":{"rendered":"GNEWS Entrevista con el diputado Jan Hrn\u010d\u00ed\u0159 (SPD), parte V: sobre Ir\u00e1n, siempre es mejor buscar una soluci\u00f3n diplom\u00e1tica"},"content":{"rendered":"<p><strong>El diputado Jan Hrn\u010d\u00ed\u0159, del partido Libertad y Democracia Directa (SPD), advierte duramente de las consecuencias de los conflictos militares. En una entrevista, subraya que la agresi\u00f3n, en su opini\u00f3n, nunca resuelve nada y, por el contrario, acarrea m\u00e1s problemas que pueden afectar a Europa.<\/strong> <strong>En la \u00faltima parte de la entrevista para&nbsp;<a href=\"https:\/\/gnews.cz\/es\/\">Gnews.cz<\/a>&nbsp;<\/strong><\/p>\n\n\n\n<figure class=\"wp-block-embed is-provider-youtube wp-block-embed-youtube\"><div class=\"wp-block-embed__wrapper\">\n<iframe title=\"Jan Hrn\u010d\u00ed\u0159 (SPD) sobre Ir\u00e1n\" width=\"1170\" height=\"658\" src=\"https:\/\/www.youtube.com\/embed\/eJEgolFQmlU?feature=oembed\" frameborder=\"0\" allow=\"accelerometer; autoplay; clipboard-write; encrypted-media; gyroscope; picture-in-picture; web-share\" referrerpolicy=\"strict-origin-when-cross-origin\" allowfullscreen><\/iframe>\n<\/div><\/figure>\n\n\n\n<p><em>Tambi\u00e9n puedes escuchar la cuarta parte de nuestra entrevista con Jan Hrn\u010d\u00ed\u0159<\/em> <strong><a href=\"https:\/\/youtu.be\/_H6TAGFwnDk\">aqu\u00ed<\/a><\/strong><\/p>\n\n\n\n<p><strong>\u201eEstamos en contra de cualquier agresi\u00f3n. Siempre es mejor buscar una soluci\u00f3n diplom\u00e1tica\u201c, afirm\u00f3 Hrn\u010d\u00ed\u0159. Record\u00f3 que las intervenciones militares en el pasado han provocado a menudo Estados divididos, oleadas migratorias y amenazas a la seguridad.<\/strong><\/p>\n\n\n\n<p>Como ejemplo, cit\u00f3 el conflicto en Siria, tras el cual Europa se enfrent\u00f3 no solo a una crisis migratoria, sino tambi\u00e9n a una serie de atentados terroristas. Afirm\u00f3 que existe un riesgo real de que se repita una situaci\u00f3n similar. \u201ePodr\u00eda haber un resurgimiento de los ataques islamistas tambi\u00e9n en nuestro territorio\u201c, advirti\u00f3.<\/p>\n\n\n\n<p>Tambi\u00e9n llam\u00f3 la atenci\u00f3n sobre el posible impacto econ\u00f3mico. En su opini\u00f3n, una nueva escalada de los conflictos podr\u00eda afectar negativamente al crecimiento econ\u00f3mico de la Uni\u00f3n Europea y hacer que la econom\u00eda volviera a entrar en recesi\u00f3n. Hrn\u010d\u00ed\u0159 tambi\u00e9n coment\u00f3 las tensiones en torno a Ir\u00e1n. Aunque admite que las acciones de Estados Unidos o Israel pueden tener razones de seguridad, rechaza la eliminaci\u00f3n de l\u00edderes pol\u00edticos sin juicio previo.<\/p>\n\n\n\n<blockquote class=\"wp-block-quote is-layout-flow wp-block-quote-is-layout-flow\">\n<p><strong>\u201eAunque el r\u00e9gimen sea perjudicial, no deben traspasarse ciertos l\u00edmites\u201c, subray\u00f3. Dijo que era necesario volver a la diplomacia y buscar soluciones en la mesa de negociaciones, no en el campo de batalla.<\/strong><\/p>\n<\/blockquote>\n\n\n\n<p>La declaraci\u00f3n reabre as\u00ed una cuesti\u00f3n fundamental: \u00bfcorre Europa el riesgo de un retorno al terror a causa de los conflictos en curso?<\/p>\n\n\n\n<p><em>Puede ver la parte anterior de la entrevista<\/em>: <strong><a href=\"https:\/\/gnews.cz\/es\/tema\/gnews-rozhovor-s-poslancem-janem-hrncirem-spd-dil-iv-o-fialove-politice-a-co-delat\/\" title=\"\">aqu\u00ed<\/a><\/strong><\/p>\n\n\n\n<p><strong>Noticias generales<\/strong><\/p>","protected":false},"excerpt":{"rendered":"<p>El diputado Jan Hrn\u010d\u00ed\u0159, del partido Libertad y Democracia Directa (SPD), advierte duramente de las consecuencias de los conflictos militares. En una entrevista subraya que la agresi\u00f3n, en su opini\u00f3n,...<\/p>","protected":false},"author":9,"featured_media":42785,"comment_status":"open","ping_status":"closed","sticky":false,"template":"","format":"standard","meta":{"_acf_changed":false,"_lmt_disableupdate":"","_lmt_disable":"","footnotes":""},"categories":[2968,3,7,2,580,2973],"tags":[2482,8453,45,1523,5327,78,5420,4025,760,11890,11732,11889,10,9267,9960,11755,212,17,5689,11888,11887,41],"class_list":["post-42926","post","type-post","status-publish","format-standard","has-post-thumbnail","hentry","category-domaci","category-neprehlednete","category-politika","category-rozhovory","category-vyber-sefredaktora","category-zahranicni","tag-agrese","tag-bezpecnostni-hrozby","tag-cr","tag-diplomacie","tag-eskalace","tag-evropa","tag-general-news","tag-gnews-cz","tag-iran-3","tag-islamisticke-utoky","tag-jan-hrncir","tag-migracni-krize","tag-news","tag-poslanec","tag-riziko","tag-svoboda-a-prima-demokracie-spd","tag-syrie","tag-top","tag-top2","tag-vojenske-zasahy","tag-vojenskych-konfliktu","tag-world"],"acf":[],"aioseo_notices":[],"_links":{"self":[{"href":"https:\/\/gnews.cz\/es\/wp-json\/wp\/v2\/posts\/42926","targetHints":{"allow":["GET"]}}],"collection":[{"href":"https:\/\/gnews.cz\/es\/wp-json\/wp\/v2\/posts"}],"about":[{"href":"https:\/\/gnews.cz\/es\/wp-json\/wp\/v2\/types\/post"}],"author":[{"embeddable":true,"href":"https:\/\/gnews.cz\/es\/wp-json\/wp\/v2\/users\/9"}],"replies":[{"embeddable":true,"href":"https:\/\/gnews.cz\/es\/wp-json\/wp\/v2\/comments?post=42926"}],"version-history":[{"count":3,"href":"https:\/\/gnews.cz\/es\/wp-json\/wp\/v2\/posts\/42926\/revisions"}],"predecessor-version":[{"id":43281,"href":"https:\/\/gnews.cz\/es\/wp-json\/wp\/v2\/posts\/42926\/revisions\/43281"}],"wp:featuredmedia":[{"embeddable":true,"href":"https:\/\/gnews.cz\/es\/wp-json\/wp\/v2\/media\/42785"}],"wp:attachment":[{"href":"https:\/\/gnews.cz\/es\/wp-json\/wp\/v2\/media?parent=42926"}],"wp:term":[{"taxonomy":"category","embeddable":true,"href":"https:\/\/gnews.cz\/es\/wp-json\/wp\/v2\/categories?post=42926"},{"taxonomy":"post_tag","embeddable":true,"href":"https:\/\/gnews.cz\/es\/wp-json\/wp\/v2\/tags?post=42926"}],"curies":[{"name":"wp","href":"https:\/\/api.w.org\/{rel}","templated":true}]}}