{"id":42942,"date":"2026-03-28T15:30:00","date_gmt":"2026-03-28T14:30:00","guid":{"rendered":"https:\/\/gnews.cz\/?p=42942"},"modified":"2026-04-28T21:11:49","modified_gmt":"2026-04-28T19:11:49","slug":"slovanska-epopej-alfonse-muchy-obraz-dvacaty-apotheosa-z-dejin-slovanstva-ctyri-obdobi-slovanstva-ve-ctyrech-barvach","status":"publish","type":"post","link":"https:\/\/gnews.cz\/es\/tema\/slovanska-epopej-alfonse-muchy-obraz-dvacaty-apotheosa-z-dejin-slovanstva-ctyri-obdobi-slovanstva-ve-ctyrech-barvach\/","title":{"rendered":"Epopeya eslava de Alfons Mucha - el vig\u00e9simo cuadro: Apoteosis de la Historia de la Eslavonicidad. Cuatro periodos de la historia eslava en cuatro colores"},"content":{"rendered":"<p><strong>El vig\u00e9simo cuadro. Est\u00e1 usted flotando en un espacio donde el tiempo no es una l\u00ednea, sino un c\u00edrculo s\u00f3lido y fuerte, y en cuyo centro palpita dominantemente el cuadro La epopeya eslava, Apoteosis de la eslavonicidad, de Alfons Mucha. La culminaci\u00f3n de este brillante ciclo trata, entre otras cosas, de una cosmolog\u00eda literalmente plasmada en colores, figuras y s\u00edmbolos; es un mapa m\u00edstico de la memoria colectiva basado en la realidad y el patrimonio hist\u00f3rico que se derrama a trav\u00e9s de los siglos como un r\u00edo interminable y dulce. La composici\u00f3n se despliega como un mandala espiritual. Las cuatro corrientes de color no son s\u00f3lo un retablo est\u00e9tico, sino una expresi\u00f3n ontol\u00f3gica del flujo de la historia. En la esquina inferior derecha, el color azul es literalmente profundo, casi l\u00edquido, como un manantial del inconsciente. Es el comienzo primigenio, m\u00edtico, donde los eslavos nacen de la niebla del bosque, el agua y los tiempos agitados. El azul aqu\u00ed no es fr\u00edo, sino maternalmente amable, portador del silencio antes que de las palabras, del potencial de la historia antes que de la acci\u00f3n.<\/strong><\/p>\n\n\n\n<p>El polo opuesto, rojo en la parte superior izquierda, planea como una cicatriz sangrienta y al mismo tiempo como un estandarte. Este color concentra el fuego de las guerras husitas: sangre y fe, destrucci\u00f3n, renacimiento e invencibilidad. El rojo no es aqu\u00ed s\u00f3lo un elemento de confrontaci\u00f3n, sino que es literalmente la energ\u00eda eruptiva de la resistencia, el momento en que la historia se rompe y el hombre se enfrenta a su destino. Entre estos polos se retuerce una masa oscura, a primera vista una especie de figura en negro que personifica la opresi\u00f3n. No est\u00e1n individualizados, sino m\u00e1s bien ensombrecidos, como si fueran arquetipos del propio enemigo. En su presencia resuenan las incursiones de los francos, los \u00e1varos y la dominaci\u00f3n posterior. Aqu\u00ed, la negrura absorbe la luz, es el peso de toda la historia, pero al mismo tiempo crea un contraste sin el cual la luz de la esperanza no ser\u00eda perceptible en absoluto.<\/p>\n\n\n\n<p>La esperanza, como en los lienzos anteriores, vuelve a venir en forma de amarillo, un color que no deslumbra, sino que ilumina. Las figuras ba\u00f1adas en \u00e9l no parecen triunfantes en un sentido agresivo, sino m\u00e1s bien portadoras de una serena conciencia de plenitud. Es la luz de la reconciliaci\u00f3n, la libertad y la unidad, una especie de horizonte escatol\u00f3gico donde la historia se cierra en armon\u00eda. El centro del cuadro lo ocupa un joven fuerte con los brazos abiertos, una figura que no es una persona concreta, sino la encarnaci\u00f3n del sufrimiento y la esperanza colectivos. Su fuerte gesto pat\u00e9tico refleja el motivo de Cristo como sacrificio y redenci\u00f3n. Sin embargo, no se trata de una copia, sino de una transposici\u00f3n, en la que el hombre eslavo es portador de su propia historia de salvaci\u00f3n.<\/p>\n\n\n\n<p>A su alrededor se despliegan c\u00edrculos de coronas, cuya forma c\u00edclica evoca la unidad y la eternidad. Los j\u00f3venes con ramas de tilo son un s\u00edmbolo de la identidad eslava, rindiendo un cre\u00edble homenaje al pasado, pero al mismo tiempo transform\u00e1ndolo. Entre ellos se puede reconocer incluso una referencia a las Legiones Checoslovacas, cuya presencia conecta el mito con la historia moderna. Por encima de todo, hay otros signos serios, la paloma como silencioso soplo de paz, y el arco iris como una especie de puente entre todos los mundos existentes. Estos s\u00edmbolos no son decoraci\u00f3n, sino el lenguaje a trav\u00e9s del cual el cuadro habla de la superaci\u00f3n de dualidades como la guerra y la paz, el sufrimiento y la alegr\u00eda, el pasado y el futuro.<\/p>\n\n\n\n<p>El conjunto parece un paisaje espiritual en el que el tiempo no es lineal, y me atrevo a utilizar mi palabra favorita: estratificado. Aqu\u00ed el pasado no retrocede, sino que persiste como una energ\u00eda que da forma al presente y al futuro. As\u00ed, Mucha crea no s\u00f3lo una imagen hist\u00f3rica, sino una inmensa visi\u00f3n metaf\u00edsica que nos desaf\u00eda a entender la historia como un proceso que debe avanzar hacia la unidad, o de lo contrario los eslavos dejar\u00e1n de existir. En esta apoteosis, el triunfo no es el grito de los vencedores, sino la silenciosa luz saludable del conocimiento.<\/p>\n\n\n\n<p><strong>Lea tambi\u00e9n:<\/strong> <a href=\"https:\/\/gnews.cz\/es\/tema\/slovanska-epopej-alfonse-muchy-obraz-sesnacty-jan-amos-komensky-ucitel-narodu-plaminek-nadeje\/\" title=\"\"><strong>Epopeya eslava de Alfons Mucha - pintura <a href=\"https:\/\/gnews.cz\/wp-admin\/post.php?post=42322&amp;action=edit\">XIX: Abolici\u00f3n de la servidumbre en Rusia. Trabajo libre: el curr\u00edculo de las naciones<\/a><\/strong><\/a><\/p>\n\n\n\n<p><strong>Jan Vojt\u011bch, Redactor Jefe, Noticias Generales<\/strong><\/p>","protected":false},"excerpt":{"rendered":"<p>La vig\u00e9sima imagen. Est\u00e1s flotando en un espacio donde el tiempo no es una l\u00ednea, sino un c\u00edrculo s\u00f3lido y poderoso - y en su centro pulsa dominantemente...<\/p>","protected":false},"author":10,"featured_media":42945,"comment_status":"open","ping_status":"closed","sticky":false,"template":"","format":"standard","meta":{"_acf_changed":false,"_lmt_disableupdate":"","_lmt_disable":"","footnotes":""},"categories":[2968,6,3,1,3104,580,8,5],"tags":[411,11875,11883,11873,11874,11882,45,11884,11872,11880,7668,10948,11881,9713,7051,8601,755,11878,11877,10712,10,410,9509,11871,17,8547,5689,11885,11879,41,11876],"class_list":["post-42942","post","type-post","status-publish","format-standard","has-post-thumbnail","hentry","category-domaci","category-kultura","category-neprehlednete","category-tema","category-veda","category-vyber-sefredaktora","category-zabava","category-zdravy-styl","tag-alfons-mucha","tag-apoteoza-slovanstva","tag-avari","tag-barevna-symbolika","tag-cerna-barva","tag-cervena-barva","tag-cr","tag-ceskoslovenske-legie","tag-duchovni-rozmer","tag-duha","tag-frankove","tag-historicka-pamet","tag-holubice","tag-husitske-valky","tag-jednota","tag-kristus","tag-mir","tag-modra-barva","tag-mytologie","tag-narodni-identita","tag-news","tag-slovanska-epopej","tag-slovanska-historie","tag-symbolismus","tag-top","tag-top-2","tag-top2","tag-umelecka-analyza","tag-utlak-slovanu","tag-world","tag-zluta-barva"],"acf":[],"aioseo_notices":[],"_links":{"self":[{"href":"https:\/\/gnews.cz\/es\/wp-json\/wp\/v2\/posts\/42942","targetHints":{"allow":["GET"]}}],"collection":[{"href":"https:\/\/gnews.cz\/es\/wp-json\/wp\/v2\/posts"}],"about":[{"href":"https:\/\/gnews.cz\/es\/wp-json\/wp\/v2\/types\/post"}],"author":[{"embeddable":true,"href":"https:\/\/gnews.cz\/es\/wp-json\/wp\/v2\/users\/10"}],"replies":[{"embeddable":true,"href":"https:\/\/gnews.cz\/es\/wp-json\/wp\/v2\/comments?post=42942"}],"version-history":[{"count":4,"href":"https:\/\/gnews.cz\/es\/wp-json\/wp\/v2\/posts\/42942\/revisions"}],"predecessor-version":[{"id":44877,"href":"https:\/\/gnews.cz\/es\/wp-json\/wp\/v2\/posts\/42942\/revisions\/44877"}],"wp:featuredmedia":[{"embeddable":true,"href":"https:\/\/gnews.cz\/es\/wp-json\/wp\/v2\/media\/42945"}],"wp:attachment":[{"href":"https:\/\/gnews.cz\/es\/wp-json\/wp\/v2\/media?parent=42942"}],"wp:term":[{"taxonomy":"category","embeddable":true,"href":"https:\/\/gnews.cz\/es\/wp-json\/wp\/v2\/categories?post=42942"},{"taxonomy":"post_tag","embeddable":true,"href":"https:\/\/gnews.cz\/es\/wp-json\/wp\/v2\/tags?post=42942"}],"curies":[{"name":"wp","href":"https:\/\/api.w.org\/{rel}","templated":true}]}}