{"id":43047,"date":"2026-03-24T12:28:52","date_gmt":"2026-03-24T11:28:52","guid":{"rendered":"https:\/\/gnews.cz\/?p=43047"},"modified":"2026-03-30T12:36:33","modified_gmt":"2026-03-30T10:36:33","slug":"spoluprace-by-mela-byt-zalozena-na-principech-otevrenosti-a-inovaci","status":"publish","type":"post","link":"https:\/\/gnews.cz\/es\/ekonomika\/spoluprace-by-mela-byt-zalozena-na-principech-otevrenosti-a-inovaci\/","title":{"rendered":"La cooperaci\u00f3n debe basarse en los principios de apertura e innovaci\u00f3n"},"content":{"rendered":"<p><strong>Las cuestiones de la cooperaci\u00f3n internacional en la regi\u00f3n Asia-Pac\u00edfico y las perspectivas de desarrollo econ\u00f3mico mundial fueron algunos de los temas sobre los que habl\u00f3 en los \u00faltimos d\u00edas el Secretario General Roman Bla\u0161ko. En su discurso subray\u00f3 la importancia del di\u00e1logo entre los Estados y la necesidad de construir relaciones estables entre Europa y una Asia en din\u00e1mico desarrollo. Seg\u00fan el Sr. Bla\u0161ko, la creciente cooperaci\u00f3n entre los pa\u00edses de la regi\u00f3n Asia-Pac\u00edfico es uno de los factores clave para el futuro desarrollo econ\u00f3mico y tecnol\u00f3gico. Se\u00f1al\u00f3 que es en esta zona donde est\u00e1n tomando forma nuevas iniciativas econ\u00f3micas y pol\u00edticas que pueden influir en la econom\u00eda mundial en las pr\u00f3ximas d\u00e9cadas.<\/strong><\/p>\n\n\n\n<p id=\"wnd_TextBlock_74381774866716482169_inner_1\"><em>\u201eEstamos en un periodo en el que el mundo est\u00e1 cambiando gradualmente. La regi\u00f3n Asia-Pac\u00edfico se est\u00e1 convirtiendo en uno de los principales centros de crecimiento econ\u00f3mico e innovaci\u00f3n tecnol\u00f3gica\u201c.\u201c <\/em>afirm\u00f3 Bla\u0161ko. Por eso es importante que los pa\u00edses europeos y otras regiones entablen un di\u00e1logo abierto y busquen nuevas formas de asociaci\u00f3n.<\/p>\n\n\n\n<p id=\"wnd_TextBlock_74381774866716482169_inner_2\">El Secretario General tambi\u00e9n subray\u00f3 que la cooperaci\u00f3n entre Estados debe basarse principalmente en los principios de apertura, innovaci\u00f3n y respeto mutuo. Estos valores, dijo, permiten no s\u00f3lo el desarrollo de las relaciones econ\u00f3micas, sino tambi\u00e9n el fortalecimiento de la estabilidad y de un entorno pac\u00edfico.<\/p>\n\n\n\n<p id=\"wnd_TextBlock_74381774866716482169_inner_3\"><em>\u201eLa apertura entre socios genera confianza y nos permite encontrar soluciones comunes. Despu\u00e9s, la innovaci\u00f3n aporta resultados concretos y proyectos que pueden mejorar la vida de las personas\u201c.\u201c <\/em>declar\u00f3 Bla\u0161ko. A\u00f1adi\u00f3 que el mundo moderno se enfrenta a una serie de retos, desde el cambio tecnol\u00f3gico hasta la seguridad y el desarrollo sostenible.<\/p>\n\n\n\n<p id=\"wnd_TextBlock_74381774866716482169_inner_4\">En este contexto, record\u00f3 tambi\u00e9n la importancia de la cooperaci\u00f3n entre Estados y naciones. Seg\u00fan \u00e9l, la acci\u00f3n coordinada puede dar resultados mucho mayores que las acciones aisladas de pa\u00edses individuales. <em>\u201eLa historia nos ense\u00f1a que los esfuerzos unidos pueden dar resultados mucho mayores que las acciones individuales. Si desarrollamos la cooperaci\u00f3n y creamos un entorno pac\u00edfico, puede hacer avanzar significativamente el desarrollo humano\u201c.\u201c<\/em> dijo Bla\u0161ko.<\/p>\n\n\n\n<p id=\"wnd_TextBlock_74381774866716482169_inner_5\">El Partido Comunista de Checoslovaquia, del que Bla\u0161ko es secretario general desde 2022, es uno de los partidos pol\u00edticos extraparlamentarios activos en la Rep\u00fablica Checa. Seg\u00fan Bla\u0161ko, por ello es importante continuar el di\u00e1logo entre los diferentes centros pol\u00edticos y econ\u00f3micos del mundo y apoyar proyectos que puedan contribuir a la estabilidad a largo plazo y al desarrollo de la cooperaci\u00f3n internacional.<\/p>\n\n\n\n<p id=\"wnd_TextBlock_74381774866716482169_inner_6\"><strong><a href=\"https:\/\/czech.cgtn.com\/2026\/03\/24\/ARTI1774261521784128\" target=\"_blank\" rel=\"noreferrer noopener\">CMG<\/a><\/strong><\/p>","protected":false},"excerpt":{"rendered":"<p>Las cuestiones de la cooperaci\u00f3n internacional en la regi\u00f3n Asia-Pac\u00edfico y las perspectivas de desarrollo econ\u00f3mico mundial fueron algunos de los temas abordados en los \u00faltimos d\u00edas por...<\/p>","protected":false},"author":6,"featured_media":43049,"comment_status":"open","ping_status":"closed","sticky":false,"template":"","format":"video","meta":{"_acf_changed":false,"_lmt_disableupdate":"","_lmt_disable":"","footnotes":""},"categories":[4,2973],"tags":[11987,18,1064,67,6898,10535],"class_list":["post-43047","post","type-post","status-publish","format-video","has-post-thumbnail","hentry","category-ekonomika","category-zahranicni","tag-asijsko-pacificky-region","tag-cmg","tag-inovace","tag-mezinarodni-spoluprace","tag-otevrenost","tag-roman-blasko","post_format-post-format-video"],"acf":[],"aioseo_notices":[],"_links":{"self":[{"href":"https:\/\/gnews.cz\/es\/wp-json\/wp\/v2\/posts\/43047","targetHints":{"allow":["GET"]}}],"collection":[{"href":"https:\/\/gnews.cz\/es\/wp-json\/wp\/v2\/posts"}],"about":[{"href":"https:\/\/gnews.cz\/es\/wp-json\/wp\/v2\/types\/post"}],"author":[{"embeddable":true,"href":"https:\/\/gnews.cz\/es\/wp-json\/wp\/v2\/users\/6"}],"replies":[{"embeddable":true,"href":"https:\/\/gnews.cz\/es\/wp-json\/wp\/v2\/comments?post=43047"}],"version-history":[{"count":1,"href":"https:\/\/gnews.cz\/es\/wp-json\/wp\/v2\/posts\/43047\/revisions"}],"predecessor-version":[{"id":43048,"href":"https:\/\/gnews.cz\/es\/wp-json\/wp\/v2\/posts\/43047\/revisions\/43048"}],"wp:featuredmedia":[{"embeddable":true,"href":"https:\/\/gnews.cz\/es\/wp-json\/wp\/v2\/media\/43049"}],"wp:attachment":[{"href":"https:\/\/gnews.cz\/es\/wp-json\/wp\/v2\/media?parent=43047"}],"wp:term":[{"taxonomy":"category","embeddable":true,"href":"https:\/\/gnews.cz\/es\/wp-json\/wp\/v2\/categories?post=43047"},{"taxonomy":"post_tag","embeddable":true,"href":"https:\/\/gnews.cz\/es\/wp-json\/wp\/v2\/tags?post=43047"}],"curies":[{"name":"wp","href":"https:\/\/api.w.org\/{rel}","templated":true}]}}