{"id":43059,"date":"2026-03-25T13:37:10","date_gmt":"2026-03-25T12:37:10","guid":{"rendered":"https:\/\/gnews.cz\/?p=43059"},"modified":"2026-03-30T13:43:13","modified_gmt":"2026-03-30T11:43:13","slug":"cina-je-skutecnym-ekonomickym-hegemonem-rika-exposlanec-simunek","status":"publish","type":"post","link":"https:\/\/gnews.cz\/es\/ekonomika\/cina-je-skutecnym-ekonomickym-hegemonem-rika-exposlanec-simunek\/","title":{"rendered":"China es el verdadero hegem\u00f3n econ\u00f3mico, afirma el exdiputado \u0160im\u016fnek"},"content":{"rendered":"<p id=\"wnd_TextBlock_97681774870882301349_inner_0\"><strong>El vicepresidente primero del KS\u010cM y ex diputado Petr \u0160im\u016fnek afirm\u00f3 que Europa se enfrenta a profundos problemas econ\u00f3micos. Seg\u00fan \u00e9l, se trata principalmente de falta de personas con formaci\u00f3n t\u00e9cnica, escasez de recursos naturales y mano de obra cara. Por ello, Europa se ve obligada a importar trabajadores de terceros pa\u00edses.<\/strong><\/p>\n\n\n\n<p id=\"wnd_TextBlock_97681774870882301349_inner_1\">Por otro lado, Asia, especialmente China, es una econom\u00eda mucho m\u00e1s fuerte, seg\u00fan \u0160im\u016fnek. Record\u00f3 que mientras la Uni\u00f3n Europea cuenta con unos 300.000 trabajadores clave que pueden mover fundamentalmente la econom\u00eda, China e India tienen por s\u00ed solas una poblaci\u00f3n conjunta de casi 3.000 millones de personas. Subray\u00f3 que China no s\u00f3lo depende de mano de obra barata, sino que cuenta con profesionales altamente cualificados y un sistema de ense\u00f1anza secundaria de calidad.<\/p>\n\n\n\n<p id=\"wnd_TextBlock_97681774870882301349_inner_2\">\u0160im\u016fnek tambi\u00e9n valor\u00f3 positivamente que China est\u00e9 construyendo de forma muy inteligente la cooperaci\u00f3n internacional con Am\u00e9rica Latina, \u00c1frica y Rusia, al tiempo que mantiene buenas relaciones comerciales con Estados Unidos. En sus palabras, China es una verdadera hegemon\u00eda econ\u00f3mica a escala global y el mundo deber\u00eda aprender de ella.<\/p>\n\n\n\n<p id=\"wnd_TextBlock_97681774870882301349_inner_3\">Concluy\u00f3 expresando su deseo de que la econom\u00eda asi\u00e1tica, y China en particular, sigan prosperando. <em>\u201eSi a China le va bien y mantiene una buena relaci\u00f3n de vecindad con la Rep\u00fablica Checa, a nosotros tambi\u00e9n nos ir\u00e1 bien\u201c.\u201c<\/em> concluye \u0160im\u016fnek.<\/p>\n\n\n\n<p id=\"wnd_TextBlock_97681774870882301349_inner_4\"><a href=\"https:\/\/ksc4.cms.webnode.cz\/l\/cina-je-skutecnym-ekonomickym-hegemonem-rika-exposlanec-simunek\/#\"><strong>CMG<\/strong><\/a><\/p>","protected":false},"excerpt":{"rendered":"<p>El vicepresidente primero del KS\u010cM y exdiputado Petr \u0160im\u016fnek afirm\u00f3 que Europa se enfrenta a profundos problemas econ\u00f3micos. Seg\u00fan \u00e9l, se trata sobre todo de una falta de...<\/p>","protected":false},"author":6,"featured_media":43061,"comment_status":"open","ping_status":"closed","sticky":false,"template":"","format":"video","meta":{"_acf_changed":false,"_lmt_disableupdate":"","_lmt_disable":"","footnotes":""},"categories":[4,550],"tags":[84,22,18,27,10363,10866],"class_list":["post-43059","post","type-post","status-publish","format-video","has-post-thumbnail","hentry","category-ekonomika","category-videa","tag-asie","tag-cina","tag-cmg","tag-ekonomika","tag-kscm","tag-petr-simunek","post_format-post-format-video"],"acf":[],"aioseo_notices":[],"_links":{"self":[{"href":"https:\/\/gnews.cz\/es\/wp-json\/wp\/v2\/posts\/43059","targetHints":{"allow":["GET"]}}],"collection":[{"href":"https:\/\/gnews.cz\/es\/wp-json\/wp\/v2\/posts"}],"about":[{"href":"https:\/\/gnews.cz\/es\/wp-json\/wp\/v2\/types\/post"}],"author":[{"embeddable":true,"href":"https:\/\/gnews.cz\/es\/wp-json\/wp\/v2\/users\/6"}],"replies":[{"embeddable":true,"href":"https:\/\/gnews.cz\/es\/wp-json\/wp\/v2\/comments?post=43059"}],"version-history":[{"count":1,"href":"https:\/\/gnews.cz\/es\/wp-json\/wp\/v2\/posts\/43059\/revisions"}],"predecessor-version":[{"id":43060,"href":"https:\/\/gnews.cz\/es\/wp-json\/wp\/v2\/posts\/43059\/revisions\/43060"}],"wp:featuredmedia":[{"embeddable":true,"href":"https:\/\/gnews.cz\/es\/wp-json\/wp\/v2\/media\/43061"}],"wp:attachment":[{"href":"https:\/\/gnews.cz\/es\/wp-json\/wp\/v2\/media?parent=43059"}],"wp:term":[{"taxonomy":"category","embeddable":true,"href":"https:\/\/gnews.cz\/es\/wp-json\/wp\/v2\/categories?post=43059"},{"taxonomy":"post_tag","embeddable":true,"href":"https:\/\/gnews.cz\/es\/wp-json\/wp\/v2\/tags?post=43059"}],"curies":[{"name":"wp","href":"https:\/\/api.w.org\/{rel}","templated":true}]}}