{"id":43090,"date":"2026-03-27T15:57:46","date_gmt":"2026-03-27T14:57:46","guid":{"rendered":"https:\/\/gnews.cz\/?p=43090"},"modified":"2026-03-31T11:45:16","modified_gmt":"2026-03-31T09:45:16","slug":"forum-v-cine-sleduje-i-ceska-republika-jde-totiz-o-vic-nez-si-myslite","status":"publish","type":"post","link":"https:\/\/gnews.cz\/es\/politika\/forum-v-cine-sleduje-i-ceska-republika-jde-totiz-o-vic-nez-si-myslite\/","title":{"rendered":"La Rep\u00fablica Checa tambi\u00e9n est\u00e1 atenta al Foro de China, porque es m\u00e1s de lo que cree"},"content":{"rendered":"<p id=\"wnd_TextBlock_37111774879114717579_inner_0\"><strong>Milan Kraj\u010da, vicepresidente del Partido Comunista de Checoslovaquia y vicepresidente del Consejo Mundial de la Paz, habl\u00f3 de la importancia del Foro de Boao para Asia de este a\u00f1o, que, seg\u00fan dijo, la Rep\u00fablica Checa sigue con gran inter\u00e9s.<\/strong><\/p>\n\n\n\n<p id=\"wnd_TextBlock_37111774879114717579_inner_1\"><em>\u201eDurante m\u00e1s de un cuarto de siglo, el Foro de Boao ha sido un punto de encuentro para pol\u00edticos, empresarios y acad\u00e9micos de decenas de pa\u00edses de Asia\u201c.\u201c <\/em>afirm\u00f3 Kraj\u010da. Destac\u00f3 que Asia es hoy una de las regiones m\u00e1s din\u00e1micas del mundo y que la Rep\u00fablica Popular China, como pa\u00eds anfitri\u00f3n, est\u00e1 experimentando un desarrollo extremadamente r\u00e1pido.<\/p>\n\n\n\n<p id=\"wnd_TextBlock_37111774879114717579_inner_2\">Seg\u00fan Kraj\u010da, es por tanto natural que los actos del foro atraigan la atenci\u00f3n en Europa. <em>\u201ePara nosotros es inspirador ver lo que est\u00e1 ocurriendo hoy en Asia y China\u201c.\u201c<\/em> a\u00f1adi\u00f3 que las conclusiones de la reuni\u00f3n podr\u00edan tener repercusiones m\u00e1s all\u00e1 de la regi\u00f3n.<\/p>\n\n\n\n<p id=\"wnd_TextBlock_37111774879114717579_inner_3\">En la entrevista tambi\u00e9n destac\u00f3 la importancia de la cooperaci\u00f3n internacional. Seg\u00fan \u00e9l, a la Rep\u00fablica Checa le interesa profundizar en las relaciones no s\u00f3lo con China, sino tambi\u00e9n con otros pa\u00edses participantes en el foro.<em> \u201eQueremos reforzar la amistad y la cooperaci\u00f3n entre los pueblos de Europa y Asia\u201c.\u201c <\/em>Y a\u00f1adi\u00f3.<\/p>\n\n\n\n<p id=\"wnd_TextBlock_37111774879114717579_inner_4\">A\u00fan no est\u00e1 claro qu\u00e9 conclusiones concretas aportar\u00e1 el foro de este a\u00f1o. Pero lo que es seguro, seg\u00fan Kraj\u010da, es que su importancia en el mundo sigue creciendo, y que la Rep\u00fablica Checa lo seguir\u00e1 de cerca.<\/p>\n\n\n\n<p id=\"wnd_TextBlock_37111774879114717579_inner_5\"><strong><a href=\"https:\/\/czech.cgtn.com\/2026\/03\/27\/ARTI1774585008688504\" target=\"_blank\" rel=\"noreferrer noopener\">CMG<\/a><\/strong><\/p>","protected":false},"excerpt":{"rendered":"<p>Milan Kraj\u010da, vicepresidente del Partido Comunista de Checoslovaquia y vicepresidente del Consejo Mundial de la Paz, habl\u00f3 de la importancia del Foro de Boao para Asia de este a\u00f1o, que, seg\u00fan...<\/p>","protected":false},"author":6,"featured_media":43126,"comment_status":"open","ping_status":"closed","sticky":false,"template":"","format":"video","meta":{"_acf_changed":false,"_lmt_disableupdate":"","_lmt_disable":"","footnotes":""},"categories":[2968,7,2973],"tags":[12008,45,6802,18,10363,9004],"class_list":["post-43090","post","type-post","status-publish","format-video","has-post-thumbnail","hentry","category-domaci","category-politika","category-zahranicni","tag-boao-forum-for-asia","tag-cr","tag-cinska-lidova-republika","tag-cmg","tag-kscm","tag-milan-krajca","post_format-post-format-video"],"acf":[],"aioseo_notices":[],"_links":{"self":[{"href":"https:\/\/gnews.cz\/es\/wp-json\/wp\/v2\/posts\/43090","targetHints":{"allow":["GET"]}}],"collection":[{"href":"https:\/\/gnews.cz\/es\/wp-json\/wp\/v2\/posts"}],"about":[{"href":"https:\/\/gnews.cz\/es\/wp-json\/wp\/v2\/types\/post"}],"author":[{"embeddable":true,"href":"https:\/\/gnews.cz\/es\/wp-json\/wp\/v2\/users\/6"}],"replies":[{"embeddable":true,"href":"https:\/\/gnews.cz\/es\/wp-json\/wp\/v2\/comments?post=43090"}],"version-history":[{"count":1,"href":"https:\/\/gnews.cz\/es\/wp-json\/wp\/v2\/posts\/43090\/revisions"}],"predecessor-version":[{"id":43125,"href":"https:\/\/gnews.cz\/es\/wp-json\/wp\/v2\/posts\/43090\/revisions\/43125"}],"wp:featuredmedia":[{"embeddable":true,"href":"https:\/\/gnews.cz\/es\/wp-json\/wp\/v2\/media\/43126"}],"wp:attachment":[{"href":"https:\/\/gnews.cz\/es\/wp-json\/wp\/v2\/media?parent=43090"}],"wp:term":[{"taxonomy":"category","embeddable":true,"href":"https:\/\/gnews.cz\/es\/wp-json\/wp\/v2\/categories?post=43090"},{"taxonomy":"post_tag","embeddable":true,"href":"https:\/\/gnews.cz\/es\/wp-json\/wp\/v2\/tags?post=43090"}],"curies":[{"name":"wp","href":"https:\/\/api.w.org\/{rel}","templated":true}]}}