{"id":43147,"date":"2026-04-01T04:00:00","date_gmt":"2026-04-01T02:00:00","guid":{"rendered":"https:\/\/gnews.cz\/?p=43147"},"modified":"2026-03-31T17:30:40","modified_gmt":"2026-03-31T15:30:40","slug":"prvni-dualni-lod-pro-prepravu-automobilu-na-lng-na-svete-schopna-prepravit-pres-10-000-vozidel-dnes-zahajila-sve-zkusebni-plavby","status":"publish","type":"post","link":"https:\/\/gnews.cz\/es\/ekonomika\/prvni-dualni-lod-pro-prepravu-automobilu-na-lng-na-svete-schopna-prepravit-pres-10-000-vozidel-dnes-zahajila-sve-zkusebni-plavby\/","title":{"rendered":"El primer portaveh\u00edculos dual de GNL del mundo, capaz de transportar m\u00e1s de 10.000 veh\u00edculos, ha iniciado hoy sus cruceros de prueba"},"content":{"rendered":"<p><a href=\"https:\/\/www.facebook.com\/sharer\/sharer.php?u=https%3A%2F%2Fczech.cri.cn%2F2026%2F03%2F31%2FARTI1774960220743875&amp;display=popup\" target=\"_blank\" rel=\"noreferrer noopener\"><\/a><a href=\"https:\/\/twitter.com\/intent\/tweet?url=https%3A%2F%2Fczech.cri.cn%2F2026%2F03%2F31%2FARTI1774960220743875&amp;text=Prvn%C3%AD%20du%C3%A1ln%C3%AD%20lo%C4%8F%20pro%20p%C5%99epravu%20automobil%C5%AF%20na%20LNG%20na%20sv%C4%9Bt%C4%9B%2C%20schopn%C3%A1%20p%C5%99epravit%20p%C5%99es%2010%20000%20vozidel%2C%20dnes%20zah%C3%A1jila%20sv%C3%A9%20zku%C5%A1ebn%C3%AD%20plavby\" target=\"_blank\" rel=\"noreferrer noopener\"><\/a><\/p>\n\n\n\n<p><strong>El 31 de marzo comenz\u00f3 sus viajes de prueba el primer buque de transporte de autom\u00f3viles (PCTC) doble alimentado por GNL, con capacidad para 10.800 veh\u00edculos, construido por la empresa china CSSC para la surcoreana HMM.<\/strong><\/p>\n\n\n\n<p>Actualmente es el primer portacoches dual del mundo, capaz de transportar m\u00e1s de 10.000 veh\u00edculos, y est\u00e1 en construcci\u00f3n.<\/p>\n\n\n\n<p>El buque tiene 230 metros de eslora, 40 metros de manga, un calado de 10,5 metros y una velocidad aproximada de 19 nudos, logrando el equilibrio perfecto entre transporte eficiente y navegaci\u00f3n estable.<\/p>\n\n\n\n<p><strong><a href=\"https:\/\/czech.cri.cn\/2026\/03\/31\/ARTI1774960220743875\" title=\"\">CMG<\/a><\/strong><\/p>","protected":false},"excerpt":{"rendered":"<p>El 31 de marzo, el primer buque de transporte dual de veh\u00edculos a GNL (PCTC), con capacidad para 10.800...<\/p>","protected":false},"author":6,"featured_media":43148,"comment_status":"open","ping_status":"closed","sticky":false,"template":"","format":"standard","meta":{"_acf_changed":false,"_lmt_disableupdate":"","_lmt_disable":"","footnotes":""},"categories":[4,2973],"tags":[18,12099,12098,12101,2975,12100],"class_list":["post-43147","post","type-post","status-publish","format-standard","has-post-thumbnail","hentry","category-ekonomika","category-zahranicni","tag-cmg","tag-cssc","tag-dualni-lod-lng","tag-hmm","tag-lodni-doprava","tag-preprava-automobilu"],"acf":[],"aioseo_notices":[],"_links":{"self":[{"href":"https:\/\/gnews.cz\/es\/wp-json\/wp\/v2\/posts\/43147","targetHints":{"allow":["GET"]}}],"collection":[{"href":"https:\/\/gnews.cz\/es\/wp-json\/wp\/v2\/posts"}],"about":[{"href":"https:\/\/gnews.cz\/es\/wp-json\/wp\/v2\/types\/post"}],"author":[{"embeddable":true,"href":"https:\/\/gnews.cz\/es\/wp-json\/wp\/v2\/users\/6"}],"replies":[{"embeddable":true,"href":"https:\/\/gnews.cz\/es\/wp-json\/wp\/v2\/comments?post=43147"}],"version-history":[{"count":1,"href":"https:\/\/gnews.cz\/es\/wp-json\/wp\/v2\/posts\/43147\/revisions"}],"predecessor-version":[{"id":43149,"href":"https:\/\/gnews.cz\/es\/wp-json\/wp\/v2\/posts\/43147\/revisions\/43149"}],"wp:featuredmedia":[{"embeddable":true,"href":"https:\/\/gnews.cz\/es\/wp-json\/wp\/v2\/media\/43148"}],"wp:attachment":[{"href":"https:\/\/gnews.cz\/es\/wp-json\/wp\/v2\/media?parent=43147"}],"wp:term":[{"taxonomy":"category","embeddable":true,"href":"https:\/\/gnews.cz\/es\/wp-json\/wp\/v2\/categories?post=43147"},{"taxonomy":"post_tag","embeddable":true,"href":"https:\/\/gnews.cz\/es\/wp-json\/wp\/v2\/tags?post=43147"}],"curies":[{"name":"wp","href":"https:\/\/api.w.org\/{rel}","templated":true}]}}