{"id":43152,"date":"2026-03-31T23:55:00","date_gmt":"2026-03-31T21:55:00","guid":{"rendered":"https:\/\/gnews.cz\/?p=43152"},"modified":"2026-03-31T20:37:25","modified_gmt":"2026-03-31T18:37:25","slug":"americky-prezident-donald-trump-rika-ze-jeste-neni-pripraven-ukoncit-operaci-proti-iranu","status":"publish","type":"post","link":"https:\/\/gnews.cz\/es\/tema\/americky-prezident-donald-trump-rika-ze-jeste-neni-pripraven-ukoncit-operaci-proti-iranu\/","title":{"rendered":"El presidente de Estados Unidos, Donald Trump, dice que no est\u00e1 dispuesto a poner fin a la operaci\u00f3n contra Ir\u00e1n"},"content":{"rendered":"<p><strong>WASHINGTON - 31 de marzo. Washington a\u00fan no est\u00e1 listo para anunciar el fin de la operaci\u00f3n militar de Estados Unidos contra Ir\u00e1n o detener los esfuerzos para restablecer las condiciones normales para el transporte mar\u00edtimo en el Estrecho de Ormuz, dijo el presidente Donald Trump.<\/strong><\/p>\n\n\n\n<blockquote class=\"wp-block-quote is-layout-flow wp-block-quote-is-layout-flow\">\n<p><strong>\u201eEn alg\u00fan momento lo har\u00e9. Todav\u00eda no\u201c, dijo el mandatario estadounidense en una entrevista con CBS News. The Wall Street Journal inform\u00f3 anteriormente, citando fuentes, de que Trump dijo a sus asesores que solo quiere poner fin a la campa\u00f1a contra Ir\u00e1n si el estrecho de Ormuz sigue cerrado en gran medida a la navegaci\u00f3n.<\/strong><\/p>\n<\/blockquote>\n\n\n\n<p>Estados Unidos e Israel lanzaron una operaci\u00f3n militar contra Ir\u00e1n el 28 de febrero. Fueron atacadas las principales ciudades iran\u00edes, incluida Teher\u00e1n. La Casa Blanca justific\u00f3 el ataque alegando amenazas nucleares y de misiles por parte de Ir\u00e1n. Los Cuerpos de la Guardia Revolucionaria Isl\u00e1mica anunciaron una operaci\u00f3n de represalia contra instalaciones israel\u00edes. Tambi\u00e9n fueron atacadas bases militares estadounidenses en Bahr\u00e9in, Jordania, Kuwait, Qatar, Arabia Saud\u00ed y Emiratos \u00c1rabes Unidos. El l\u00edder supremo, el ayatol\u00e1 Al\u00ed Jamenei, y otros importantes dirigentes iran\u00edes murieron en un ataque conjunto estadounidense-israel\u00ed.<\/p>\n\n\n\n<blockquote class=\"wp-block-quote is-layout-flow wp-block-quote-is-layout-flow\">\n<p><strong>Posteriormente, las autoridades iran\u00edes decidieron cerrar el estrecho de Ormuz a los buques asociados a Estados Unidos, Israel y los pa\u00edses que apoyaban la agresi\u00f3n contra la Rep\u00fablica Isl\u00e1mica. Durante el conflicto, varios petroleros fueron atacados por pasar por el estrecho sin permiso de Teher\u00e1n. El 25 de marzo, el ministro iran\u00ed de Asuntos Exteriores, Abbas Araghchi, anunci\u00f3 que Ir\u00e1n hab\u00eda permitido el paso por el estrecho de Ormuz a pa\u00edses aliados, entre ellos Rusia, India, Irak, China y Pakist\u00e1n.<\/strong><\/p>\n<\/blockquote>\n\n\n\n<p><strong><a href=\"https:\/\/tass.com\/world\/2109627\" target=\"_blank\" rel=\"noopener\" title=\"\">TASS<\/a>\/gnews.cz<\/strong><\/p>","protected":false},"excerpt":{"rendered":"<p>WASHINGTON - 31 de marzo. Washington a\u00fan no est\u00e1 preparado para anunciar el fin de la operaci\u00f3n militar estadounidense contra Ir\u00e1n ni el cese de los esfuerzos para restablecer la normalidad...<\/p>","protected":false},"author":10,"featured_media":43153,"comment_status":"open","ping_status":"closed","sticky":false,"template":"","format":"standard","meta":{"_acf_changed":false,"_lmt_disableupdate":"","_lmt_disable":"","footnotes":""},"categories":[7,658,1,2973],"tags":[11822,9054,22,496,3710,58,11824,760,12102,49,11823,11789,2252,11788,12103,10,10787,12104,331,2609,17,38,1541,41],"class_list":["post-43152","post","type-post","status-publish","format-standard","has-post-thumbnail","hentry","category-politika","category-prectete-si","category-tema","category-zahranicni","tag-bahrajnu","tag-cbs-news","tag-cina","tag-donald-trump","tag-hormuzsky-pruliv","tag-indie","tag-iraku","tag-iran-3","tag-iransky-ministr-zahranici-abbas-aragcci","tag-izrael","tag-jordansku","tag-kataru","tag-konflikt","tag-kuvajtu","tag-nejvyssi-vudce-ajatollah-ali-chamenei","tag-news","tag-ruska","tag-saudske-arabii","tag-spojene-arabske-emiraty","tag-teheran-2","tag-top","tag-usa","tag-wall-street-journal","tag-world"],"acf":[],"aioseo_notices":[],"_links":{"self":[{"href":"https:\/\/gnews.cz\/es\/wp-json\/wp\/v2\/posts\/43152","targetHints":{"allow":["GET"]}}],"collection":[{"href":"https:\/\/gnews.cz\/es\/wp-json\/wp\/v2\/posts"}],"about":[{"href":"https:\/\/gnews.cz\/es\/wp-json\/wp\/v2\/types\/post"}],"author":[{"embeddable":true,"href":"https:\/\/gnews.cz\/es\/wp-json\/wp\/v2\/users\/10"}],"replies":[{"embeddable":true,"href":"https:\/\/gnews.cz\/es\/wp-json\/wp\/v2\/comments?post=43152"}],"version-history":[{"count":1,"href":"https:\/\/gnews.cz\/es\/wp-json\/wp\/v2\/posts\/43152\/revisions"}],"predecessor-version":[{"id":43154,"href":"https:\/\/gnews.cz\/es\/wp-json\/wp\/v2\/posts\/43152\/revisions\/43154"}],"wp:featuredmedia":[{"embeddable":true,"href":"https:\/\/gnews.cz\/es\/wp-json\/wp\/v2\/media\/43153"}],"wp:attachment":[{"href":"https:\/\/gnews.cz\/es\/wp-json\/wp\/v2\/media?parent=43152"}],"wp:term":[{"taxonomy":"category","embeddable":true,"href":"https:\/\/gnews.cz\/es\/wp-json\/wp\/v2\/categories?post=43152"},{"taxonomy":"post_tag","embeddable":true,"href":"https:\/\/gnews.cz\/es\/wp-json\/wp\/v2\/tags?post=43152"}],"curies":[{"name":"wp","href":"https:\/\/api.w.org\/{rel}","templated":true}]}}