{"id":43155,"date":"2026-03-31T21:00:00","date_gmt":"2026-03-31T19:00:00","guid":{"rendered":"https:\/\/gnews.cz\/?p=43155"},"modified":"2026-03-31T20:36:57","modified_gmt":"2026-03-31T18:36:57","slug":"cesko-slovenske-vladni-zasedani-potvrdilo-posilovani-partnerstvi-obou-zemi","status":"publish","type":"post","link":"https:\/\/gnews.cz\/es\/neprehlednete\/cesko-slovenske-vladni-zasedani-potvrdilo-posilovani-partnerstvi-obou-zemi\/","title":{"rendered":"La reuni\u00f3n del Gobierno checo-eslovaco confirma el refuerzo de la asociaci\u00f3n entre ambos pa\u00edses"},"content":{"rendered":"<p><strong>La novena reuni\u00f3n conjunta de los Gobiernos de la Rep\u00fablica Checa y Eslovaquia tuvo lugar en el castillo de Nov\u00e1 Horka, en Stud\u00e9nka, el martes 31 de marzo de 2026. Los Gabinetes, encabezados por los Primeros Ministros Andrej Babi\u0161 y Robert Fico, debatieron, entre otras cosas, la situaci\u00f3n actual de los precios de los combustibles y el suministro de petr\u00f3leo tras el estallido del conflicto en Oriente Pr\u00f3ximo. Los Primeros Ministros de ambos pa\u00edses firmaron tambi\u00e9n un Memorando de Cooperaci\u00f3n Reforzada entre el Gobierno de la Rep\u00fablica Checa y el Gobierno de la Rep\u00fablica Eslovaca, que refuerza su asociaci\u00f3n en \u00e1mbitos clave.<\/strong><\/p>\n\n\n\n<p>En su discurso de apertura, el Primer Ministro Andrej Babi\u0161 destac\u00f3 la importancia de estas reuniones.&nbsp;<em>\u201eEstoy muy contento de que hayamos podido reunirnos con el Gobierno checo al completo y con el Gobierno eslovaco al completo despu\u00e9s de tres a\u00f1os. Tengo que decir que tuvimos que limitar las intervenciones de los ministros porque hab\u00eda muchos temas. Tenemos mucho que ayudarnos mutuamente y que resolver\u201c.\u201c&nbsp;<\/em>declar\u00f3.&nbsp;<em>\u201eHa sido una gran reuni\u00f3n, de hecho, sin formalidades. Tenemos mucho que decirnos porque simplemente somos los mayores socios comerciales, nuestras empresas invierten en Eslovaquia, las empresas eslovacas invierten en la Rep\u00fablica Checa. Me alegro de que hayamos podido resolver cosas juntos en beneficio de la vida cotidiana de nuestros ciudadanos\u201c.\u201c<\/em>&nbsp;El Primer Ministro Babi\u0161 describi\u00f3 la reuni\u00f3n.<\/p>\n\n\n\n<p>Uno de los temas principales fue la actual crisis energ\u00e9tica. \u201e<em>Creo que la soluci\u00f3n est\u00e1 en la zona de los pa\u00edses V4, Austria y Alemania. Tenemos que seguir luchando para convencer a Alemania en particular de que es mejor limitar los precios de los derechos de emisi\u00f3n del RCDE1 de toda la industria europea que subvencionarla\u201c.\u201c<\/em>&nbsp;dijo el Primer Ministro Babi\u0161.<\/p>\n\n\n\n<p>Seg\u00fan el Primer Ministro checo, los elevados precios de la energ\u00eda son un problema para toda la regi\u00f3n y, dado que la cooperaci\u00f3n entre los Cuatro de Visegrado no funciona por el momento, cada pa\u00eds intenta resolver el problema del combustible por su cuenta.&nbsp;<em>\u201ePor supuesto, queremos que las refiner\u00edas MOL de Bratislava y Hungr\u00eda produzcan al 100%. Esto es importante para toda la regi\u00f3n. He pedido al Primer Ministro Fico que pida a Eslovaquia que ponga fin a la emergencia petrolera, porque por supuesto tambi\u00e9n nos afecta.\u201c<\/em>&nbsp;dijo el Primer Ministro Babi\u0161.<\/p>\n\n\n\n<p>Tras la reuni\u00f3n, los Primeros Ministros de la Rep\u00fablica Eslovaca y la Rep\u00fablica Checa firmaron un Memorando de Cooperaci\u00f3n Reforzada entre el Gobierno de la Rep\u00fablica Checa y el Gobierno de la Rep\u00fablica Eslovaca, que abre una nueva etapa de la asociaci\u00f3n estrat\u00e9gica entre ambos pa\u00edses. El documento confirma el compromiso conjunto de desarrollar la cooperaci\u00f3n en \u00e1mbitos clave que van desde la pol\u00edtica exterior y de seguridad a la econom\u00eda, la energ\u00eda, el transporte y la defensa, pasando por la educaci\u00f3n, la cultura, la sanidad y el medio ambiente. El Memor\u00e1ndum se basa en la proximidad hist\u00f3rica de ambas naciones y refleja la ambici\u00f3n de reforzar conjuntamente la estabilidad, la prosperidad y la seguridad en la regi\u00f3n centroeuropea.<\/p>\n\n\n\n<p>Los dos Primeros Ministros firmaron asimismo un Memor\u00e1ndum de Entendimiento y Cooperaci\u00f3n en el \u00e1mbito de los usos pac\u00edficos de la energ\u00eda nuclear, y el Primer Viceprimer Ministro y Ministro de Industria y Comercio, Karel Havlicek, y la Viceprimera Ministra y Ministra de Econom\u00eda eslovaca, Denisa Sakov\u00e1, firmaron tambi\u00e9n un Acuerdo entre el Ministerio de Industria de la Rep\u00fablica Checa y el Ministerio de Econom\u00eda de la Rep\u00fablica Eslovaca sobre la responsabilidad compartida en materia de almacenamiento de gas en las instalaciones de almacenamiento de gas de Doln\u00ed Bojanovice.<\/p>\n\n\n\n<p>Novena reuni\u00f3n conjunta de los Gobiernos checo y eslovaco. La primera reuni\u00f3n conjunta de los Gobiernos checo y eslovaco tuvo lugar en 2012 en Uhersk\u00e9 Hradi\u0161t\u011b como expresi\u00f3n de las relaciones por encima del est\u00e1ndar entre ambos pa\u00edses. Hasta ahora se han celebrado ocho reuniones conjuntas, la \u00faltima en Tren\u010d\u00edn en 2023.<\/p>\n\n\n\n<p><strong>gnews.cz - GH<\/strong><\/p>","protected":false},"excerpt":{"rendered":"<p>La novena reuni\u00f3n conjunta de los Gobiernos de la Rep\u00fablica Checa y la Rep\u00fablica Eslovaca tuvo lugar en el castillo de Nov\u00e1 Horka, en Stud\u00e9nka, el martes 31 de marzo de 2026....<\/p>","protected":false},"author":6,"featured_media":43156,"comment_status":"open","ping_status":"closed","sticky":false,"template":"","format":"standard","meta":{"_acf_changed":false,"_lmt_disableupdate":"","_lmt_disable":"","footnotes":""},"categories":[2968,3,7,2973],"tags":[5754,1264,5335,12112,6937,8140,357,7012,12113,11362,2711,12106,12105,11921,2421,1950,458,12108,2910,12109,5839,12110,17,12111,583,11248,41,1258],"class_list":["post-43155","post","type-post","status-publish","format-standard","has-post-thumbnail","hentry","category-domaci","category-neprehlednete","category-politika","category-zahranicni","tag-andrej-babis","tag-blizkay-vychod","tag-ceny-paliv","tag-cesko-slovenske-vztahy-2","tag-denisa-sakova","tag-dodavky-ropy","tag-doprava","tag-energeticka-krize","tag-ets1","tag-jaderna-energie","tag-havlicek","tag-memorandum-o-spolupraci","tag-mol-rafinerie","tag-nova-horka","tag-obchod","tag-obrana","tag-robert-fico","tag-ropna-nouze","tag-skolstvi-2","tag-spolecne-zasedani-vlad","tag-strategicke-partnerstvi","tag-studenka","tag-top","tag-uskladnovani-plynu","tag-v4","tag-visegradska-ctyrka","tag-world","tag-zdravotnictvi"],"acf":[],"aioseo_notices":[],"_links":{"self":[{"href":"https:\/\/gnews.cz\/es\/wp-json\/wp\/v2\/posts\/43155","targetHints":{"allow":["GET"]}}],"collection":[{"href":"https:\/\/gnews.cz\/es\/wp-json\/wp\/v2\/posts"}],"about":[{"href":"https:\/\/gnews.cz\/es\/wp-json\/wp\/v2\/types\/post"}],"author":[{"embeddable":true,"href":"https:\/\/gnews.cz\/es\/wp-json\/wp\/v2\/users\/6"}],"replies":[{"embeddable":true,"href":"https:\/\/gnews.cz\/es\/wp-json\/wp\/v2\/comments?post=43155"}],"version-history":[{"count":1,"href":"https:\/\/gnews.cz\/es\/wp-json\/wp\/v2\/posts\/43155\/revisions"}],"predecessor-version":[{"id":43157,"href":"https:\/\/gnews.cz\/es\/wp-json\/wp\/v2\/posts\/43155\/revisions\/43157"}],"wp:featuredmedia":[{"embeddable":true,"href":"https:\/\/gnews.cz\/es\/wp-json\/wp\/v2\/media\/43156"}],"wp:attachment":[{"href":"https:\/\/gnews.cz\/es\/wp-json\/wp\/v2\/media?parent=43155"}],"wp:term":[{"taxonomy":"category","embeddable":true,"href":"https:\/\/gnews.cz\/es\/wp-json\/wp\/v2\/categories?post=43155"},{"taxonomy":"post_tag","embeddable":true,"href":"https:\/\/gnews.cz\/es\/wp-json\/wp\/v2\/tags?post=43155"}],"curies":[{"name":"wp","href":"https:\/\/api.w.org\/{rel}","templated":true}]}}