{"id":43335,"date":"2026-04-01T18:00:00","date_gmt":"2026-04-01T16:00:00","guid":{"rendered":"https:\/\/gnews.cz\/?p=43335"},"modified":"2026-04-01T18:14:26","modified_gmt":"2026-04-01T16:14:26","slug":"britanie-se-odvraci-od-usa-a-hleda-nove-spojenectvi-s-eu","status":"publish","type":"post","link":"https:\/\/gnews.cz\/es\/neprehlednete\/britanie-se-odvraci-od-usa-a-hleda-nove-spojenectvi-s-eu\/","title":{"rendered":"Gran Breta\u00f1a se aleja de EEUU y busca una nueva alianza con la UE"},"content":{"rendered":"<p><strong>El Primer Ministro brit\u00e1nico, Keir Starmer, ha declarado que los intereses nacionales a largo plazo del Reino Unido exigen una asociaci\u00f3n m\u00e1s estrecha con la Uni\u00f3n Europea. En un discurso pronunciado en Downing Street, cit\u00f3 la guerra en Oriente Medio y la cada vez m\u00e1s vol\u00e1til situaci\u00f3n internacional como razones para una cooperaci\u00f3n m\u00e1s ambiciosa con Europa, tanto en defensa como en econom\u00eda, inform\u00f3 The Guardian.<\/strong><\/p>\n\n\n\n<p>Starmer anunci\u00f3 que el Secretario de Estado convocar\u00e1 esta semana una reuni\u00f3n de pa\u00edses aliados para centrarse en el desbloqueo del estrat\u00e9gico estrecho de Ormuz. <em>\u201eDespu\u00e9s de esta reuni\u00f3n, invitaremos a los planificadores militares para ver c\u00f3mo se puede hacer accesible el estrecho cuando acaben los combates. Tengo que ser sincero: no ser\u00e1 f\u00e1cil\u201c.\u201c <\/em>dijo el Primer Ministro.<\/p>\n\n\n\n<blockquote class=\"wp-block-quote is-layout-flow wp-block-quote-is-layout-flow\">\n<p>La se\u00f1al m\u00e1s clara del alejamiento de Washington fue la declaraci\u00f3n de Starmer sobre el futuro de Gran Breta\u00f1a como parte del espacio europeo, justo antes de la pr\u00f3xima cumbre con la UE. <em>\u201eEl Brexit ha da\u00f1ado profundamente nuestra econom\u00eda. Las oportunidades para reforzar la seguridad y reducir el coste de la vida son demasiado grandes para ignorarlas,\u201c <\/em>dijo.<\/p>\n<\/blockquote>\n\n\n\n<p>En la pr\u00f3xima cumbre, el Gobierno brit\u00e1nico quiere ir m\u00e1s all\u00e1 de la mera confirmaci\u00f3n de los compromisos del a\u00f1o pasado. <em>\u201eQueremos ser m\u00e1s ambiciosos: una cooperaci\u00f3n econ\u00f3mica m\u00e1s profunda, una cooperaci\u00f3n en materia de seguridad m\u00e1s profunda, una asociaci\u00f3n que refleje nuestros valores comunes y nuestro futuro com\u00fan\u201c.\u201c<\/em> subray\u00f3 Starmer.<\/p>\n\n\n\n<p>Preguntado por los periodistas sobre si su deteriorada relaci\u00f3n con Donald Trump -que ha criticado repetidamente a Gran Breta\u00f1a y a \u00e9l y est\u00e1 considerando una retirada de Estados Unidos de la OTAN- estaba detr\u00e1s del giro de 180 grados, el primer ministro respondi\u00f3 que estaba actuando \u00fanicamente por el inter\u00e9s nacional de Gran Breta\u00f1a. <em>\u201eSea cual sea la presi\u00f3n o el ruido, seguir\u00e9 lo que sea mejor para Gran Breta\u00f1a\u201c.\u201c<\/em><\/p>\n\n\n\n<blockquote class=\"wp-block-quote is-layout-flow wp-block-quote-is-layout-flow\">\n<p>Starmer tambi\u00e9n se mostr\u00f3 dispuesto a profundizar en la cooperaci\u00f3n dentro del mercado \u00fanico, insistiendo en que ello no contradice los compromisos electorales del Partido Laborista.<\/p>\n<\/blockquote>\n\n\n\n<p>La oposici\u00f3n se mostr\u00f3 dividida. Los conservadores y el movimiento Reform UK criticaron el discurso, y Reform UK calific\u00f3 el acercamiento a la UE de <em>\u201erid\u00edculo\u201c<\/em>. Los dem\u00f3cratas liberales, por su parte, acogieron con satisfacci\u00f3n lo que denominaron <em>\u201euna admisi\u00f3n tard\u00eda de la verdad\u201c<\/em> sobre los costes del Brexit, y pidi\u00f3 al Gobierno que negocie una uni\u00f3n aduanera.<\/p>\n\n\n\n<p><strong>gnews.cz - GH<\/strong><\/p>","protected":false},"excerpt":{"rendered":"<p>El Primer Ministro brit\u00e1nico, Keir Starmer, ha declarado que los intereses nacionales a largo plazo del Reino Unido exigen una asociaci\u00f3n m\u00e1s estrecha con la Uni\u00f3n Europea....<\/p>","protected":false},"author":6,"featured_media":23007,"comment_status":"open","ping_status":"closed","sticky":false,"template":"","format":"standard","meta":{"_acf_changed":false,"_lmt_disableupdate":"","_lmt_disable":"","footnotes":""},"categories":[3,7,2973],"tags":[446,12146,12149,496,4094,12147,12148,1220,56,1950,17,41],"class_list":["post-43335","post","type-post","status-publish","format-standard","has-post-thumbnail","hentry","category-neprehlednete","category-politika","category-zahranicni","tag-brexit","tag-britska-zahranicni-politika","tag-britsko-evropsky-summit","tag-donald-trump","tag-evropska-unie","tag-hormuzska-uzina","tag-jednotny-trh","tag-keir-starmer","tag-nato","tag-obrana","tag-top","tag-world"],"acf":[],"aioseo_notices":[],"_links":{"self":[{"href":"https:\/\/gnews.cz\/es\/wp-json\/wp\/v2\/posts\/43335","targetHints":{"allow":["GET"]}}],"collection":[{"href":"https:\/\/gnews.cz\/es\/wp-json\/wp\/v2\/posts"}],"about":[{"href":"https:\/\/gnews.cz\/es\/wp-json\/wp\/v2\/types\/post"}],"author":[{"embeddable":true,"href":"https:\/\/gnews.cz\/es\/wp-json\/wp\/v2\/users\/6"}],"replies":[{"embeddable":true,"href":"https:\/\/gnews.cz\/es\/wp-json\/wp\/v2\/comments?post=43335"}],"version-history":[{"count":1,"href":"https:\/\/gnews.cz\/es\/wp-json\/wp\/v2\/posts\/43335\/revisions"}],"predecessor-version":[{"id":43338,"href":"https:\/\/gnews.cz\/es\/wp-json\/wp\/v2\/posts\/43335\/revisions\/43338"}],"wp:featuredmedia":[{"embeddable":true,"href":"https:\/\/gnews.cz\/es\/wp-json\/wp\/v2\/media\/23007"}],"wp:attachment":[{"href":"https:\/\/gnews.cz\/es\/wp-json\/wp\/v2\/media?parent=43335"}],"wp:term":[{"taxonomy":"category","embeddable":true,"href":"https:\/\/gnews.cz\/es\/wp-json\/wp\/v2\/categories?post=43335"},{"taxonomy":"post_tag","embeddable":true,"href":"https:\/\/gnews.cz\/es\/wp-json\/wp\/v2\/tags?post=43335"}],"curies":[{"name":"wp","href":"https:\/\/api.w.org\/{rel}","templated":true}]}}