{"id":43349,"date":"2026-04-02T07:00:00","date_gmt":"2026-04-02T05:00:00","guid":{"rendered":"https:\/\/gnews.cz\/?p=43349"},"modified":"2026-04-27T14:07:10","modified_gmt":"2026-04-27T12:07:10","slug":"andrej-babis-rozdrtil-lhare-z-ceskych-medii-petr-holec-se-ostre-vymezil-proti-fialove-nutellovemu-trapasu-ponizeni-petra-pavla-a-populisticka-pomsta-petr-holec-zive-267-1-4-20","status":"publish","type":"post","link":"https:\/\/gnews.cz\/es\/neprehlednete\/andrej-babis-rozdrtil-lhare-z-ceskych-medii-petr-holec-se-ostre-vymezil-proti-fialove-nutellovemu-trapasu-ponizeni-petra-pavla-a-populisticka-pomsta-petr-holec-zive-267-1-4-20\/","title":{"rendered":"Andrej Babi\u0161 aplast\u00f3 a los mentirosos de los medios checos: Petr Holec se opone duramente al bochorno de \u201eNutella\u201c de Fiala, a la humillaci\u00f3n de Petr Pavel y a la venganza populista (Petr Holec en directo #267)"},"content":{"rendered":"<p><strong>En un v\u00eddeo duramente cr\u00edtico del canal de YouTube Xaver Live, el comentarista checo Petr Holec celebra el triunfo electoral de Andrej Babi\u0161 sobre los \u201ementirosos de los medios de comunicaci\u00f3n\u201c, se burla del ex Primer Ministro Petr Fiala llam\u00e1ndole \u201eProfesor Nutella\u201c y elogia al Ministro de Asuntos Exteriores Petr Macinka por la forma en que vapule\u00f3 al Presidente Petr Pavel. Este en\u00e9rgico episodio 267 expone esc\u00e1ndalos de combustible, emisiones sesgadas y furia populista: por qu\u00e9 la guerra medi\u00e1tica en la Rep\u00fablica Checa se\u00f1ala una reacci\u00f3n global contra la manipulaci\u00f3n de las \u00e9lites.<\/strong><\/p>\n\n\n\n<p>En el apasionante mundo de la pol\u00edtica checa, donde los multimillonarios se baten en duelo con los bur\u00f3cratas y los v\u00eddeos virales derrocan tiranos, el \u00faltimo v\u00eddeo <strong>Petra Holce<\/strong> en YouTube (n\u00ba 267, 1 de abril de 2026) con un polvor\u00edn de sarcasmo, regodeo y bombas de verdad sin adulterar. En una emisi\u00f3n en directo de m\u00e1s de una hora, Holec -un radical de derechas de lengua afilada- analiza el cambio fundamental que se produjo despu\u00e9s de que el partido ANO de Andrej Babi\u0161 volviera al poder al final de las elecciones de 2025, poniendo fin a los cuatro a\u00f1os de gobierno de la coalici\u00f3n de centro-derecha de Petr Fiala. Para los espectadores, este drama es una clase magistral de venganza populista: Babi\u0161 \u201eliquid\u00f3 a los mentirosos de los medios de comunicaci\u00f3n\u201c, Macinka humill\u00f3 al c\u00edrculo \u00edntimo de Pavlo, y el \u201eprofesor Nutella\u201c comenz\u00f3 su esperado \u201etratamiento\u201c: el rid\u00edculo p\u00fablico como terapia.<\/p>\n\n\n\n<p>La tesis de Holtz es cristalina y contagiosamente en\u00e9rgica: El \u201er\u00e9gimen\u201c saliente de Fiala fue un espect\u00e1culo de censura, inflaci\u00f3n y complicidad medi\u00e1tica que desperdici\u00f3 un mill\u00f3n de votos, mientras que la coalici\u00f3n de Babi\u0161 obtuvo la mayor\u00eda electoral. Ahora, con Babi\u0161 al tim\u00f3n, ha llegado el momento de vengarse del \u201efrente nacional de medios de comunicaci\u00f3n\u201c de Praga -la televisi\u00f3n p\u00fablica checa (CT), Seznam Zpr\u00e1vy y Novinky.cz-, que lleva a\u00f1os difundiendo mentiras.<\/p>\n\n\n\n<figure class=\"wp-block-image size-large\"><img fetchpriority=\"high\" decoding=\"async\" width=\"1024\" height=\"574\" src=\"https:\/\/gnews.cz\/wp-content\/uploads\/2026\/04\/holec5-1024x574.webp\" alt=\"\" class=\"wp-image-43352\" srcset=\"https:\/\/gnews.cz\/wp-content\/uploads\/2026\/04\/holec5-1024x574.webp 1024w, https:\/\/gnews.cz\/wp-content\/uploads\/2026\/04\/holec5-300x168.webp 300w, https:\/\/gnews.cz\/wp-content\/uploads\/2026\/04\/holec5-768x431.webp 768w, https:\/\/gnews.cz\/wp-content\/uploads\/2026\/04\/holec5-18x10.webp 18w, https:\/\/gnews.cz\/wp-content\/uploads\/2026\/04\/holec5-1170x656.webp 1170w, https:\/\/gnews.cz\/wp-content\/uploads\/2026\/04\/holec5-585x328.webp 585w, https:\/\/gnews.cz\/wp-content\/uploads\/2026\/04\/holec5.webp 1500w\" sizes=\"(max-width: 1024px) 100vw, 1024px\" \/><\/figure>\n\n\n\n<p>Los fuegos artificiales comienzan recordando el \u201elegendario\u201c v\u00eddeo de Fiala sobre la Nutella, un fiasco viral en el que el ex primer ministro con gafas se filma a s\u00ed mismo como el \u201einspector Clouseau\u201c en una gasolinera de Babi\u0161 y critica los \u201eprecios ladrones\u201c. La realidad es: los precios eran medios o m\u00e1s bajos. Holec estalla en carcajadas: \u201ePetr Fiala ya est\u00e1 en tal fase de locura... va a la gasolinera de Andrej Babi\u0161 en Pr\u016fhonice y \u00bfdescubre qu\u00e9? Que Andrej Babi\u0161 vende gasolina a un precio normal\u201c. Holec mostr\u00f3 al p\u00fablico una foto de Fiala en una gasolinera con un panecillo, un bote de Nutella y un cuchillo, con un divertido comentario: \u201eTodav\u00eda me falta ketchup\u201c. El diputado del ODS Martin Cvr\u010dek dio en el clavo: \u201eQue se calle Fiala... s\u00edndrome total de V\u00e1clav Klaus\u201c. Holec llama a Fiala el \u201esepulturero\u201c del ODS. Se refiere a su retroceso capilar y a su transformaci\u00f3n en Petra Fiala 3.0, una met\u00e1fora visual de su rango pol\u00edtico (aterrizaje forzoso).<\/p>\n\n\n\n<figure class=\"wp-block-image size-large\"><img decoding=\"async\" width=\"1024\" height=\"574\" src=\"https:\/\/gnews.cz\/wp-content\/uploads\/2026\/04\/holec4nutellier-1024x574.webp\" alt=\"\" class=\"wp-image-43351\" srcset=\"https:\/\/gnews.cz\/wp-content\/uploads\/2026\/04\/holec4nutellier-1024x574.webp 1024w, https:\/\/gnews.cz\/wp-content\/uploads\/2026\/04\/holec4nutellier-300x168.webp 300w, https:\/\/gnews.cz\/wp-content\/uploads\/2026\/04\/holec4nutellier-768x431.webp 768w, https:\/\/gnews.cz\/wp-content\/uploads\/2026\/04\/holec4nutellier-18x10.webp 18w, https:\/\/gnews.cz\/wp-content\/uploads\/2026\/04\/holec4nutellier-1170x656.webp 1170w, https:\/\/gnews.cz\/wp-content\/uploads\/2026\/04\/holec4nutellier-585x328.webp 585w, https:\/\/gnews.cz\/wp-content\/uploads\/2026\/04\/holec4nutellier.webp 1500w\" sizes=\"(max-width: 1024px) 100vw, 1024px\" \/><\/figure>\n\n\n\n<p>Los precios de los carburantes roban la atenci\u00f3n y mezclan econom\u00eda con indignaci\u00f3n. Los datos de la UE del economista Luk\u00e1\u0161 Kovanda revelan que el precio del gas\u00f3leo en la Rep\u00fablica Checa ha subido 26 % en medio de las tensiones del Golfo, empeque\u00f1eciendo el aumento de 4% en Eslovaquia o el de 1-2 % en Croacia, la \u201etierra checa\u201c. La culpa es de los distribuidores; la amenaza de Babi\u0161 de reducir los m\u00e1rgenes hizo bajar los precios de las autopistas de la noche a la ma\u00f1ana. Holec critica el legado inflacionista de 40% de Fial: \u201e50 CZK hoy \u2260 50 CZK en 2022\u201c. \u00bfFantasmas medi\u00e1ticos? \u201e\u00bfD\u00f3nde est\u00e1n nuestros medios?\u201c Se avecinan paralelismos con Zelensky: los futuros del petr\u00f3leo a 80 $\/bbl para 2027 se\u00f1alan el fin de la guerra cuando EEUU suspende la ayuda y Hungr\u00eda bloquea los pr\u00e9stamos de la UE por sus disputas con Orban. Holec se burla del sueldo de 14.000 d\u00f3lares de Zelensky: \u201eAh, por eso va siempre en ch\u00e1ndal'<a>...<\/a>\"<\/p>\n\n\n\n<figure class=\"wp-block-image size-large\"><img decoding=\"async\" width=\"1024\" height=\"575\" src=\"https:\/\/gnews.cz\/wp-content\/uploads\/2026\/04\/holec1-1024x575.webp\" alt=\"\" class=\"wp-image-43353\" srcset=\"https:\/\/gnews.cz\/wp-content\/uploads\/2026\/04\/holec1-1024x575.webp 1024w, https:\/\/gnews.cz\/wp-content\/uploads\/2026\/04\/holec1-300x168.webp 300w, https:\/\/gnews.cz\/wp-content\/uploads\/2026\/04\/holec1-768x431.webp 768w, https:\/\/gnews.cz\/wp-content\/uploads\/2026\/04\/holec1-18x10.webp 18w, https:\/\/gnews.cz\/wp-content\/uploads\/2026\/04\/holec1-1170x657.webp 1170w, https:\/\/gnews.cz\/wp-content\/uploads\/2026\/04\/holec1-585x328.webp 585w, https:\/\/gnews.cz\/wp-content\/uploads\/2026\/04\/holec1.webp 1500w\" sizes=\"(max-width: 1024px) 100vw, 1024px\" \/><\/figure>\n\n\n\n<p>El Presidente Peter Paul no lo est\u00e1 haciendo mejor. Holec se regodea en el g\u00e9lido reproche del ministro de Asuntos Exteriores, Petr Macinka: \u201eLas opiniones del presidente son irrelevantes... La pol\u00edtica exterior la determina el gobierno\u201c. Esta \u201evenganza\u201c por la negativa de Pavlov a nombrar a Filip Turk se produce tras la filtraci\u00f3n de una grabaci\u00f3n de una conversaci\u00f3n entre Hungr\u00eda y Rusia, en la que el ministro de Exteriores Szijj\u00e1rt\u00f3 critica el pasado de Pavlov: \u201eNo tiene nada que ver con su pasado\u201c. Los proyectos de ley de la coalici\u00f3n limitan los poderes de Pavlov para nombrar embajadores, dejando al descubierto la hipocres\u00eda de los expertos: \u201eSi no ha nombrado... no acreditar\u00e1\u201c.<\/p>\n\n\n\n<figure class=\"wp-block-image size-large\"><img loading=\"lazy\" decoding=\"async\" width=\"1024\" height=\"574\" src=\"https:\/\/gnews.cz\/wp-content\/uploads\/2026\/04\/holec2-1024x574.webp\" alt=\"\" class=\"wp-image-43354\" srcset=\"https:\/\/gnews.cz\/wp-content\/uploads\/2026\/04\/holec2-1024x574.webp 1024w, https:\/\/gnews.cz\/wp-content\/uploads\/2026\/04\/holec2-300x168.webp 300w, https:\/\/gnews.cz\/wp-content\/uploads\/2026\/04\/holec2-768x431.webp 768w, https:\/\/gnews.cz\/wp-content\/uploads\/2026\/04\/holec2-18x10.webp 18w, https:\/\/gnews.cz\/wp-content\/uploads\/2026\/04\/holec2-1170x656.webp 1170w, https:\/\/gnews.cz\/wp-content\/uploads\/2026\/04\/holec2-585x328.webp 585w, https:\/\/gnews.cz\/wp-content\/uploads\/2026\/04\/holec2.webp 1500w\" sizes=\"(max-width: 1024px) 100vw, 1024px\" \/><\/figure>\n\n\n\n<p>La Televisi\u00f3n Checa se est\u00e1 convirtiendo en el enemigo p\u00fablico n\u00ba 1: un \u201ecriadero\u201c de ide\u00f3logos como Daniel Tak\u00e1\u010d (\u201eel inquisidor\u201c), Lubo\u0161 Seda, \u201eel llor\u00f3n Vasek el roedor\u201c, Jan Mol\u00e1\u010dek y Tom\u00e1\u0161 Etzler (\u201eel demonio y el diablo\u201c). Holec insta a su abolici\u00f3n: \u201eCerremos la Televisi\u00f3n Checa, nos ayudaremos mucho... ahorraremos 7.000 millones\u201c. \u00bfEl modelo del Primer Ministro eslovaco, Robert Fico? Rechazar los premios a los activistas; privatizar \u201econ tu propio dinero\u201c. Los clips virales se intensifican: Petr Pavel ignorado en las gasolineras \u201ecomo una estaca en la valla\u201c; un tipo del servicio secreto ansioso de admiraci\u00f3n en medio del silencio.<\/p>\n\n\n\n<figure class=\"wp-block-image size-large\"><img loading=\"lazy\" decoding=\"async\" width=\"1024\" height=\"574\" src=\"https:\/\/gnews.cz\/wp-content\/uploads\/2026\/04\/holec3-1024x574.webp\" alt=\"\" class=\"wp-image-43355\" srcset=\"https:\/\/gnews.cz\/wp-content\/uploads\/2026\/04\/holec3-1024x574.webp 1024w, https:\/\/gnews.cz\/wp-content\/uploads\/2026\/04\/holec3-300x168.webp 300w, https:\/\/gnews.cz\/wp-content\/uploads\/2026\/04\/holec3-768x431.webp 768w, https:\/\/gnews.cz\/wp-content\/uploads\/2026\/04\/holec3-18x10.webp 18w, https:\/\/gnews.cz\/wp-content\/uploads\/2026\/04\/holec3-1170x656.webp 1170w, https:\/\/gnews.cz\/wp-content\/uploads\/2026\/04\/holec3-585x328.webp 585w, https:\/\/gnews.cz\/wp-content\/uploads\/2026\/04\/holec3.webp 1500w\" sizes=\"(max-width: 1024px) 100vw, 1024px\" \/><\/figure>\n\n\n\n<p>El flujo de Holtz se nutre de la interactividad: las rimas pascuales se burlan de los \u201emomentos\u201c de la oposici\u00f3n en las carpas. El formato sin invitados palpita con el carisma de Holc: risas con una parodia de Fiala (\u201eSomos Petr Fiala... luchando por la Biblia\u201c). Otras palabras golpean al \u201epar\u00e1sito Kupka\u201c de STAN, los delirios de ODS sobre las \u201ezapatillas blancas\u201c y el esc\u00e1ndalo de los dos\u00edmetros de un austriaco. \u00bfOTAN? La Rep\u00fablica Checa cumple 2 % PIB, a diferencia de los rezagados. \u00bfEl Pacto Verde de la UE? \u201eSupera incluso a los comunistas\u201c (peor que los comunistas). Holec predice el declive de los grandes medios: \u201ePerder\u00e1n espectadores... se pasar\u00e1n a nosotros\u201c. La confianza en los medios disminuye (la Rep\u00fablica Checa refleja las encuestas mundiales en ~30 %), las \u00e9lites se enfrentan a revueltas de votantes (ecos de Trump) y reina la responsabilidad. Las cartas abiertas de Babi\u0161 revelan retrocesos: como las amables peticiones de banderas presentadas como \u201e\u00f3rdenes\u201c. \u201eQue siga haci\u00e9ndolo... est\u00e1 condenando al frente medi\u00e1tico nacional de Praga por mentir\u201c.<\/p>\n\n\n\n<p>Como dice Holec al final - \u201eGracias por todo... Que tengan mucha suerte\u201c-, el episodio 267 no es s\u00f3lo un comentario; es un grito de guerra. En la vol\u00e1til situaci\u00f3n de 2026, advierte a los medios de comunicaci\u00f3n de la Rep\u00fablica Checa: <strong>Miente demasiado y la gente levantar\u00e1 sus propias banderas. <\/strong>Mira esto: pura adrenalina para los entusiastas de la pol\u00edtica.<\/p>\n\n\n\n<p><strong>gnews.cz - GH<\/strong><\/p>\n\n\n\n<p><\/p>\n\n\n\n<p>Puede ver el v\u00eddeo completo aqu\u00ed: <a href=\"https:\/\/www.youtube.com\/live\/fwvOb5xEbS0?si=DICSKmTArG5i3xoW\"><strong>https:\/\/www.youtube.com\/live\/fwvOb5xEbS0?si=DICSKmTArG5i3xoW<\/strong><\/a><\/p>\n\n\n\n<figure class=\"wp-block-image size-large\"><a href=\"https:\/\/www.youtube.com\/live\/fwvOb5xEbS0?si=DICSKmTArG5i3xoW\" target=\"_blank\" rel=\" noreferrer noopener\"><img loading=\"lazy\" decoding=\"async\" width=\"1024\" height=\"573\" src=\"https:\/\/gnews.cz\/wp-content\/uploads\/2026\/04\/holec0-1024x573.webp\" alt=\"\" class=\"wp-image-43356\" srcset=\"https:\/\/gnews.cz\/wp-content\/uploads\/2026\/04\/holec0-1024x573.webp 1024w, https:\/\/gnews.cz\/wp-content\/uploads\/2026\/04\/holec0-300x168.webp 300w, https:\/\/gnews.cz\/wp-content\/uploads\/2026\/04\/holec0-768x430.webp 768w, https:\/\/gnews.cz\/wp-content\/uploads\/2026\/04\/holec0-18x10.webp 18w, https:\/\/gnews.cz\/wp-content\/uploads\/2026\/04\/holec0-1170x654.webp 1170w, https:\/\/gnews.cz\/wp-content\/uploads\/2026\/04\/holec0-585x327.webp 585w, https:\/\/gnews.cz\/wp-content\/uploads\/2026\/04\/holec0.webp 1500w\" sizes=\"(max-width: 1024px) 100vw, 1024px\" \/><\/a><\/figure>\n\n\n\n<p><\/p>","protected":false},"excerpt":{"rendered":"<p>En un v\u00eddeo muy cr\u00edtico publicado en el canal de YouTube Xaver Live, el maestro comentarista checo Petr Holec celebra el triunfo electoral de Andrej Babi\u0161 sobre los \u201ementirosos de los medios\u201c,...<\/p>","protected":false},"author":3,"featured_media":43350,"comment_status":"open","ping_status":"closed","sticky":false,"template":"","format":"standard","meta":{"_acf_changed":false,"_lmt_disableupdate":"","_lmt_disable":"","footnotes":""},"categories":[2968,3,7,658],"tags":[12154,12159,45,6807,12162,46,12157,3071,12160,12161,12164,12163,12155,12156,12158,419,12151,1145,151,44,71,458,12165,17,12152],"class_list":["post-43349","post","type-post","status-publish","format-standard","has-post-thumbnail","hentry","category-domaci","category-neprehlednete","category-politika","category-prectete-si","tag-babisova-vlada","tag-ceny-nafty","tag-cr","tag-ceska-televize","tag-daniel-takac","tag-eu","tag-fialuv-rezim","tag-green-deal","tag-ideologove","tag-inkvizitor","tag-jan-molacek","tag-lubos-seda","tag-media-siri-lzi","tag-narodni-medialni-fronta","tag-nutella","tag-petr-fiala","tag-petr-holec","tag-petr-macinka","tag-petr-pavel","tag-politika","tag-prezident","tag-robert-fico","tag-tomas-etzler","tag-top","tag-xaver-live"],"acf":[],"aioseo_notices":[],"_links":{"self":[{"href":"https:\/\/gnews.cz\/es\/wp-json\/wp\/v2\/posts\/43349","targetHints":{"allow":["GET"]}}],"collection":[{"href":"https:\/\/gnews.cz\/es\/wp-json\/wp\/v2\/posts"}],"about":[{"href":"https:\/\/gnews.cz\/es\/wp-json\/wp\/v2\/types\/post"}],"author":[{"embeddable":true,"href":"https:\/\/gnews.cz\/es\/wp-json\/wp\/v2\/users\/3"}],"replies":[{"embeddable":true,"href":"https:\/\/gnews.cz\/es\/wp-json\/wp\/v2\/comments?post=43349"}],"version-history":[{"count":5,"href":"https:\/\/gnews.cz\/es\/wp-json\/wp\/v2\/posts\/43349\/revisions"}],"predecessor-version":[{"id":43377,"href":"https:\/\/gnews.cz\/es\/wp-json\/wp\/v2\/posts\/43349\/revisions\/43377"}],"wp:featuredmedia":[{"embeddable":true,"href":"https:\/\/gnews.cz\/es\/wp-json\/wp\/v2\/media\/43350"}],"wp:attachment":[{"href":"https:\/\/gnews.cz\/es\/wp-json\/wp\/v2\/media?parent=43349"}],"wp:term":[{"taxonomy":"category","embeddable":true,"href":"https:\/\/gnews.cz\/es\/wp-json\/wp\/v2\/categories?post=43349"},{"taxonomy":"post_tag","embeddable":true,"href":"https:\/\/gnews.cz\/es\/wp-json\/wp\/v2\/tags?post=43349"}],"curies":[{"name":"wp","href":"https:\/\/api.w.org\/{rel}","templated":true}]}}