{"id":43464,"date":"2026-04-02T16:24:03","date_gmt":"2026-04-02T14:24:03","guid":{"rendered":"https:\/\/gnews.cz\/?p=43464"},"modified":"2026-04-03T16:54:03","modified_gmt":"2026-04-03T14:54:03","slug":"velvyslanec-feng-biao-cina-chce-s-ceskem-dal-rozvijet-pragmatickou-spolupraci","status":"publish","type":"post","link":"https:\/\/gnews.cz\/es\/ekonomika\/velvyslanec-feng-biao-cina-chce-s-ceskem-dal-rozvijet-pragmatickou-spolupraci\/","title":{"rendered":"Embajador Feng Biao: China quiere seguir desarrollando una cooperaci\u00f3n pragm\u00e1tica con la Rep\u00fablica Checa"},"content":{"rendered":"<p id=\"wnd_TextBlock_30581775226309573438_inner_0\"><strong>En su discurso, S.E. Feng Biao, Embajador Extraordinario y Plenipotenciario de la Rep\u00fablica Popular China en la Rep\u00fablica Checa, subray\u00f3 que las dos sesiones de este a\u00f1o y el comienzo del periodo del XV Plan Quinquenal env\u00edan una clara se\u00f1al sobre la futura direcci\u00f3n de China y su voluntad de compartir oportunidades con el mundo. Afirm\u00f3 que China seguir\u00e1 luchando por la estabilidad, la apertura y el desarrollo de alta calidad\u201e.\u201e<em>Estas reuniones no s\u00f3lo marcan el rumbo del futuro desarrollo de China, sino que tambi\u00e9n env\u00edan una clara se\u00f1al de nuestra voluntad de compartir oportunidades y desarrollarnos junto con el mundo\u201c.\u201c <\/em>dijo.<\/strong><\/p>\n\n\n\n<p id=\"wnd_TextBlock_30581775226309573438_inner_1\">El Embajador tambi\u00e9n record\u00f3 que China quiere seguir siendo uno de los principales motores de la econom\u00eda mundial. Habl\u00f3 de una mayor apertura de los mercados, de apoyo a la innovaci\u00f3n tecnol\u00f3gica y de cooperaci\u00f3n en telecomunicaciones, biotecnolog\u00eda, sector digital y econom\u00eda baja en carbono. <em>\u201eChina seguir\u00e1 siendo un importante motor de la econom\u00eda mundial\u201c.\u201c<\/em> dijo. Al mismo tiempo, subray\u00f3 que Pek\u00edn quiere compartir los beneficios de su vasto mercado y las oportunidades asociadas a las nuevas tecnolog\u00edas.<\/p>\n\n\n\n<p id=\"wnd_TextBlock_30581775226309573438_inner_2\">Tambi\u00e9n dedic\u00f3 una parte importante de su discurso a las relaciones con Europa. Seg\u00fan \u00e9l, China considera a Europa un socio clave en su modernizaci\u00f3n y desea desarrollar relaciones basadas en los intereses comunes y el beneficio mutuo. <em>\u201eChina siempre considerar\u00e1 a Europa un socio importante y abrir\u00e1 sus brazos para compartir oportunidades y desarrollarnos juntos\u201c.\u201c <\/em>afirm\u00f3. Tambi\u00e9n record\u00f3 el creciente comercio entre China y Europa, as\u00ed como el mayor movimiento de turistas y los nuevos acuerdos de cooperaci\u00f3n.<\/p>\n\n\n\n<p id=\"wnd_TextBlock_30581775226309573438_inner_3\">Por otra parte, tambi\u00e9n se centr\u00f3 en las relaciones checo-chinas, que, en su opini\u00f3n, tienen una base muy buena para seguir desarroll\u00e1ndose. Record\u00f3 que en los \u00faltimos diez a\u00f1os el volumen de comercio entre China y la Rep\u00fablica Checa ha aumentado m\u00e1s de un 125% y que China es sistem\u00e1ticamente el mayor socio comercial de la Rep\u00fablica Checa fuera de la Uni\u00f3n Europea. <em>\u201eAmbos pa\u00edses pueden vincular mejor sus fortalezas econ\u00f3micas y aprovechar nuevas oportunidades para profundizar en la cooperaci\u00f3n comercial y de inversi\u00f3n\u201c.\u201c<\/em> dijo. Mencion\u00f3 la transformaci\u00f3n energ\u00e9tica, las infraestructuras y la econom\u00eda con bajas emisiones de carbono como \u00e1reas prometedoras.<\/p>\n\n\n\n<p id=\"wnd_TextBlock_30581775226309573438_inner_4\">Para concluir, Feng Biao afirm\u00f3 que la parte china est\u00e1 dispuesta a seguir reforzando la cooperaci\u00f3n pragm\u00e1tica en todos los \u00e1mbitos. Tambi\u00e9n record\u00f3 el pr\u00f3ximo d\u00e9cimo aniversario de la asociaci\u00f3n estrat\u00e9gica entre China y la Rep\u00fablica Checa. <em>\u201eLa parte china est\u00e1 dispuesta, junto con la checa, a seguir reforzando la cooperaci\u00f3n pragm\u00e1tica en todos los \u00e1mbitos\u201c.\u201c<\/em> Y a\u00f1adi\u00f3.<\/p>\n\n\n\n<p id=\"wnd_TextBlock_30581775226309573438_inner_5\"><a href=\"https:\/\/ksc4.cms.webnode.cz\/l\/velvyslanec-feng-biao-cina-chce-s-ceskem-dal-rozvijet-pragmatickou-spolupraci\/#\"><strong>CMG<\/strong><\/a><\/p>","protected":false},"excerpt":{"rendered":"<p>S.E. Feng Biao, Embajador Extraordinario y Plenipotenciario de la Rep\u00fablica Popular China en la Rep\u00fablica Checa, destac\u00f3 en su discurso que los dos...<\/p>","protected":false},"author":6,"featured_media":43466,"comment_status":"open","ping_status":"closed","sticky":false,"template":"","format":"video","meta":{"_acf_changed":false,"_lmt_disableupdate":"","_lmt_disable":"","footnotes":""},"categories":[2968,4,550,2973],"tags":[9147,8035,22,18,219],"class_list":["post-43464","post","type-post","status-publish","format-video","has-post-thumbnail","hentry","category-domaci","category-ekonomika","category-videa","category-zahranicni","tag-15-petiletka","tag-cesko-cinske-vztahy-2","tag-cina","tag-cmg","tag-technologie","post_format-post-format-video"],"acf":[],"aioseo_notices":[],"_links":{"self":[{"href":"https:\/\/gnews.cz\/es\/wp-json\/wp\/v2\/posts\/43464","targetHints":{"allow":["GET"]}}],"collection":[{"href":"https:\/\/gnews.cz\/es\/wp-json\/wp\/v2\/posts"}],"about":[{"href":"https:\/\/gnews.cz\/es\/wp-json\/wp\/v2\/types\/post"}],"author":[{"embeddable":true,"href":"https:\/\/gnews.cz\/es\/wp-json\/wp\/v2\/users\/6"}],"replies":[{"embeddable":true,"href":"https:\/\/gnews.cz\/es\/wp-json\/wp\/v2\/comments?post=43464"}],"version-history":[{"count":1,"href":"https:\/\/gnews.cz\/es\/wp-json\/wp\/v2\/posts\/43464\/revisions"}],"predecessor-version":[{"id":43465,"href":"https:\/\/gnews.cz\/es\/wp-json\/wp\/v2\/posts\/43464\/revisions\/43465"}],"wp:featuredmedia":[{"embeddable":true,"href":"https:\/\/gnews.cz\/es\/wp-json\/wp\/v2\/media\/43466"}],"wp:attachment":[{"href":"https:\/\/gnews.cz\/es\/wp-json\/wp\/v2\/media?parent=43464"}],"wp:term":[{"taxonomy":"category","embeddable":true,"href":"https:\/\/gnews.cz\/es\/wp-json\/wp\/v2\/categories?post=43464"},{"taxonomy":"post_tag","embeddable":true,"href":"https:\/\/gnews.cz\/es\/wp-json\/wp\/v2\/tags?post=43464"}],"curies":[{"name":"wp","href":"https:\/\/api.w.org\/{rel}","templated":true}]}}