{"id":43475,"date":"2026-03-30T17:19:52","date_gmt":"2026-03-30T15:19:52","guid":{"rendered":"https:\/\/gnews.cz\/?p=43475"},"modified":"2026-04-03T17:31:26","modified_gmt":"2026-04-03T15:31:26","slug":"xi-jinping-vyzyva-k-mobilizaci-cele-spolecnosti-pro-vysadbu-stromu","status":"publish","type":"post","link":"https:\/\/gnews.cz\/es\/neprehlednete\/xi-jinping-vyzyva-k-mobilizaci-cele-spolecnosti-pro-vysadbu-stromu\/","title":{"rendered":"Xi Jinping pide la movilizaci\u00f3n de toda la sociedad para plantar \u00e1rboles"},"content":{"rendered":"<p id=\"wnd_TextBlock_4571775229682269630_inner_0\"><strong>El Presidente chino, Xi Jinping, hizo el lunes un llamamiento a la movilizaci\u00f3n de toda la sociedad para que participe activamente en la reforestaci\u00f3n, subrayando que un entorno ecol\u00f3gico de calidad pertenece a todos y requiere esfuerzos conjuntos.<\/strong><\/p>\n\n\n\n<p id=\"wnd_TextBlock_4571775229682269630_inner_1\">Xi, que tambi\u00e9n es secretario general del Comit\u00e9 Central del Partido Comunista de China y presidente de la Comisi\u00f3n Militar Central, hizo estas declaraciones en una plantaci\u00f3n voluntaria de \u00e1rboles en Pek\u00edn.<\/p>\n\n\n\n<p id=\"wnd_TextBlock_4571775229682269630_inner_2\">Por la ma\u00f1ana, lleg\u00f3 al lugar de plantaci\u00f3n de \u00e1rboles en el condado de Changping junto con otros dirigentes del Partido y del Estado, entre ellos Li Qiang, Zhao Leji, Wang Huning, Cai Qi, Ding Xuexiang y Li Xi. Xi salud\u00f3 a los reunidos y, a continuaci\u00f3n, tom\u00f3 una pala para realizar un ejercicio de plantaci\u00f3n en el que plant\u00f3 plantones de diversos tipos de \u00e1rboles.<\/p>\n\n\n\n<p id=\"wnd_TextBlock_4571775229682269630_inner_3\">Durante la plantaci\u00f3n, pregunt\u00f3 a los ni\u00f1os por sus estudios, su vida cotidiana, su participaci\u00f3n en el trabajo y el deporte y su implicaci\u00f3n en la plantaci\u00f3n de \u00e1rboles. Destac\u00f3 la importancia de fijarse grandes metas a una edad temprana, desarrollar el amor por la educaci\u00f3n, el trabajo y la naturaleza, y esforzarse por convertirse en pilares de la sociedad.<\/p>\n\n\n\n<p id=\"wnd_TextBlock_4571775229682269630_inner_4\">Xi tambi\u00e9n mantuvo conversaciones con funcionarios y p\u00fablico en el lugar. Se\u00f1al\u00f3 que China ha experimentado un aumento constante de la superficie forestal y la oferta maderera y una reducci\u00f3n continuada de las zonas des\u00e9rticas y arenosas, lo que la convierte en el pa\u00eds con el mayor y m\u00e1s r\u00e1pido incremento de espacios verdes del mundo.<\/p>\n\n\n\n<p id=\"wnd_TextBlock_4571775229682269630_inner_5\">Xi elogi\u00f3 la adopci\u00f3n en marzo del C\u00f3digo Ecol\u00f3gico y Medioambiental, que, seg\u00fan dijo, refuerza la base legal para construir una \u201eChina bella\u201c.<\/p>\n\n\n\n<p id=\"wnd_TextBlock_4571775229682269630_inner_6\">Xi afirm\u00f3 que la reforestaci\u00f3n es una tarea clave en la construcci\u00f3n de una China Bella, por lo que pidi\u00f3 esfuerzos persistentes y s\u00f3lidos para continuar con esta iniciativa.<\/p>\n\n\n\n<p id=\"wnd_TextBlock_4571775229682269630_inner_7\">Este a\u00f1o se cumple el primer a\u00f1o de aplicaci\u00f3n del XV Plan Quinquenal (2026-2030) y el 45 aniversario de la campa\u00f1a nacional de plantaci\u00f3n voluntaria de \u00e1rboles, record\u00f3 Xi.<\/p>\n\n\n\n<p id=\"wnd_TextBlock_4571775229682269630_inner_8\">Seg\u00fan \u00e9l, las nuevas condiciones para la forestaci\u00f3n deben hacer m\u00e1s hincapi\u00e9 en la mejora de la calidad, el desarrollo de los sectores relacionados y la aportaci\u00f3n de beneficios a la poblaci\u00f3n. Tambi\u00e9n subray\u00f3 la importancia de ofrecer oportunidades para aprovechar el valor de los productos org\u00e1nicos y el desarrollo coordinado de espacios verdes en zonas urbanas y rurales.<\/p>\n\n\n\n<p id=\"wnd_TextBlock_4571775229682269630_inner_9\"><strong><a href=\"https:\/\/news.cgtn.com\/news\/2026-03-30\/Xi-Jinping-urges-mobilizing-whole-society-in-tree-planting-efforts-1LW46plv3WM\/p.html\" target=\"_blank\" rel=\"noreferrer noopener\">CMG<\/a><\/strong><\/p>","protected":false},"excerpt":{"rendered":"<p>El Presidente chino, Xi Jinping, llam\u00f3 el lunes a movilizar a toda la sociedad para que participe activamente en la reforestaci\u00f3n, subrayando que un entorno ecol\u00f3gico de calidad...<\/p>","protected":false},"author":6,"featured_media":43477,"comment_status":"open","ping_status":"closed","sticky":false,"template":"","format":"video","meta":{"_acf_changed":false,"_lmt_disableupdate":"","_lmt_disable":"","footnotes":""},"categories":[6,3,2973],"tags":[22,18,257,211,12243],"class_list":["post-43475","post","type-post","status-publish","format-video","has-post-thumbnail","hentry","category-kultura","category-neprehlednete","category-zahranicni","tag-cina","tag-cmg","tag-ekologie","tag-xi-jinping","tag-zalesnovani","post_format-post-format-video"],"acf":[],"aioseo_notices":[],"_links":{"self":[{"href":"https:\/\/gnews.cz\/es\/wp-json\/wp\/v2\/posts\/43475","targetHints":{"allow":["GET"]}}],"collection":[{"href":"https:\/\/gnews.cz\/es\/wp-json\/wp\/v2\/posts"}],"about":[{"href":"https:\/\/gnews.cz\/es\/wp-json\/wp\/v2\/types\/post"}],"author":[{"embeddable":true,"href":"https:\/\/gnews.cz\/es\/wp-json\/wp\/v2\/users\/6"}],"replies":[{"embeddable":true,"href":"https:\/\/gnews.cz\/es\/wp-json\/wp\/v2\/comments?post=43475"}],"version-history":[{"count":1,"href":"https:\/\/gnews.cz\/es\/wp-json\/wp\/v2\/posts\/43475\/revisions"}],"predecessor-version":[{"id":43476,"href":"https:\/\/gnews.cz\/es\/wp-json\/wp\/v2\/posts\/43475\/revisions\/43476"}],"wp:featuredmedia":[{"embeddable":true,"href":"https:\/\/gnews.cz\/es\/wp-json\/wp\/v2\/media\/43477"}],"wp:attachment":[{"href":"https:\/\/gnews.cz\/es\/wp-json\/wp\/v2\/media?parent=43475"}],"wp:term":[{"taxonomy":"category","embeddable":true,"href":"https:\/\/gnews.cz\/es\/wp-json\/wp\/v2\/categories?post=43475"},{"taxonomy":"post_tag","embeddable":true,"href":"https:\/\/gnews.cz\/es\/wp-json\/wp\/v2\/tags?post=43475"}],"curies":[{"name":"wp","href":"https:\/\/api.w.org\/{rel}","templated":true}]}}