{"id":43494,"date":"2026-04-04T18:30:00","date_gmt":"2026-04-04T16:30:00","guid":{"rendered":"https:\/\/gnews.cz\/?p=43494"},"modified":"2026-04-04T11:49:05","modified_gmt":"2026-04-04T09:49:05","slug":"veronika-vrecionova-budapest-ohrozuje-ceske-narodni-zajmy","status":"publish","type":"post","link":"https:\/\/gnews.cz\/es\/tema\/veronika-vrecionova-budapest-ohrozuje-ceske-narodni-zajmy\/","title":{"rendered":"Veronika Vrecionova: Budapest amenaza los intereses nacionales checos"},"content":{"rendered":"<p>\u00bfDeber\u00eda el Gobierno checo buscar una mayor cooperaci\u00f3n dentro de los Cuatro de Visegrado? Seg\u00fan la eurodiputada Veronika Vrecionov\u00e1 (ODS), la Rep\u00fablica Checa deber\u00eda condenar las estrechas relaciones del Ministro de Asuntos Exteriores h\u00fangaro con su hom\u00f3logo ruso. \u201eHungr\u00eda est\u00e1 jugando a un juego en materia de seguridad que no beneficia a la Rep\u00fablica Checa\u201c, afirm\u00f3.<\/p>\n\n\n\n<p><strong>Sin embargo, el consorcio de investigaci\u00f3n de los medios de comunicaci\u00f3n de Europa del Este est\u00e1 detr\u00e1s de la publicaci\u00f3n de la grabaci\u00f3n de la que estamos hablando aqu\u00ed, no algunas estructuras de la UE, pero no estoy diciendo que usted haya querido decir eso, se\u00f1or Dostal. Me gustar\u00eda preguntarle, se\u00f1ora Vrecionov\u00e1, \u00bfc\u00f3mo deber\u00eda enfocar la Rep\u00fablica Checa el caso del Ministro de Asuntos Exteriores h\u00fangaro en su opini\u00f3n?<\/strong><\/p>\n\n\n\n<p>Por supuesto, considero que se trata de un asunto muy grave y creo que la Rep\u00fablica Checa, como m\u00ednimo, deber\u00eda condenarlo en\u00e9rgicamente. Sin embargo, me gustar\u00eda llamar la atenci\u00f3n sobre el hecho de que Orb\u00e1n y su Gobierno llevan tiempo jugando a un juego muy peligroso, que tambi\u00e9n amenaza nuestros intereses nacionales, cuando se atrincheran con Rusia. A menudo les secunda el Primer Ministro eslovaco, Fico. Tambi\u00e9n me gustar\u00eda decir que desde hace mucho tiempo, por ejemplo, lo que ocurre en el Consejo Europeo de Primeros Ministros es que, cuando Hungr\u00eda y Eslovaquia se sientan a la mesa, todos sopesan mucho sus palabras, porque en realidad sospechan algo por el estilo. Las acciones tanto de Hungr\u00eda como de Eslovaquia indican claramente que tienen relaciones positivas con Rusia, y todos son muy cuidadosos en estas negociaciones y, si es necesario, discuten estos temas delicados cuando estos dos se\u00f1ores no est\u00e1n all\u00ed.<\/p>\n\n\n\n<p><strong>Sra. Vrecion, \u00bfentiende este razonamiento? \u00bfQue a Hungr\u00eda le interesa seguir usando petr\u00f3leo ruso?<\/strong><\/p>\n\n\n\n<p>Quiero decir que es el Gobierno de Fialova, con toda claridad, y otros pa\u00edses europeos, desde el estallido de la guerra en Ucrania, los que han invertido mucho en garantizar su seguridad energ\u00e9tica independientemente de Rusia. Porque esa dependencia de Rusia nos ha salido bien a todos. Puede que sea m\u00e1s barato al principio, pero despu\u00e9s nos cuesta mucho m\u00e1s. Hungr\u00eda ha tomado un camino diferente, en el que ahora son incapaces de garantizar su seguridad energ\u00e9tica m\u00e1s all\u00e1 de ser simplemente muy dependientes de Rusia. Eso es cierto.<\/p>\n\n\n\n<p><strong>Se\u00f1ora Vrecion, esto nos remite a las sospechas expresadas estos d\u00edas por el ministro h\u00fangaro Szijj\u00e1rt\u00f3 en respuesta a la grabaci\u00f3n filtrada. La sospecha de que la difusi\u00f3n de la grabaci\u00f3n podr\u00eda considerarse una injerencia en la campa\u00f1a electoral h\u00fangara. \u00bfQu\u00e9 opina usted al respecto?<\/strong><\/p>\n\n\n\n<p>Bueno, dije al principio que todos los pasos que Hungr\u00eda ha estado dando desde el comienzo de la guerra, la forma en que ha estado haciendo el juego a Putin y al Kremlin, la forma en que los Consejos Europeos han estado yendo, cuando han estado bloqueando la ayuda a Ucrania, bloqueando las sanciones durante mucho tiempo, nada ha cambiado aqu\u00ed. Porque todo el mundo lo sabe y no est\u00e1 relacionado con las actuales elecciones h\u00fangaras. Pero me gustar\u00eda decir aqu\u00ed que el se\u00f1or Dost\u00e1l est\u00e1 midiendo con un doble rasero. Ha dicho en la \u00faltima pregunta que se trata de una lucha electoral en Hungr\u00eda. Me gustar\u00eda decir aqu\u00ed que Orb\u00e1n est\u00e1 utilizando mucho la carta antiucraniana, y la est\u00e1 utilizando ahora, porque hay una campa\u00f1a electoral muy acalorada en Hungr\u00eda. As\u00ed que estoy convencido de que en realidad se trata de un juego puramente pol\u00edtico por su parte en casa. Lo que se ha publicado ahora no hace m\u00e1s que confirmarlo. \u00bfFue programado antes de las elecciones h\u00fangaras o no? Es muy posible, pero podemos ver que la situaci\u00f3n en Hungr\u00eda est\u00e1 muy caldeada en estos momentos, y fue simplemente Orb\u00e1n quien jug\u00f3 primero la carta anti-ucraniana.<\/p>\n\n\n\n<p><strong>Se\u00f1ora diputada, \u00bfdebemos esperar para hacer declaraciones cr\u00edticas sobre el gobierno h\u00fangaro ahora que los h\u00fangaros tienen menos de dos semanas antes de las elecciones parlamentarias, tras las cuales, por cierto, puede haber un cambio de gobierno y, por tanto, un cambio en la direcci\u00f3n de la pol\u00edtica exterior del pa\u00eds?<\/strong><\/p>\n\n\n\n<p>Estoy de acuerdo en que ahora debemos dejar que los h\u00fangaros decidan en las elecciones. Es realmente asunto suyo y debemos respetar los resultados de sus elecciones. Sin embargo, probablemente estemos de acuerdo en que la cuesti\u00f3n m\u00e1s importante hoy, incluso para nosotros, para la Rep\u00fablica Checa, es la cuesti\u00f3n de la seguridad. Y aqu\u00ed, Hungr\u00eda lleva mucho tiempo jugando a un juego diferente, que no beneficia a la Rep\u00fablica Checa. Estoy de acuerdo con mi colega en que Hungr\u00eda es nuestro vecino cercano, y no vamos a deslocalizarlo de ninguna manera. Es l\u00f3gico, y hay una serie de cosas en las que normalmente podemos cooperar con Hungr\u00eda. Eso est\u00e1 bien. Sin embargo, creo que simplemente los pasos que est\u00e1n dando, que no van en nuestro inter\u00e9s nacional, su cooperaci\u00f3n tan abierta con Rusia, creo que esto es simplemente algo con lo que la Rep\u00fablica Checa deber\u00eda levantarse y decir que no estamos de acuerdo.<\/p>\n\n\n\n<p><strong>Veronika Vrecionov\u00e1 - Diputada al Parlamento Europeo por los ODS<\/strong><\/p>\n\n\n\n<p><strong><a href=\"https:\/\/www.ods.cz\/clanek\/28233-veronika-vrecionova-na-cro-plus-budapest-ohrozuje-ceske-narodni-zajmy\" target=\"_blank\" rel=\"noopener\" title=\"\">ods.cz<\/a>\/gnews.cz<\/strong><\/p>","protected":false},"excerpt":{"rendered":"<p>\u00bfDeber\u00eda el Gobierno checo buscar una mayor cooperaci\u00f3n dentro de los Cuatro de Visegrado? Seg\u00fan la eurodiputada Veronika Vrecionov\u00e1 (ODS), la Rep\u00fablica Checa deber\u00eda condenar las estrechas relaciones del ministro h\u00fangaro...<\/p>","protected":false},"author":10,"featured_media":43495,"comment_status":"open","ping_status":"closed","sticky":false,"template":"","format":"standard","meta":{"_acf_changed":false,"_lmt_disableupdate":"","_lmt_disable":"","footnotes":""},"categories":[2968,7,658,1,2973],"tags":[680,45,46,12267,78,840,31,10,12268,26,32,17,583,12266,303,12269,41],"class_list":["post-43494","post","type-post","status-publish","format-standard","has-post-thumbnail","hentry","category-domaci","category-politika","category-prectete-si","category-tema","category-zahranicni","tag-bezpecnost","tag-cr","tag-eu","tag-europoslankyne-cr-za-ods","tag-evropa","tag-evropska-rada","tag-madarsko","tag-news","tag-premier-madarska","tag-rusko","tag-slovensko","tag-top","tag-v4","tag-veronika-vrecionova","tag-viktor-orban","tag-visegradska-ctyrky","tag-world"],"acf":[],"aioseo_notices":[],"_links":{"self":[{"href":"https:\/\/gnews.cz\/es\/wp-json\/wp\/v2\/posts\/43494","targetHints":{"allow":["GET"]}}],"collection":[{"href":"https:\/\/gnews.cz\/es\/wp-json\/wp\/v2\/posts"}],"about":[{"href":"https:\/\/gnews.cz\/es\/wp-json\/wp\/v2\/types\/post"}],"author":[{"embeddable":true,"href":"https:\/\/gnews.cz\/es\/wp-json\/wp\/v2\/users\/10"}],"replies":[{"embeddable":true,"href":"https:\/\/gnews.cz\/es\/wp-json\/wp\/v2\/comments?post=43494"}],"version-history":[{"count":2,"href":"https:\/\/gnews.cz\/es\/wp-json\/wp\/v2\/posts\/43494\/revisions"}],"predecessor-version":[{"id":43497,"href":"https:\/\/gnews.cz\/es\/wp-json\/wp\/v2\/posts\/43494\/revisions\/43497"}],"wp:featuredmedia":[{"embeddable":true,"href":"https:\/\/gnews.cz\/es\/wp-json\/wp\/v2\/media\/43495"}],"wp:attachment":[{"href":"https:\/\/gnews.cz\/es\/wp-json\/wp\/v2\/media?parent=43494"}],"wp:term":[{"taxonomy":"category","embeddable":true,"href":"https:\/\/gnews.cz\/es\/wp-json\/wp\/v2\/categories?post=43494"},{"taxonomy":"post_tag","embeddable":true,"href":"https:\/\/gnews.cz\/es\/wp-json\/wp\/v2\/tags?post=43494"}],"curies":[{"name":"wp","href":"https:\/\/api.w.org\/{rel}","templated":true}]}}