{"id":43540,"date":"2026-04-05T15:30:00","date_gmt":"2026-04-05T13:30:00","guid":{"rendered":"https:\/\/gnews.cz\/?p=43540"},"modified":"2026-04-05T12:17:19","modified_gmt":"2026-04-05T10:17:19","slug":"nove-ceske-jmeno-v-nhl-verim-ze-na-to-mam-hrabal-je-konkurenci-i-pro-krajany","status":"publish","type":"post","link":"https:\/\/gnews.cz\/es\/tema\/nove-ceske-jmeno-v-nhl-verim-ze-na-to-mam-hrabal-je-konkurenci-i-pro-krajany\/","title":{"rendered":"\u00bfNuevo nombre checo en la NHL? Creo que s\u00ed. Hrabal es competencia incluso para sus compatriotas"},"content":{"rendered":"<p><strong>Una esperanza gigante. En tama\u00f1o y perspectivas. El portero checo Michael Hrabal est\u00e1 un poco m\u00e1s cerca de la NHL tras fichar por Utah, pero como \u00e9l dice: \u201eEstoy al principio de una marat\u00f3n\u201c.\u201c<\/strong><\/p>\n\n\n\n<blockquote class=\"wp-block-quote is-layout-flow wp-block-quote-is-layout-flow\">\n<p><strong>Desde las categor\u00edas inferiores, de alguna manera se da por sentado que deber\u00eda tener el futuro m\u00e1s brillante entre los j\u00f3venes porteros checos. Superaba a sus compa\u00f1eros, jugaba contra los mayores, era regularmente el n\u00famero uno de la selecci\u00f3n nacional. E incluso en la universidad confirm\u00f3 sus grandes cualidades.<\/strong><\/p>\n<\/blockquote>\n\n\n\n<p>No es de extra\u00f1ar que Arizona (que ahora opera como Utah) lo eligiera al principio de la segunda ronda hace tres a\u00f1os, en el puesto 38 de la clasificaci\u00f3n general. Desde 2007, ning\u00fan portero checo ha estado m\u00e1s arriba en la lista, ya que los equipos de la NHL s\u00f3lo hab\u00edan elegido a Marek Schwarz (17\u00ba en 2004) y Michal Neuvirth (34\u00ba en 2006).<\/p>\n\n\n\n<blockquote class=\"wp-block-quote is-layout-flow wp-block-quote-is-layout-flow\">\n<p><strong>Y la semana pasada, Utah se asegur\u00f3 al espigado portero de 201 cm con un contrato de novato. \u201eEstoy contento de poder hacer algo as\u00ed. Pero es s\u00f3lo el principio del viaje\u201c, dijo Hrabal.<\/strong><\/p>\n<\/blockquote>\n\n\n\n<p><strong><a href=\"https:\/\/www.idnes.cz\/hokej\/nhl\/michael-hrabal-smlouva-s-utahem-nhl.A260403_131444_nhl_hrj?zdroj=sport_hp\" target=\"_blank\" rel=\"noopener\" title=\"\">idnes.cz<\/a>\/gnews.cz<\/strong><\/p>","protected":false},"excerpt":{"rendered":"<p>Una esperanza gigante. En tama\u00f1o y perspectivas. El portero checo Michael Hrabal est\u00e1 un poco m\u00e1s cerca de la NHL tras fichar por Utah....<\/p>","protected":false},"author":10,"featured_media":43541,"comment_status":"open","ping_status":"closed","sticky":false,"template":"","format":"standard","meta":{"_acf_changed":false,"_lmt_disableupdate":"","_lmt_disable":"","footnotes":""},"categories":[2968,6,658,1248,1,2973],"tags":[12303,45,12301,12304,12305,12306,12302,12307,10,2538,17,38,41],"class_list":["post-43540","post","type-post","status-publish","format-standard","has-post-thumbnail","hentry","category-domaci","category-kultura","category-prectete-si","category-sport","category-tema","category-zahranicni","tag-brankar","tag-cr","tag-cesky-hokejovy-brankar-michael-hrabal","tag-club-arizona","tag-golman","tag-mark-schwarz","tag-michael-hrabal","tag-michal-neuvirth","tag-news","tag-nhl","tag-top","tag-usa","tag-world"],"acf":[],"aioseo_notices":[],"_links":{"self":[{"href":"https:\/\/gnews.cz\/es\/wp-json\/wp\/v2\/posts\/43540","targetHints":{"allow":["GET"]}}],"collection":[{"href":"https:\/\/gnews.cz\/es\/wp-json\/wp\/v2\/posts"}],"about":[{"href":"https:\/\/gnews.cz\/es\/wp-json\/wp\/v2\/types\/post"}],"author":[{"embeddable":true,"href":"https:\/\/gnews.cz\/es\/wp-json\/wp\/v2\/users\/10"}],"replies":[{"embeddable":true,"href":"https:\/\/gnews.cz\/es\/wp-json\/wp\/v2\/comments?post=43540"}],"version-history":[{"count":1,"href":"https:\/\/gnews.cz\/es\/wp-json\/wp\/v2\/posts\/43540\/revisions"}],"predecessor-version":[{"id":43542,"href":"https:\/\/gnews.cz\/es\/wp-json\/wp\/v2\/posts\/43540\/revisions\/43542"}],"wp:featuredmedia":[{"embeddable":true,"href":"https:\/\/gnews.cz\/es\/wp-json\/wp\/v2\/media\/43541"}],"wp:attachment":[{"href":"https:\/\/gnews.cz\/es\/wp-json\/wp\/v2\/media?parent=43540"}],"wp:term":[{"taxonomy":"category","embeddable":true,"href":"https:\/\/gnews.cz\/es\/wp-json\/wp\/v2\/categories?post=43540"},{"taxonomy":"post_tag","embeddable":true,"href":"https:\/\/gnews.cz\/es\/wp-json\/wp\/v2\/tags?post=43540"}],"curies":[{"name":"wp","href":"https:\/\/api.w.org\/{rel}","templated":true}]}}