{"id":43547,"date":"2026-04-07T12:00:00","date_gmt":"2026-04-07T10:00:00","guid":{"rendered":"https:\/\/gnews.cz\/?p=43547"},"modified":"2026-04-07T10:36:20","modified_gmt":"2026-04-07T08:36:20","slug":"shrnuti-uplynuleho-14-tydne-na-general-news-30-brezna-5-dubna-2026","status":"publish","type":"post","link":"https:\/\/gnews.cz\/es\/tema\/shrnuti-uplynuleho-14-tydne-na-general-news-30-brezna-5-dubna-2026\/","title":{"rendered":"Resumen de las \u00faltimas 14 semanas en las Noticias Generales (30 de marzo - 5 de abril de 2026)"},"content":{"rendered":"<h2 class=\"wp-block-heading\">30 de marzo de 2026 <a href=\"https:\/\/gnews.cz\/wp-admin\/post.php?post=43071&amp;action=edit\" target=\"_blank\" rel=\"noopener\" title=\"\">EE.UU. e Israel arrastran al mundo hacia la Tercera Guerra Mundial, advierte Jeffrey Sachs<\/a><\/h2>\n\n\n\n<blockquote class=\"wp-block-quote is-layout-flow wp-block-quote-is-layout-flow\">\n<p>El renombrado economista estadounidense y profesor de la Universidad de Columbia Jeffrey Sachs ha lanzado una dura advertencia: el ataque estadounidense-israel\u00ed contra Ir\u00e1n podr\u00eda derivar en un conflicto mundial de proporciones sin precedentes. En una entrevista concedida al portal japon\u00e9s Nikkei Asia, declar\u00f3 que el mundo est\u00e1 al borde de una tercera guerra mundial.<\/p>\n<\/blockquote>\n\n\n\n<h2 class=\"wp-block-heading\">31 de marzo de 2026 <a href=\"https:\/\/gnews.cz\/wp-admin\/post.php?post=43155&amp;action=edit\" target=\"_blank\" rel=\"noopener\" title=\"\">La reuni\u00f3n del Gobierno checo-eslovaco confirma el refuerzo de la asociaci\u00f3n entre ambos pa\u00edses<\/a><\/h2>\n\n\n\n<blockquote class=\"wp-block-quote is-layout-flow wp-block-quote-is-layout-flow\">\n<p>La novena reuni\u00f3n conjunta de los Gobiernos de la Rep\u00fablica Checa y Eslovaquia tuvo lugar en el castillo de Nov\u00e1 Horka, en Stud\u00e9nka, el martes 31 de marzo de 2026. Los Gabinetes, encabezados por los Primeros Ministros Andrej Babi\u0161 y Robert Fico, debatieron, entre otras cosas, la situaci\u00f3n actual de los precios de los combustibles y el suministro de petr\u00f3leo tras el estallido del conflicto en Oriente Pr\u00f3ximo. Los Primeros Ministros de ambos pa\u00edses firmaron tambi\u00e9n un Memorando de Cooperaci\u00f3n Reforzada entre el Gobierno de la Rep\u00fablica Checa y el Gobierno de la Rep\u00fablica Eslovaca, que refuerza su asociaci\u00f3n en \u00e1mbitos clave.<\/p>\n<\/blockquote>\n\n\n\n<h2 class=\"wp-block-heading\">01 de abril de 2026 <a href=\"https:\/\/gnews.cz\/wp-admin\/post.php?post=43296&amp;action=edit\" target=\"_blank\" rel=\"noopener\" title=\"\">An\u00e1lisis: el conflicto Rusia-Ucrania - Industria de defensa, beneficios, producci\u00f3n e influencia geopol\u00edtica (IV.)<\/a><\/h2>\n\n\n\n<blockquote class=\"wp-block-quote is-layout-flow wp-block-quote-is-layout-flow\">\n<p>El conflicto entre Rusia y Ucrania se ha convertido en un revulsivo para la industria mundial de defensa, ya que los gobiernos de todo el mundo han aumentado considerablemente el gasto militar en respuesta al deterioro del entorno de seguridad. El conflicto ha desencadenado un aumento de la demanda de una amplia gama de equipos militares -desde armas peque\u00f1as hasta sistemas avanzados de misiles- y las empresas armament\u00edsticas trabajan sin descanso para satisfacer esta demanda. He aqu\u00ed la cuarta parte de nuestro an\u00e1lisis, centrado en la industria de defensa, los beneficios, la producci\u00f3n y la influencia geopol\u00edtica.<\/p>\n<\/blockquote>\n\n\n\n<h2 class=\"wp-block-heading\">02 abril 2026 <a href=\"https:\/\/gnews.cz\/wp-admin\/post.php?post=43366&amp;action=edit\" target=\"_blank\" rel=\"noopener\" title=\"\">Resumen Econ\u00f3mico Diario Checo: Acciones, Presupuesto, U&amp;C UAS, Pegasus Airlines, Smartwings y CSA, AkzoNobel, Brent y Wti (2 de abril de 2026)<\/a><\/h2>\n\n\n\n<blockquote class=\"wp-block-quote is-layout-flow wp-block-quote-is-layout-flow\">\n<p>La Bolsa de Praga termin\u00f3 el mi\u00e9rcoles con un crecimiento significativo. El \u00edndice PX subi\u00f3 un 1,72%, hasta los 2.553,02 puntos, ayudado por la revalorizaci\u00f3n de las emisiones bancarias: acciones de Erste, Komer\u010dn\u00ed banka y Moneta. Se trata de uno de los mejores resultados diarios del \u00edndice en lo que va de a\u00f1o, ya que los inversores tambi\u00e9n reaccionaron a las tranquilizadoras noticias fiscales nacionales.<\/p>\n<\/blockquote>\n\n\n\n<h2 class=\"wp-block-heading\">03 abril 2026 <a href=\"https:\/\/gnews.cz\/wp-admin\/post.php?post=42685&amp;action=edit\" target=\"_blank\" rel=\"noopener\" title=\"\">Herbario: Consuelda - Hierba dorada para los vasos sangu\u00edneos y la sangre<\/a><\/h2>\n\n\n\n<blockquote class=\"wp-block-quote is-layout-flow wp-block-quote-is-layout-flow\">\n<p>El Melilotus officinalis, tambi\u00e9n llamado alfalfa dulce, es una hierba perenne de la familia de las leguminosas, originaria de Europa y Asia occidental, que crece com\u00fanmente en prados y dehesas. Es una hierba bienal de hasta un metro y medio de altura con flores amarillas en tallos cortos dispuestos en racimos. El fruto es una vaina ovoide de unos 4 mm de longitud. Las principales partes medicinales son las flores y las partes a\u00e9reas de la planta.<\/p>\n<\/blockquote>\n\n\n\n<h2 class=\"wp-block-heading\">04 abril 2026 <a href=\"https:\/\/gnews.cz\/wp-admin\/post.php?post=43482&amp;action=edit\" target=\"_blank\" rel=\"noopener\" title=\"\">El presupuesto militar de EE.UU. prev\u00e9 la modernizaci\u00f3n y diversificaci\u00f3n de las fuerzas nucleares, los fondos son para la defensa de EE.UU.<\/a><\/h2>\n\n\n\n<blockquote class=\"wp-block-quote is-layout-flow wp-block-quote-is-layout-flow\">\n<p><strong>WASHINGTON, 3 de abril. La propuesta de presupuesto militar de Estados Unidos para el a\u00f1o fiscal 2027, que la Casa Blanca present\u00f3 al Congreso, incluye una asignaci\u00f3n de fondos para la modernizaci\u00f3n y diversificaci\u00f3n de las armas nucleares estrat\u00e9gicas, dijo la Casa Blanca en un comunicado.<\/strong><\/p>\n<\/blockquote>\n\n\n\n<h2 class=\"wp-block-heading\">05 abril 2026 <a href=\"https:\/\/gnews.cz\/wp-admin\/post.php?post=43543&amp;action=edit\" target=\"_blank\" rel=\"noopener\" title=\"\">En Rusia se tarda aproximadamente 3 meses en desarrollar una vacuna contra el c\u00e1ncer para un paciente concreto<\/a><\/h2>\n\n\n\n<blockquote class=\"wp-block-quote is-layout-flow wp-block-quote-is-layout-flow\">\n<p><strong>SIRIUS, 5 de abril. Se tarda unos tres meses en crear una vacuna contra el c\u00e1ncer para un paciente concreto, dijo Vladimir Gamaleji, director adjunto del Centro Nacional de Investigaci\u00f3n de Epidemiolog\u00eda y Microbiolog\u00eda N.F.\u00a0<strong>Alexandrovich Gushchin<\/strong><\/strong>.\"<\/p>\n<\/blockquote>\n\n\n\n<h2 class=\"wp-block-heading\"><strong>Jan Vojt\u011bch, <\/strong>redactor jefe de General News<\/h2>","protected":false},"excerpt":{"rendered":"<p>30 de marzo de 2026 Estados Unidos e Israel arrastran al mundo hacia la Tercera Guerra Mundial, advierte Jeffrey Sachs El reputado economista estadounidense y profesor de la Universidad de Columbia...<\/p>","protected":false},"author":10,"featured_media":43548,"comment_status":"open","ping_status":"closed","sticky":false,"template":"","format":"standard","meta":{"_acf_changed":false,"_lmt_disableupdate":"","_lmt_disable":"","footnotes":""},"categories":[2968,7,658,1,1376,580,2973],"tags":[12246,12403,2083,12391,1264,45,2408,12399,22,3446,46,78,12395,10003,11683,760,3552,12004,2198,12397,1506,12393,12396,12405,12406,10,11998,12390,5438,12401,2030,4228,1563,12407,458,26,9348,12392,17,11996,29,38,3391,12404,9286,12402,41,12400,12394,12398],"class_list":["post-43547","post","type-post","status-publish","format-standard","has-post-thumbnail","hentry","category-domaci","category-politika","category-prectete-si","category-tema","category-tyden-na-general-news","category-vyber-sefredaktora","category-zahranicni","tag-americka-obrana","tag-americky-vojensky-rozpocet","tag-analyza","tag-andrj-babis","tag-blizkay-vychod","tag-cr","tag-ceska-vlada","tag-cevy","tag-cina","tag-erste-bank","tag-eu","tag-evropa","tag-geopoliticky-vliv","tag-globalni-konflikt","tag-herbar","tag-iran-3","tag-jeffrey-sachs","tag-kolumbijska-univerzita","tag-komercni-banka","tag-komonice-lekarska-2","tag-krev","tag-memorandum","tag-monety-bank","tag-n-f-gamaleji","tag-narodniho-vyzkumneho-centra-epidemiologie-a-mikrobiologie-n-f-gamaleji","tag-news","tag-nikkei-asia","tag-nova-horka-ve-studence","tag-obranny-prumysl","tag-plody","tag-prazska-burza","tag-raketove-systemy","tag-rakovina","tag-reditel","tag-robert-fico","tag-rusko","tag-rusko-ukrajinsky-konflikt","tag-slovenska-vlada","tag-top","tag-treti-svetova-valka","tag-ukrajina","tag-usa","tag-vakciny","tag-vladimir-alexandrovic-guscin","tag-vojenska-technika","tag-vojteska-sladka","tag-world","tag-zapadni-asie","tag-zisky","tag-zlata-bylina"],"acf":[],"aioseo_notices":[],"_links":{"self":[{"href":"https:\/\/gnews.cz\/es\/wp-json\/wp\/v2\/posts\/43547","targetHints":{"allow":["GET"]}}],"collection":[{"href":"https:\/\/gnews.cz\/es\/wp-json\/wp\/v2\/posts"}],"about":[{"href":"https:\/\/gnews.cz\/es\/wp-json\/wp\/v2\/types\/post"}],"author":[{"embeddable":true,"href":"https:\/\/gnews.cz\/es\/wp-json\/wp\/v2\/users\/10"}],"replies":[{"embeddable":true,"href":"https:\/\/gnews.cz\/es\/wp-json\/wp\/v2\/comments?post=43547"}],"version-history":[{"count":4,"href":"https:\/\/gnews.cz\/es\/wp-json\/wp\/v2\/posts\/43547\/revisions"}],"predecessor-version":[{"id":43594,"href":"https:\/\/gnews.cz\/es\/wp-json\/wp\/v2\/posts\/43547\/revisions\/43594"}],"wp:featuredmedia":[{"embeddable":true,"href":"https:\/\/gnews.cz\/es\/wp-json\/wp\/v2\/media\/43548"}],"wp:attachment":[{"href":"https:\/\/gnews.cz\/es\/wp-json\/wp\/v2\/media?parent=43547"}],"wp:term":[{"taxonomy":"category","embeddable":true,"href":"https:\/\/gnews.cz\/es\/wp-json\/wp\/v2\/categories?post=43547"},{"taxonomy":"post_tag","embeddable":true,"href":"https:\/\/gnews.cz\/es\/wp-json\/wp\/v2\/tags?post=43547"}],"curies":[{"name":"wp","href":"https:\/\/api.w.org\/{rel}","templated":true}]}}