{"id":43565,"date":"2026-04-06T15:00:00","date_gmt":"2026-04-06T13:00:00","guid":{"rendered":"https:\/\/gnews.cz\/?p=43565"},"modified":"2026-04-06T09:52:59","modified_gmt":"2026-04-06T07:52:59","slug":"nemecka-armada-si-zacina-hlidat-muze-delsi-pobyt-v-cizine-bude-jen-na-povoleni","status":"publish","type":"post","link":"https:\/\/gnews.cz\/es\/tema\/nemecka-armada-si-zacina-hlidat-muze-delsi-pobyt-v-cizine-bude-jen-na-povoleni\/","title":{"rendered":"El ej\u00e9rcito alem\u00e1n empieza a vigilar a los hombres. Las estancias m\u00e1s largas en el extranjero solo se har\u00e1n con permiso."},"content":{"rendered":"<p><strong>BERL\u00cdN - Los hombres alemanes de entre 17 y 45 a\u00f1os deben solicitar ahora permiso a las autoridades si quieren permanecer en el extranjero durante un periodo m\u00e1s largo. Esto sigue a los cambios introducidos por la Ley de Modernizaci\u00f3n del Servicio Militar, que entr\u00f3 en vigor el 1 de enero y, entre otras cosas, introduce una forma voluntaria de servicio militar. As\u00ed lo se\u00f1ala la BBC.<\/strong><\/p>\n\n\n\n<p>El objetivo de las medidas es reforzar las defensas del pa\u00eds en respuesta a las amenazas a la seguridad asociadas a la invasi\u00f3n rusa de Ucrania. Un portavoz del Ministerio de Defensa dijo a la BBC que los hombres mayores de 17 a\u00f1os deben ahora solicitar permiso para permanecer en el extranjero si quieren viajar durante m\u00e1s de tres meses. Seg\u00fan la ley actual, las autoridades normalmente tendr\u00edan que aprobar las solicitudes. Sin embargo, a\u00fan no est\u00e1 claro c\u00f3mo se aplicar\u00e1 la norma si se incumple. Un portavoz del Ministerio de Defensa dijo que la norma pretende garantizar un sistema de registro militar fiable y significativo, ya que es importante saber qui\u00e9n puede permanecer en el extranjero durante m\u00e1s tiempo en caso de emergencia. <\/p>\n\n\n\n<p>El ministerio tambi\u00e9n reconoci\u00f3 que la medida podr\u00eda tener efectos de gran alcance sobre los j\u00f3venes y dijo que se estaban redactando normas para las exenciones con el fin de evitar tr\u00e1mites burocr\u00e1ticos innecesarios. La base jur\u00eddica de la obligaci\u00f3n es la Ley de Reclutamiento alemana de 1956, que ha sido modificada varias veces, la \u00faltima el pasado diciembre. Antes de la \u00faltima modificaci\u00f3n, la obligaci\u00f3n de informar de las estancias prolongadas en el extranjero s\u00f3lo se aplicaba a los periodos en que Alemania estaba en alerta de defensa o movilizaci\u00f3n. Seg\u00fan un funcionario del Ministerio de Defensa, durante la Guerra Fr\u00eda exist\u00eda una disposici\u00f3n similar, pero no se aplicaba en la pr\u00e1ctica.<\/p>\n\n\n\n<h3 class=\"wp-block-heading\" id=\"--zeme-chce-vice-aktivnich-vojaku\">El pa\u00eds quiere m\u00e1s soldados en activo<\/h3>\n\n\n\n<p>La ley sobre la modernizaci\u00f3n del servicio militar tambi\u00e9n establece un plan para aumentar el n\u00famero de soldados en activo hasta 260.000 en 2035, frente a los 180.000 actuales. El Parlamento tambi\u00e9n aprob\u00f3 en diciembre la introducci\u00f3n del servicio militar voluntario, lo que significa que todos los j\u00f3venes de 18 a\u00f1os recibir\u00e1n un cuestionario pregunt\u00e1ndoles si est\u00e1n interesados en alistarse en el ej\u00e9rcito. A partir de julio de 2027, los hombres tambi\u00e9n deber\u00e1n pasar una prueba de aptitud f\u00edsica para evaluar si son aptos para servir en caso de guerra. Las mujeres pueden alistarse voluntariamente en el ej\u00e9rcito. Seg\u00fan la Constituci\u00f3n alemana, no pueden ser obligadas a servir en el ej\u00e9rcito.<\/p>\n\n\n\n<p>Aunque el plan se basa en el voluntariado, podr\u00eda considerarse una forma de servicio militar obligatorio si la situaci\u00f3n de seguridad se deteriora o si escasean los voluntarios. Cuando el Parlamento aprob\u00f3 la ley, muchos j\u00f3venes se sumaron a las protestas contra los cambios. Al igual que otros pa\u00edses europeos, Alemania redujo sus fuerzas armadas en la pac\u00edfica d\u00e9cada de 1990. En la \u00e9poca de la Guerra Fr\u00eda, contaba con un ej\u00e9rcito de casi medio mill\u00f3n de soldados. El servicio militar obligatorio en Alemania se aboli\u00f3 en 2011, bajo el mandato de la canciller Angela Merkel.<\/p>\n\n\n\n<p><strong><a href=\"https:\/\/www.idnes.cz\/zpravy\/zahranicni\/nemecti-muzi-do-45-let-nutny-souhlas-pobyt-zahranici.A260405_155429_zahranicni_ikul\">idnes.cz<\/a>\/gnews.cz<\/strong><\/p>","protected":false},"excerpt":{"rendered":"<p>BERL\u00cdN - Los hombres alemanes de entre 17 y 45 a\u00f1os deben solicitar ahora permiso a las autoridades si quieren permanecer m\u00e1s tiempo en...<\/p>","protected":false},"author":10,"featured_media":43569,"comment_status":"open","ping_status":"closed","sticky":false,"template":"","format":"standard","meta":{"_acf_changed":false,"_lmt_disableupdate":"","_lmt_disable":"","footnotes":""},"categories":[7,658,1,2973],"tags":[12362,2909,1836,717,46,78,2480,2929,173,1184,10,12361,17,29,12359,12358,41,12360],"class_list":["post-43565","post","type-post","status-publish","format-standard","has-post-thumbnail","hentry","category-politika","category-prectete-si","category-tema","category-zahranicni","tag-aktivni-vojaci","tag-angela-merkelova","tag-bbc","tag-berlin","tag-eu","tag-evropa","tag-ministerstvo-obrany","tag-mladi-lide","tag-nemecko","tag-nemecky-kancler","tag-news","tag-obranyschopnost-zeme","tag-top","tag-ukrajina","tag-vojenska-evidence","tag-vojenska-sluzba","tag-world","tag-zakon-o-modernizaci-vojenske-sluzby"],"acf":[],"aioseo_notices":[],"_links":{"self":[{"href":"https:\/\/gnews.cz\/es\/wp-json\/wp\/v2\/posts\/43565","targetHints":{"allow":["GET"]}}],"collection":[{"href":"https:\/\/gnews.cz\/es\/wp-json\/wp\/v2\/posts"}],"about":[{"href":"https:\/\/gnews.cz\/es\/wp-json\/wp\/v2\/types\/post"}],"author":[{"embeddable":true,"href":"https:\/\/gnews.cz\/es\/wp-json\/wp\/v2\/users\/10"}],"replies":[{"embeddable":true,"href":"https:\/\/gnews.cz\/es\/wp-json\/wp\/v2\/comments?post=43565"}],"version-history":[{"count":1,"href":"https:\/\/gnews.cz\/es\/wp-json\/wp\/v2\/posts\/43565\/revisions"}],"predecessor-version":[{"id":43570,"href":"https:\/\/gnews.cz\/es\/wp-json\/wp\/v2\/posts\/43565\/revisions\/43570"}],"wp:featuredmedia":[{"embeddable":true,"href":"https:\/\/gnews.cz\/es\/wp-json\/wp\/v2\/media\/43569"}],"wp:attachment":[{"href":"https:\/\/gnews.cz\/es\/wp-json\/wp\/v2\/media?parent=43565"}],"wp:term":[{"taxonomy":"category","embeddable":true,"href":"https:\/\/gnews.cz\/es\/wp-json\/wp\/v2\/categories?post=43565"},{"taxonomy":"post_tag","embeddable":true,"href":"https:\/\/gnews.cz\/es\/wp-json\/wp\/v2\/tags?post=43565"}],"curies":[{"name":"wp","href":"https:\/\/api.w.org\/{rel}","templated":true}]}}