{"id":4358,"date":"2024-01-18T20:56:25","date_gmt":"2024-01-18T20:56:25","guid":{"rendered":"https:\/\/www.gnews.cz\/?p=4358"},"modified":"2024-01-18T21:15:01","modified_gmt":"2024-01-18T21:15:01","slug":"climatologo-para-preservar-la-habitabilidad-del-pais-es-necesaria-la-cooperacion-internacional","status":"publish","type":"post","link":"https:\/\/gnews.cz\/es\/kultura\/klimatolog-pro-zachovani-obyvatelnosti-zeme-je-nutna-mezinarodni-spoluprace\/","title":{"rendered":"Climat\u00f3logo: la cooperaci\u00f3n internacional es necesaria para preservar la habitabilidad de la Tierra"},"content":{"rendered":"<p><strong>Foto: Xinhua<\/strong><\/p>\n\n\n\n<p><strong><em>DAVOS, Suiza, 18 ene (Xinhua) -- La cooperaci\u00f3n internacional es necesaria para gestionar todo el planeta y mantenerlo habitable, y China tiene un papel muy importante que desempe\u00f1ar en ello, afirm\u00f3 un destacado cient\u00edfico de la sostenibilidad mundial.<\/em><\/strong><\/p>\n\n\n\n<blockquote class=\"wp-block-quote is-layout-flow wp-block-quote-is-layout-flow\">\n<p><strong>\"La \u00fanica forma de resolver la crisis clim\u00e1tica es la acci\u00f3n colectiva, necesitamos una acci\u00f3n global universal y eso requiere confianza\", declar\u00f3 a Xinhua Johan Rockstr\u00f6m, director del Instituto de Potsdam para la Investigaci\u00f3n del Impacto Clim\u00e1tico y profesor de Ciencias del Sistema Terrestre en la Universidad de Potsdam, en una entrevista al margen del Foro Econ\u00f3mico Mundial celebrado aqu\u00ed el martes.<\/strong><\/p>\n<\/blockquote>\n\n\n\n<p>Seg\u00fan el experto, el cambio clim\u00e1tico, junto con la crisis geopol\u00edtica y otros problemas acuciantes, encabezan de nuevo este a\u00f1o la lista de riesgos del foro.<\/p>\n\n\n\n<blockquote class=\"wp-block-quote is-layout-flow wp-block-quote-is-layout-flow\">\n<p><strong>Rockstr\u00f6m se\u00f1al\u00f3 que el repunte de la temperatura en 2023 provocar\u00e1 fen\u00f3menos extremos y \"el reto es a\u00fan mayor que los impactos inmediatos\", y advirti\u00f3 de que el planeta se acerca a un punto de inflexi\u00f3n caracterizado por temperaturas medias superiores en 1,5 grados cent\u00edgrados a los niveles de 1850-1900.<\/strong><\/p>\n<\/blockquote>\n\n\n\n<p>La Organizaci\u00f3n Meteorol\u00f3gica Mundial confirm\u00f3 oficialmente el 12 de enero que 2023 ser\u00e1 el a\u00f1o m\u00e1s c\u00e1lido desde que se tienen registros, acerc\u00e1ndose as\u00ed al umbral de 1,5 grados cent\u00edgrados por encima de los niveles preindustriales fijado por el Acuerdo de Par\u00eds.<\/p>\n\n\n\n<p>Seg\u00fan Rockstr\u00f6m, un \"futuro clim\u00e1tico manejable\" depende de un planteamiento: la eliminaci\u00f3n progresiva de los combustibles f\u00f3siles y un esfuerzo concertado de conservaci\u00f3n para garantizar que el planeta siga siendo resistente, sano y capaz de absorber y amortiguar.<\/p>\n\n\n\n<p>Pidi\u00f3 una gobernanza mundial para hacer frente a las amenazas al planeta y una acci\u00f3n concertada a trav\u00e9s de todas las fronteras planetarias.<\/p>\n\n\n\n<blockquote class=\"wp-block-quote is-layout-flow wp-block-quote-is-layout-flow\">\n<p><strong>En 2009, Rockstr\u00f6m<\/strong> <strong>y otros 28 cient\u00edficos han propuesto el concepto de \"fronteras planetarias\", que esboza los l\u00edmites del impacto humano sobre el sistema terrestre. Desde entonces, el concepto ha estado en primera l\u00ednea de los debates pol\u00edticos internacionales, sobre todo en la Conferencia de las Naciones Unidas sobre el Desarrollo Sostenible.<\/strong><\/p>\n<\/blockquote>\n\n\n\n<p>Una mayor cooperaci\u00f3n y colaboraci\u00f3n en la gobernanza mundial a trav\u00e9s de las nueve fronteras planetarias ayudar\u00eda a afrontar juntos el cambio clim\u00e1tico, afirm\u00f3 el experto.<\/p>\n\n\n\n<p>En lo que respecta a la cooperaci\u00f3n internacional, China tiene un papel muy importante que desempe\u00f1ar en la lucha contra el cambio clim\u00e1tico, afirm\u00f3 Rockstr\u00f6m.<\/p>\n\n\n\n<blockquote class=\"wp-block-quote is-layout-flow wp-block-quote-is-layout-flow\">\n<p><strong>\"China es l\u00edder en la transici\u00f3n a la energ\u00eda solar y e\u00f3lica y tambi\u00e9n l\u00edder en electromovilidad, alej\u00e1ndose esencialmente del transporte basado en combustibles f\u00f3siles\", dijo. \"China tambi\u00e9n tiene un programa muy maduro en l\u00edneas rojas medioambientales y reconoce el valor de mantener la naturaleza pr\u00edstina para la seguridad\".<\/strong><\/p>\n<\/blockquote>\n\n\n\n<p>Rockstr\u00f6m afirm\u00f3 que la comunidad cient\u00edfica considera cada vez m\u00e1s que China desempe\u00f1a un papel de liderazgo en la b\u00fasqueda de v\u00edas para una econom\u00eda moderna y sostenible.<\/p>\n\n\n\n<p>En relaci\u00f3n con el crecimiento econ\u00f3mico y la sostenibilidad clim\u00e1tica, Rockstr\u00f6m afirm\u00f3: \"Cada vez hay m\u00e1s pruebas de que la transici\u00f3n hacia la sostenibilidad es la \u00fanica v\u00eda de desarrollo econ\u00f3mico a largo plazo\".<\/p>\n\n\n\n<p><strong>Xinhua\/GN.CZ-Roz_07<\/strong><\/p>","protected":false},"excerpt":{"rendered":"<p>Foto: Xinhua DAVOS, Suiza, 18 ene (Xinhua) -- La cooperaci\u00f3n internacional es necesaria para gestionar todo el planeta y mantenerlo habitable, y China...<\/p>","protected":false},"author":2,"featured_media":4360,"comment_status":"closed","ping_status":"closed","sticky":false,"template":"","format":"standard","meta":{"_acf_changed":false,"_lmt_disableupdate":"","_lmt_disable":"","footnotes":""},"categories":[6],"tags":[],"class_list":["post-4358","post","type-post","status-publish","format-standard","has-post-thumbnail","hentry","category-kultura"],"acf":[],"aioseo_notices":[],"_links":{"self":[{"href":"https:\/\/gnews.cz\/es\/wp-json\/wp\/v2\/posts\/4358","targetHints":{"allow":["GET"]}}],"collection":[{"href":"https:\/\/gnews.cz\/es\/wp-json\/wp\/v2\/posts"}],"about":[{"href":"https:\/\/gnews.cz\/es\/wp-json\/wp\/v2\/types\/post"}],"author":[{"embeddable":true,"href":"https:\/\/gnews.cz\/es\/wp-json\/wp\/v2\/users\/2"}],"replies":[{"embeddable":true,"href":"https:\/\/gnews.cz\/es\/wp-json\/wp\/v2\/comments?post=4358"}],"version-history":[{"count":0,"href":"https:\/\/gnews.cz\/es\/wp-json\/wp\/v2\/posts\/4358\/revisions"}],"wp:featuredmedia":[{"embeddable":true,"href":"https:\/\/gnews.cz\/es\/wp-json\/wp\/v2\/media\/4360"}],"wp:attachment":[{"href":"https:\/\/gnews.cz\/es\/wp-json\/wp\/v2\/media?parent=4358"}],"wp:term":[{"taxonomy":"category","embeddable":true,"href":"https:\/\/gnews.cz\/es\/wp-json\/wp\/v2\/categories?post=4358"},{"taxonomy":"post_tag","embeddable":true,"href":"https:\/\/gnews.cz\/es\/wp-json\/wp\/v2\/tags?post=4358"}],"curies":[{"name":"wp","href":"https:\/\/api.w.org\/{rel}","templated":true}]}}