{"id":43617,"date":"2026-04-07T21:00:00","date_gmt":"2026-04-07T19:00:00","guid":{"rendered":"https:\/\/gnews.cz\/?p=43617"},"modified":"2026-04-08T09:19:02","modified_gmt":"2026-04-08T07:19:02","slug":"divka-se-zlatem-v-hrdle-mimoradny-talent-valentiny-voznuk-z-prahy","status":"publish","type":"post","link":"https:\/\/gnews.cz\/es\/tema\/divka-se-zlatem-v-hrdle-mimoradny-talent-valentiny-voznuk-z-prahy\/","title":{"rendered":"Chica con oro en la garganta: el extraordinario talento de Valentina Voz\u0148uk de Praga"},"content":{"rendered":"<p><strong>Valentina Voz\u0148uk es una talentosa pianista, cantante y actriz. Naci\u00f3 el 21 de junio de 2014 en Praga, donde vive y trabaja. La lista de actividades y logros de esta joven artista ocupar\u00eda varias p\u00e1ginas de texto. Intentaremos exprimir los m\u00e1s importantes en las siguientes l\u00edneas. Pero antes, conozc\u00e1monos...<\/strong><\/p>\n\n\n\n<p>Valentina mostr\u00f3 inter\u00e9s por la m\u00fasica desde muy peque\u00f1a, cuando empez\u00f3 a cantar y a intentar tocar el piano. Su hermano mayor, Vladislav, estudiaba piano por aquel entonces y ella tarareaba las canciones que \u00e9l practicaba. Sus padres, impresionados por su talento, la inscribieron en clases de canto y piano, a las que asiste con diligencia desde los cuatro a\u00f1os. Primero \u201ecorrigi\u00f3\u201c piezas de compositores famosos como Mozart y Smetana, a los que estaba aprendiendo a tocar el piano, y m\u00e1s tarde empez\u00f3 a escribir sus propias composiciones.<\/p>\n\n\n\n<p>Es alumna de la Escuela Primaria Kladsk\u00e1 (una escuela con ense\u00f1anza ampliada de idiomas -un centro docente de la Facultad de Pedagog\u00eda de la Universidad Carolina de Vinohrady), donde desarrolla su talento para el estudio de lenguas extranjeras. Domina el ingl\u00e9s y el alem\u00e1n y, gracias a su pasi\u00f3n por la \u00f3pera, est\u00e1 deseando aprender italiano.<\/p>\n\n\n\n<p><strong>Pianista<\/strong><\/p>\n\n\n\n<p>Los logros de Valentina Voz\u0148uk, de once a\u00f1os, se redimen tocando el piano varias horas al d\u00eda. Pero su diligencia est\u00e1 dando frutos.<br><\/p>\n\n\n\n<figure class=\"wp-block-image size-full is-resized\"><img fetchpriority=\"high\" decoding=\"async\" width=\"600\" height=\"900\" src=\"https:\/\/gnews.cz\/wp-content\/uploads\/2026\/04\/foto_Valentina_Voznuk.webp\" alt=\"\" class=\"wp-image-43619\" style=\"width:766px;height:auto\" srcset=\"https:\/\/gnews.cz\/wp-content\/uploads\/2026\/04\/foto_Valentina_Voznuk.webp 600w, https:\/\/gnews.cz\/wp-content\/uploads\/2026\/04\/foto_Valentina_Voznuk-200x300.webp 200w, https:\/\/gnews.cz\/wp-content\/uploads\/2026\/04\/foto_Valentina_Voznuk-8x12.webp 8w, https:\/\/gnews.cz\/wp-content\/uploads\/2026\/04\/foto_Valentina_Voznuk-585x878.webp 585w\" sizes=\"(max-width: 600px) 100vw, 600px\" \/><figcaption class=\"wp-element-caption\"><em>Valentina Voz\u0148uk present\u00f3 por primera vez las primeras composiciones del citado musical en los concursos Praga Singer y Allegro, donde tuvo una acogida entusiasta y recibi\u00f3 premios por su propia obra.<\/em><\/figcaption><\/figure>\n\n\n\n<p>En los dos \u00faltimos a\u00f1os, gan\u00f3 el 1er premio del Concurso Internacional de Piano Amadeus de Italia y el 1er premio del Concurso Internacional de Piano del Centro Franz Liszt de Hungr\u00eda. Tambi\u00e9n fue la ganadora de la categor\u00eda profesional de piano en el Concurso Internacional de Piano Golden Piano Talents de Macedonia del Norte.<\/p>\n\n\n\n<p>Pero la cosa no acaba ah\u00ed. No hay que olvidar el primer premio en dos categor\u00edas -solista y piano a cuatro manos- del Concurso Joven Anton\u00edn Dvo\u0159\u00e1k de la Rep\u00fablica Checa, ni el primer premio del Concurso Internacional de Piano Globe de los Pa\u00edses Bajos. En su pa\u00eds, tambi\u00e9n fue la ganadora absoluta del Concurso Allegro en la categor\u00eda instrumental.<\/p>\n\n\n\n<p><strong>Cantante, compositor<\/strong><\/p>\n\n\n\n<p>Valentina Voz\u0148uk interpret\u00f3, por ejemplo, el papel de la peque\u00f1a Cosette en el musical <em>Los Miserables<\/em> en el Teatro GOJA y a partir de marzo de 2026 interpreta a la peque\u00f1a Anna en el musical <em>Reino del Hielo<\/em> en el Teatro Musical Karl\u00edn. En el teatro conoci\u00f3 a Felix Slov\u00e1\u010dek hijo, con quien cant\u00f3 la canci\u00f3n <em>Karma gratis<\/em>, cuyo autor es Valentinka.<\/p>\n\n\n\n<p>Su canci\u00f3n de Navidad <em>Una Navidad confusa<\/em> son\u00f3 en la radio y recibi\u00f3 una respuesta positiva. Esto la inspir\u00f3 para escribir un musical original de tema navide\u00f1o.<\/p>\n\n\n\n<p>Tambi\u00e9n es compositora; como tal, fue ganadora del Concurso Internacional de Luxemburgo Artistes en Herbe 2025. <em>Mi mundo encantado<\/em>, que se estren\u00f3 en el peque\u00f1o escenario del Teatro Karl\u00edn. Tambi\u00e9n representa su espect\u00e1culo <em>El nacimiento de un mundo encantado<\/em> (por ejemplo, en el festival Lives Through Music de Praga o en el festival Jihlava for Children).<\/p>\n\n\n\n<figure class=\"wp-block-image size-full is-resized\"><img decoding=\"async\" width=\"599\" height=\"900\" src=\"https:\/\/gnews.cz\/wp-content\/uploads\/2026\/04\/IMG_1379_002.webp\" alt=\"\" class=\"wp-image-43620\" style=\"aspect-ratio:0.6655381944444444;width:779px;height:auto\" srcset=\"https:\/\/gnews.cz\/wp-content\/uploads\/2026\/04\/IMG_1379_002.webp 599w, https:\/\/gnews.cz\/wp-content\/uploads\/2026\/04\/IMG_1379_002-200x300.webp 200w, https:\/\/gnews.cz\/wp-content\/uploads\/2026\/04\/IMG_1379_002-8x12.webp 8w, https:\/\/gnews.cz\/wp-content\/uploads\/2026\/04\/IMG_1379_002-585x879.webp 585w\" sizes=\"(max-width: 599px) 100vw, 599px\" \/><figcaption class=\"wp-element-caption\"><em>El finalista m\u00e1s joven del concurso La Voz de la Rep\u00fablica Checa en la categor\u00eda de creaci\u00f3n propia<\/em><\/figcaption><\/figure>\n\n\n\n<p>En 2024, se convirti\u00f3 en la finalista m\u00e1s joven del concurso La Voz de la Rep\u00fablica Checa 2024 en la categor\u00eda de creaci\u00f3n propia. Tambi\u00e9n es finalista de Top Voice 2025 y BonArt Junior Fest 2025, ganadora absoluta de Skalka Star y ganadora del Grand Prix de Diamond's Voice 2025. Adem\u00e1s, formar\u00e1 parte del jurado de Diamond's Voice 2026, cuya final tendr\u00e1 lugar el 18 de junio de 2026 en Praga.<\/p>\n\n\n\n<p>Gracias a haber ganado el concurso de talentos del Festival de Helados de Praga, Valentinka presentar\u00e1 su programa en el escenario principal del festival el 20 de junio, donde tambi\u00e9n interpretar\u00e1 su canci\u00f3n <em>Helado Holic<\/em>, que compuso para la ocasi\u00f3n.<\/p>\n\n\n\n<p>La pr\u00f3xima entrevista editorial con esta artista excepcionalmente talentosa y prometedora se centrar\u00e1 en su relaci\u00f3n con la m\u00fasica y el canto, el viaje de su vida para cumplir sus sue\u00f1os y los sacrificios que ha tenido que hacer hasta ahora por su talento.<\/p>\n\n\n\n<p><strong>Ivan Cerny<\/strong><\/p>","protected":false},"excerpt":{"rendered":"<p>Valentina Voz\u0148uk es una talentosa pianista, cantante y actriz. Naci\u00f3 el 21 de junio de 2014 en Praga, donde vive y trabaja. Lista de actividades y...<\/p>","protected":false},"author":6,"featured_media":43618,"comment_status":"open","ping_status":"closed","sticky":false,"template":"","format":"standard","meta":{"_acf_changed":false,"_lmt_disableupdate":"","_lmt_disable":"","footnotes":""},"categories":[2968,6,3,1,8],"tags":[12437,12443,12441,12442,12440,12435,12436,269,12438,12439,41],"class_list":["post-43617","post","type-post","status-publish","format-standard","has-post-thumbnail","hentry","category-domaci","category-kultura","category-neprehlednete","category-tema","category-zabava","tag-detska-zpevacka","tag-detsky-talent","tag-hudebni-divadlo-karlin","tag-hudebni-nadani","tag-klavirni-souteze","tag-ledove-kralovstvi-muzikal","tag-mlada-pianistka","tag-praha","tag-valentina-voznuk","tag-vlastni-tvorba","tag-world"],"acf":[],"aioseo_notices":[],"_links":{"self":[{"href":"https:\/\/gnews.cz\/es\/wp-json\/wp\/v2\/posts\/43617","targetHints":{"allow":["GET"]}}],"collection":[{"href":"https:\/\/gnews.cz\/es\/wp-json\/wp\/v2\/posts"}],"about":[{"href":"https:\/\/gnews.cz\/es\/wp-json\/wp\/v2\/types\/post"}],"author":[{"embeddable":true,"href":"https:\/\/gnews.cz\/es\/wp-json\/wp\/v2\/users\/6"}],"replies":[{"embeddable":true,"href":"https:\/\/gnews.cz\/es\/wp-json\/wp\/v2\/comments?post=43617"}],"version-history":[{"count":3,"href":"https:\/\/gnews.cz\/es\/wp-json\/wp\/v2\/posts\/43617\/revisions"}],"predecessor-version":[{"id":43638,"href":"https:\/\/gnews.cz\/es\/wp-json\/wp\/v2\/posts\/43617\/revisions\/43638"}],"wp:featuredmedia":[{"embeddable":true,"href":"https:\/\/gnews.cz\/es\/wp-json\/wp\/v2\/media\/43618"}],"wp:attachment":[{"href":"https:\/\/gnews.cz\/es\/wp-json\/wp\/v2\/media?parent=43617"}],"wp:term":[{"taxonomy":"category","embeddable":true,"href":"https:\/\/gnews.cz\/es\/wp-json\/wp\/v2\/categories?post=43617"},{"taxonomy":"post_tag","embeddable":true,"href":"https:\/\/gnews.cz\/es\/wp-json\/wp\/v2\/tags?post=43617"}],"curies":[{"name":"wp","href":"https:\/\/api.w.org\/{rel}","templated":true}]}}