{"id":43660,"date":"2026-04-08T21:00:00","date_gmt":"2026-04-08T19:00:00","guid":{"rendered":"https:\/\/gnews.cz\/?p=43660"},"modified":"2026-04-08T18:49:19","modified_gmt":"2026-04-08T16:49:19","slug":"pavel-trva-na-ucasti-na-summitu-nato-dopis-babisovi-prekresluje-spor-o-zastoupeni-cr-v-ankare","status":"publish","type":"post","link":"https:\/\/gnews.cz\/es\/neprehlednete\/pavel-trva-na-ucasti-na-summitu-nato-dopis-babisovi-prekresluje-spor-o-zastoupeni-cr-v-ankare\/","title":{"rendered":"Pavel insiste en asistir a la cumbre de la OTAN: la carta a Babi\u0161 distorsiona la disputa sobre la representaci\u00f3n checa en Ankara"},"content":{"rendered":"<p><strong>El mi\u00e9rcoles, el presidente Petr Pavel envi\u00f3 una carta al primer ministro Andrej Babi\u0161 en la que declaraba claramente su intenci\u00f3n de encabezar la delegaci\u00f3n checa en la cumbre de la OTAN que se celebrar\u00e1 en julio en Ankara (Turqu\u00eda). La carta, publicada por el Castillo de Praga, llega en un momento en que los dos responsables constitucionales no pueden reunirse en persona: Babi\u0161 est\u00e1 pasando las vacaciones de Semana Santa en el extranjero, a pesar de que tambi\u00e9n tiene previsto estar en Praga con motivo de la visita del Presidente italiano, Sergio Mattarella.<\/strong><\/p>\n\n\n\n<p><em>\u201eAnte la imposibilidad de reunirnos en persona y tras nuestra llamada telef\u00f3nica, me gustar\u00eda informarle de que, de acuerdo con mi posici\u00f3n constitucional, tengo la intenci\u00f3n de participar como jefe de la delegaci\u00f3n checa en la reuni\u00f3n de Jefes de Estado de la OTAN que se celebrar\u00e1 en Ankara a principios de julio de este a\u00f1o.\u201c<\/em> escribi\u00f3 Paul. Como base jur\u00eddica cita el art\u00edculo 63 de la Constituci\u00f3n de la Rep\u00fablica Checa, que encomienda al presidente la representaci\u00f3n del Estado en el exterior, al tiempo que aboga por la preservaci\u00f3n de costumbres arraigadas.<\/p>\n\n\n\n<p>La disputa sobre qui\u00e9n ir\u00e1 a Ankara dura desde finales de enero y principios de febrero. Dijo entonces el primer ministro Babi\u0161: <em>\u201eCreo que es mejor que vaya con Macinka, porque lo explicaremos mejor que el presidente, que nos critica por ello\u201c.\u201c <\/em>Se refer\u00eda a una larga disputa sobre la cuant\u00eda del gasto checo en defensa, que el gobierno ha reducido en comparaci\u00f3n con compromisos anteriores, una medida que ha sido criticada no s\u00f3lo por el propio Pavel, sino tambi\u00e9n por diplom\u00e1ticos estadounidenses.<\/p>\n\n\n\n<p>En su carta a Babi\u0161, Pavel le sugiere que asista con \u00e9l a la cumbre. En cuanto a los temas clave -los gastos de defensa y el cumplimiento de los compromisos contra\u00eddos en la cumbre de La Haya del a\u00f1o pasado-, el presidente insta a Babi\u0161 a que pueda <em>\u201eexplicar detalladamente la posici\u00f3n del gobierno checo\u201c.\u201c<\/em> Los planes del Gobierno prev\u00e9n una delegaci\u00f3n formada por Babi\u0161, Macinka y el ministro de Defensa Jarom\u00edr Z\u016fna, sin el presidente.<\/p>\n\n\n\n<p>El ministro de Asuntos Exteriores, Petr Macinka, reaccion\u00f3 con dureza a la carta. Afirm\u00f3 que la Rep\u00fablica Checa s\u00f3lo deber\u00eda estar representada en cumbres formales en el extranjero por funcionarios p\u00fablicos que tengan verdadera influencia pol\u00edtica en el pa\u00eds, y que el Presidente del <em>\u201evoluntariedad\u201c<\/em> en este caso, identific\u00f3 la actuaci\u00f3n <em>\u201ebastante indigno,\u201c<\/em> inform\u00f3 la Televisi\u00f3n Checa. Macinka se ha referido repetidamente a Pavel como representante de la oposici\u00f3n y en el pasado ha indicado que pretende bloquear otros viajes del presidente al extranjero.<\/p>\n\n\n\n<p>Pavel ha asistido a todas las cumbres de la OTAN desde que asumi\u00f3 el cargo: en Vilna en 2023, en Washington en 2024 y el a\u00f1o pasado en La Haya. La pr\u00e1ctica hist\u00f3rica no est\u00e1 clara: bajo la presidencia de V\u00e1clav Klaus, era habitual que tanto el presidente como el primer ministro asistieran a las cumbres. Con Milo\u0161 Zeman, la delegaci\u00f3n checa en muchas cumbres estuvo encabezada por el presidente, sin la presencia del primer ministro. Una excepci\u00f3n fue la cumbre de Madrid de 2022, en la que Zeman fue sustituido por el Primer Ministro Petr Fiala de mutuo acuerdo.<\/p>\n\n\n\n<p>La cumbre de la OTAN se celebrar\u00e1 en Ankara los d\u00edas 7 y 8 de julio. La cuesti\u00f3n de si la delegaci\u00f3n checa estar\u00e1 encabezada por el Presidente o por el Primer Ministro sigue abierta, y probablemente ser\u00e1 objeto de nuevas tensiones constitucionales.<\/p>\n\n\n\n<p><strong>gnews.cz - GH<\/strong><\/p>","protected":false},"excerpt":{"rendered":"<p>El mi\u00e9rcoles, el Presidente Petr Pavel envi\u00f3 una carta al Primer Ministro Andrej Babi\u0161 en la que declara claramente su intenci\u00f3n de encabezar la delegaci\u00f3n checa en la...<\/p>","protected":false},"author":6,"featured_media":38105,"comment_status":"open","ping_status":"closed","sticky":false,"template":"","format":"standard","meta":{"_acf_changed":false,"_lmt_disableupdate":"","_lmt_disable":"","footnotes":""},"categories":[2968,3,7],"tags":[5754,12470,12472,6066,1145,151,72,12468,17,12469,41,12471],"class_list":["post-43660","post","type-post","status-publish","format-standard","has-post-thumbnail","hentry","category-domaci","category-neprehlednete","category-politika","tag-andrej-babis","tag-ceska-delegace","tag-haagske-zavazky","tag-obranne-vydaje","tag-petr-macinka","tag-petr-pavel","tag-prazsky-hrad","tag-summit-nato-ankara","tag-top","tag-ustavni-kompetence","tag-world","tag-zahranicni-zastoupeni"],"acf":[],"aioseo_notices":[],"_links":{"self":[{"href":"https:\/\/gnews.cz\/es\/wp-json\/wp\/v2\/posts\/43660","targetHints":{"allow":["GET"]}}],"collection":[{"href":"https:\/\/gnews.cz\/es\/wp-json\/wp\/v2\/posts"}],"about":[{"href":"https:\/\/gnews.cz\/es\/wp-json\/wp\/v2\/types\/post"}],"author":[{"embeddable":true,"href":"https:\/\/gnews.cz\/es\/wp-json\/wp\/v2\/users\/6"}],"replies":[{"embeddable":true,"href":"https:\/\/gnews.cz\/es\/wp-json\/wp\/v2\/comments?post=43660"}],"version-history":[{"count":1,"href":"https:\/\/gnews.cz\/es\/wp-json\/wp\/v2\/posts\/43660\/revisions"}],"predecessor-version":[{"id":43661,"href":"https:\/\/gnews.cz\/es\/wp-json\/wp\/v2\/posts\/43660\/revisions\/43661"}],"wp:featuredmedia":[{"embeddable":true,"href":"https:\/\/gnews.cz\/es\/wp-json\/wp\/v2\/media\/38105"}],"wp:attachment":[{"href":"https:\/\/gnews.cz\/es\/wp-json\/wp\/v2\/media?parent=43660"}],"wp:term":[{"taxonomy":"category","embeddable":true,"href":"https:\/\/gnews.cz\/es\/wp-json\/wp\/v2\/categories?post=43660"},{"taxonomy":"post_tag","embeddable":true,"href":"https:\/\/gnews.cz\/es\/wp-json\/wp\/v2\/tags?post=43660"}],"curies":[{"name":"wp","href":"https:\/\/api.w.org\/{rel}","templated":true}]}}