{"id":43673,"date":"2026-04-09T12:00:00","date_gmt":"2026-04-09T10:00:00","guid":{"rendered":"https:\/\/gnews.cz\/?p=43673"},"modified":"2026-04-09T10:20:53","modified_gmt":"2026-04-09T08:20:53","slug":"primeri-mezi-usa-a-iranem-visi-na-vlasku-svet-ceka-zda-klid-vydrzi","status":"publish","type":"post","link":"https:\/\/gnews.cz\/es\/neprehlednete\/primeri-mezi-usa-a-iranem-visi-na-vlasku-svet-ceka-zda-klid-vydrzi\/","title":{"rendered":"El alto el fuego entre Estados Unidos e Ir\u00e1n pende de un hilo. El mundo espera a ver si la calma dura"},"content":{"rendered":"<p><strong>Las tensiones entre Estados Unidos e Ir\u00e1n se aliviaron temporalmente tras semanas de escalada cuando Donald Trump anunci\u00f3 un alto el fuego de dos semanas. Sin embargo, su futuro sigue siendo incierto y, seg\u00fan muchos analistas y pol\u00edticos, no hay un claro ganador o perdedor.<\/strong><\/p>\n\n\n\n<p><strong>Turqu\u00eda como mediador clave<\/strong><\/p>\n\n\n\n<p>Seg\u00fan el diario turco Hurriyet, Turqu\u00eda desempe\u00f1\u00f3 un papel importante en la negociaci\u00f3n del alto el fuego, y sus dirigentes mantuvieron decenas de conversaciones telef\u00f3nicas con funcionarios de Ankara, Washington, Teher\u00e1n y otras capitales. Ankara intenta ahora convertir la pausa a corto plazo de los combates en un acuerdo m\u00e1s permanente. Se espera que las conversaciones entre Estados Unidos e Ir\u00e1n contin\u00faen en Islamabad.<\/p>\n\n\n\n<p><strong>Ir\u00e1n resisti\u00f3, Occidente se qued\u00f3 corto<\/strong><\/p>\n\n\n\n<p>El comentarista Hande Firat se\u00f1al\u00f3 que, aunque el conflicto no tiene un claro vencedor, Ir\u00e1n no ha salido perdedor. El r\u00e9gimen se ha mantenido estable y sus capacidades en materia de misiles no se han debilitado fundamentalmente. Por el contrario, dijo, Estados Unidos ha sufrido p\u00e9rdidas y ha agotado una parte importante de su arsenal de misiles. As\u00ed pues, tanto Israel como Estados Unidos no han logrado un \u00e9xito completo.<\/p>\n\n\n\n<p><strong>El Estrecho de Ormuz sigue siendo un problema<\/strong><\/p>\n\n\n\n<p>A pesar del alto el fuego, continuaron los ataques espor\u00e1dicos entre Ir\u00e1n e Israel y el Estrecho de Ormuz, de importancia estrat\u00e9gica.<strong> <\/strong>permanece efectivamente cerrado. Por ello, Washington ha pedido a los aliados de la OTAN que presenten urgentemente planes para garantizar la seguridad de la navegaci\u00f3n.<\/p>\n\n\n\n<p><strong>Persiste la desconfianza de Ir\u00e1n hacia Estados Unidos<\/strong><\/p>\n\n\n\n<p>El embajador iran\u00ed Ali Mojtaba Rouzbahani declar\u00f3 que Teher\u00e1n considera el alto el fuego como una prueba de la credibilidad de Estados Unidos. Subray\u00f3 que Ir\u00e1n verificar\u00eda cuidadosamente las acciones de Washington y no se basar\u00eda \u00fanicamente en promesas diplom\u00e1ticas.<\/p>\n\n\n\n<p><strong>Tensiones entre aliados<\/strong><\/p>\n\n\n\n<p>Seg\u00fan The Wall Street Journal, Israel no estaba satisfecho con el planteamiento estadounidense. Benjamin Netanyahu deber\u00eda haber sido informado del acuerdo en el \u00faltimo minuto y sin coordinaci\u00f3n. Adem\u00e1s, Tel Aviv se neg\u00f3 a incluir el conflicto con Hezbol\u00e1 en el alto el fuego.<\/p>\n\n\n\n<p><strong>Repercusiones en el petr\u00f3leo y los mercados mundiales<\/strong><\/p>\n\n\n\n<p>El conflicto tambi\u00e9n ha afectado considerablemente al sector energ\u00e9tico. Los expertos afirman que podr\u00eda llevar meses restablecer el suministro de petr\u00f3leo a los niveles anteriores debido a las infraestructuras da\u00f1adas y al tr\u00e1fico limitado en la regi\u00f3n del Golfo.<\/p>\n\n\n\n<p><strong>Las negociaciones en Pakist\u00e1n ser\u00e1n decisivas<\/strong><\/p>\n\n\n\n<p>La evoluci\u00f3n de la situaci\u00f3n depender\u00e1 de las pr\u00f3ximas negociaciones, que tendr\u00e1n lugar en Islamabad bajo estrictas medidas de seguridad. Se espera que las conversaciones duren varios d\u00edas y puedan decidir el futuro del alto el fuego.<\/p>\n\n\n\n<p><strong>gnews.cz - GH<\/strong><\/p>","protected":false},"excerpt":{"rendered":"<p>Las tensiones entre Estados Unidos e Ir\u00e1n se aliviaron temporalmente tras semanas de escalada cuando Donald Trump anunci\u00f3 un alto el fuego de dos semanas. Aun as\u00ed, su futuro sigue siendo...<\/p>","protected":false},"author":6,"featured_media":29917,"comment_status":"open","ping_status":"closed","sticky":false,"template":"","format":"standard","meta":{"_acf_changed":false,"_lmt_disableupdate":"","_lmt_disable":"","footnotes":""},"categories":[3,7,2973],"tags":[12515,496,760,12512,49,56,1728,991,12508,17,38,41],"class_list":["post-43673","post","type-post","status-publish","format-standard","has-post-thumbnail","hentry","category-neprehlednete","category-politika","category-zahranicni","tag-benjamin-netanyahu","tag-donald-trump","tag-iran-3","tag-islamabad","tag-izrael","tag-nato","tag-primeri","tag-ropa","tag-strait-of-hormuz","tag-top","tag-usa","tag-world"],"acf":[],"aioseo_notices":[],"_links":{"self":[{"href":"https:\/\/gnews.cz\/es\/wp-json\/wp\/v2\/posts\/43673","targetHints":{"allow":["GET"]}}],"collection":[{"href":"https:\/\/gnews.cz\/es\/wp-json\/wp\/v2\/posts"}],"about":[{"href":"https:\/\/gnews.cz\/es\/wp-json\/wp\/v2\/types\/post"}],"author":[{"embeddable":true,"href":"https:\/\/gnews.cz\/es\/wp-json\/wp\/v2\/users\/6"}],"replies":[{"embeddable":true,"href":"https:\/\/gnews.cz\/es\/wp-json\/wp\/v2\/comments?post=43673"}],"version-history":[{"count":1,"href":"https:\/\/gnews.cz\/es\/wp-json\/wp\/v2\/posts\/43673\/revisions"}],"predecessor-version":[{"id":43674,"href":"https:\/\/gnews.cz\/es\/wp-json\/wp\/v2\/posts\/43673\/revisions\/43674"}],"wp:featuredmedia":[{"embeddable":true,"href":"https:\/\/gnews.cz\/es\/wp-json\/wp\/v2\/media\/29917"}],"wp:attachment":[{"href":"https:\/\/gnews.cz\/es\/wp-json\/wp\/v2\/media?parent=43673"}],"wp:term":[{"taxonomy":"category","embeddable":true,"href":"https:\/\/gnews.cz\/es\/wp-json\/wp\/v2\/categories?post=43673"},{"taxonomy":"post_tag","embeddable":true,"href":"https:\/\/gnews.cz\/es\/wp-json\/wp\/v2\/tags?post=43673"}],"curies":[{"name":"wp","href":"https:\/\/api.w.org\/{rel}","templated":true}]}}