{"id":43849,"date":"2026-04-12T18:30:00","date_gmt":"2026-04-12T16:30:00","guid":{"rendered":"https:\/\/gnews.cz\/?p=43849"},"modified":"2026-04-12T15:16:16","modified_gmt":"2026-04-12T13:16:16","slug":"ceny-andel-dlouhodobe-reflektuji-vyvoj-ceske-hudebni-sceny-a-letosni-rocnik-nebyl-vyjimkou","status":"publish","type":"post","link":"https:\/\/gnews.cz\/es\/tema\/ceny-andel-dlouhodobe-reflektuji-vyvoj-ceske-hudebni-sceny-a-letosni-rocnik-nebyl-vyjimkou\/","title":{"rendered":"Los Premios And\u011bl llevan mucho tiempo reflejando el desarrollo de la escena musical checa y este a\u00f1o no ha sido una excepci\u00f3n."},"content":{"rendered":"<p><strong>PRAGA - El prestigioso premio musical And\u011bl de 2025, otorgado por la Academia Checa de la M\u00fasica, confirm\u00f3 este a\u00f1o la s\u00f3lida posici\u00f3n de los artistas consagrados y la creciente influencia de la nueva generaci\u00f3n de m\u00fasicos. Michal Prokop fue una de las personalidades m\u00e1s destacadas de la velada, al ganar el premio al Artista Solista del A\u00f1o. Su regreso a la escena musical y su constante producci\u00f3n durante un largo periodo de tiempo cautivaron no s\u00f3lo a los acad\u00e9micos, sino tambi\u00e9n al p\u00fablico en general.<\/strong><\/p>\n\n\n\n<blockquote class=\"wp-block-quote is-layout-flow wp-block-quote-is-layout-flow\">\n<p><strong>Prokop tambi\u00e9n triunf\u00f3 en la categor\u00eda principal de \u00c1lbum del A\u00f1o. El premio recay\u00f3 en el \u00e1lbum \u201eOstraka\u201c, que grab\u00f3 junto con su banda de acompa\u00f1amiento Framus Five. El \u00e1lbum fue premiado por su calidad musical, profundidad l\u00edrica y producci\u00f3n. Los cr\u00edticos han elogiado especialmente su sonido aut\u00e9ntico y su capacidad para atraer a oyentes de todas las generaciones.<\/strong><\/p>\n<\/blockquote>\n\n\n\n<figure class=\"wp-block-image size-large\"><img fetchpriority=\"high\" decoding=\"async\" width=\"1024\" height=\"740\" src=\"https:\/\/gnews.cz\/wp-content\/uploads\/2026\/04\/Screenshot_20260412_161419-1024x740.webp\" alt=\"\" class=\"wp-image-43852\" srcset=\"https:\/\/gnews.cz\/wp-content\/uploads\/2026\/04\/Screenshot_20260412_161419-1024x740.webp 1024w, https:\/\/gnews.cz\/wp-content\/uploads\/2026\/04\/Screenshot_20260412_161419-300x217.webp 300w, https:\/\/gnews.cz\/wp-content\/uploads\/2026\/04\/Screenshot_20260412_161419-768x555.webp 768w, https:\/\/gnews.cz\/wp-content\/uploads\/2026\/04\/Screenshot_20260412_161419-18x12.webp 18w, https:\/\/gnews.cz\/wp-content\/uploads\/2026\/04\/Screenshot_20260412_161419-1170x846.webp 1170w, https:\/\/gnews.cz\/wp-content\/uploads\/2026\/04\/Screenshot_20260412_161419-585x423.webp 585w, https:\/\/gnews.cz\/wp-content\/uploads\/2026\/04\/Screenshot_20260412_161419.webp 1245w\" sizes=\"(max-width: 1024px) 100vw, 1024px\" \/><\/figure>\n\n\n\n<p>La legendaria banda M\u0148\u00e1ga a \u017d\u010forp tambi\u00e9n logr\u00f3 un \u00e9xito significativo y fue nombrada Grupo del A\u00f1o. Ganaron el premio por su \u00e1lbum \u201eHo\u0159\u00ed\u0161? Ho\u0159\u00edm!\u201c, que se basa en su trabajo de muchos a\u00f1os y confirma la posici\u00f3n estable de la banda en la escena musical checa. La banda demuestra que, incluso despu\u00e9s de d\u00e9cadas de carrera activa, sigue siendo capaz de ofrecer m\u00fasica relevante y atractiva.<\/p>\n\n\n\n<blockquote class=\"wp-block-quote is-layout-flow wp-block-quote-is-layout-flow\">\n<p><strong>Adem\u00e1s de los nombres consagrados, los premios de este a\u00f1o contaron con la participaci\u00f3n de los reci\u00e9n llegados. La canci\u00f3n del a\u00f1o fue \u201eForever the Fool\u201c, en la que particip\u00f3 el tr\u00edo de rap Gufrau junto con el m\u00fasico Victor Kal y el rapero Rohony. Esta colaboraci\u00f3n es un ejemplo de la tendencia actual de combinar diferentes estilos musicales y generaciones. El din\u00e1mico tema cautiv\u00f3 por su energ\u00eda y su sonido moderno y se convirti\u00f3 en uno de los \u00e9xitos m\u00e1s significativos del a\u00f1o pasado.<\/strong><\/p>\n<\/blockquote>\n\n\n\n<p>Los premios And\u011bl reflejan desde hace tiempo la evoluci\u00f3n de la escena musical checa y este a\u00f1o no ha sido una excepci\u00f3n. Los resultados demuestran que, junto a los g\u00e9neros tradicionales, cada vez cobran m\u00e1s protagonismo las tendencias musicales modernas, como el rap y la producci\u00f3n alternativa. Pero tambi\u00e9n confirma que la calidad y la personalidad siguen siendo factores clave del \u00e9xito, independientemente del estilo o la generaci\u00f3n de los int\u00e9rpretes. La noche de gala en Praga no s\u00f3lo ofreci\u00f3 una visi\u00f3n general de lo mejor de la producci\u00f3n musical checa del a\u00f1o pasado, sino tambi\u00e9n un anticipo de la futura direcci\u00f3n de la m\u00fasica checa. La combinaci\u00f3n de experiencia e innovaci\u00f3n est\u00e1 demostrando ser el principal motor de su desarrollo futuro.<\/p>\n\n\n\n<p><strong><a href=\"https:\/\/gnews.cz\/es\/\" target=\"_blank\" rel=\"noopener\" title=\"\"><mark style=\"background-color:rgba(0, 0, 0, 0)\" class=\"has-inline-color has-vivid-cyan-blue-color\">gnews.cz<\/mark><\/a> - GH<\/strong><\/p>","protected":false},"excerpt":{"rendered":"<p>PRAGA - El prestigioso Premio And\u011bl de la M\u00fasica 2025, otorgado por la Academia Checa de la M\u00fasica, ha confirmado este a\u00f1o la s\u00f3lida posici\u00f3n de los artistas consagrados y la creciente influencia de...<\/p>","protected":false},"author":10,"featured_media":43851,"comment_status":"open","ping_status":"closed","sticky":false,"template":"","format":"standard","meta":{"_acf_changed":false,"_lmt_disableupdate":"","_lmt_disable":"","footnotes":""},"categories":[2968,6,658,1,8],"tags":[12694,12683,12684,12690,45,12700,12685,12689,12698,12701,12693,12697,12688,12687,10,12699,12691,12692,12695,12696,17,12686,41],"class_list":["post-43849","post","type-post","status-publish","format-standard","has-post-thumbnail","hentry","category-domaci","category-kultura","category-prectete-si","category-tema","category-zabava","tag-album-roku","tag-ceny-andel-2025","tag-ceska-hudebni-akademie","tag-ceska-hudebni-scena","tag-cr","tag-cesky-rap","tag-framus-five","tag-gufrau","tag-horis-horim","tag-hudebni-ceny-cr","tag-hudebni-oceneni","tag-michal-prokop","tag-mnaga-a-zdorp","tag-navzdycky-blazen","tag-news","tag-ostraka-album","tag-rohony","tag-skladba-roku","tag-skupina-roku","tag-solovy-interpret","tag-top","tag-victor-kal","tag-world"],"acf":[],"aioseo_notices":[],"_links":{"self":[{"href":"https:\/\/gnews.cz\/es\/wp-json\/wp\/v2\/posts\/43849","targetHints":{"allow":["GET"]}}],"collection":[{"href":"https:\/\/gnews.cz\/es\/wp-json\/wp\/v2\/posts"}],"about":[{"href":"https:\/\/gnews.cz\/es\/wp-json\/wp\/v2\/types\/post"}],"author":[{"embeddable":true,"href":"https:\/\/gnews.cz\/es\/wp-json\/wp\/v2\/users\/10"}],"replies":[{"embeddable":true,"href":"https:\/\/gnews.cz\/es\/wp-json\/wp\/v2\/comments?post=43849"}],"version-history":[{"count":2,"href":"https:\/\/gnews.cz\/es\/wp-json\/wp\/v2\/posts\/43849\/revisions"}],"predecessor-version":[{"id":43853,"href":"https:\/\/gnews.cz\/es\/wp-json\/wp\/v2\/posts\/43849\/revisions\/43853"}],"wp:featuredmedia":[{"embeddable":true,"href":"https:\/\/gnews.cz\/es\/wp-json\/wp\/v2\/media\/43851"}],"wp:attachment":[{"href":"https:\/\/gnews.cz\/es\/wp-json\/wp\/v2\/media?parent=43849"}],"wp:term":[{"taxonomy":"category","embeddable":true,"href":"https:\/\/gnews.cz\/es\/wp-json\/wp\/v2\/categories?post=43849"},{"taxonomy":"post_tag","embeddable":true,"href":"https:\/\/gnews.cz\/es\/wp-json\/wp\/v2\/tags?post=43849"}],"curies":[{"name":"wp","href":"https:\/\/api.w.org\/{rel}","templated":true}]}}