{"id":14512,"date":"2024-10-13T17:31:00","date_gmt":"2024-10-13T15:31:00","guid":{"rendered":"https:\/\/www.gnews.cz\/?p=14512"},"modified":"2024-10-17T18:39:21","modified_gmt":"2024-10-17T16:39:21","slug":"la-pologne-veut-suspendre-temporairement-le-droit-dasile-et-demande-lapprobation-de-lue","status":"publish","type":"post","link":"https:\/\/gnews.cz\/fr\/politika\/polsko-chce-docasne-pozastavit-pravo-na-azyl-pozada-o-souhlas-eu\/","title":{"rendered":"La Pologne va suspendre temporairement les droits d'asile et demander l'approbation de l'UE"},"content":{"rendered":"<p><strong>VARSOVIE - Le Premier ministre polonais Donald Tusk a annonc\u00e9 l'adoption de la strat\u00e9gie \u00e0 long terme du gouvernement intitul\u00e9e \"Reprendre le contr\u00f4le, assurer la s\u00e9curit\u00e9\", qui vise \u00e0 reprendre le contr\u00f4le total des migrations et \u00e0 r\u00e9duire autant que possible les franchissements ill\u00e9gaux des fronti\u00e8res de la Pologne. Il d\u00e9voilera cette strat\u00e9gie mardi, un an apr\u00e8s les \u00e9lections qui ont port\u00e9 son parti au pouvoir. En raison de la situation \u00e0 la fronti\u00e8re avec la Bi\u00e9lorussie, il souhaite suspendre temporairement le droit d'asile dans le cadre de cette strat\u00e9gie et demander \u00e0 l'Union europ\u00e9enne d'approuver cette mesure. Varsovie accuse Minsk d'encourager et d'aider les migrants \u00e0 franchir la fronti\u00e8re polonaise.<\/strong><\/p>\n\n\n\n<blockquote class=\"wp-block-quote is-layout-flow wp-block-quote-is-layout-flow\">\n<p><strong><em>\"Nous ne respecterons ni n'appliquerons aucune id\u00e9e europ\u00e9enne qui (...) porte atteinte \u00e0 notre s\u00e9curit\u00e9. Je fais r\u00e9f\u00e9rence au pacte migratoire et au contexte de l'immigration\".<\/em> a d\u00e9clar\u00e9 M. Tusk, qui a \u00e9galement \u00e9t\u00e9 pr\u00e9sident du Conseil europ\u00e9en.<\/strong><\/p>\n<\/blockquote>\n\n\n\n<p><em>\"Nous voulons que viennent en Pologne des personnes qui travailleront honn\u00eatement, \u00e9tudieront, paieront des imp\u00f4ts et s'int\u00e9greront dans la soci\u00e9t\u00e9 polonaise. Ces personnes m\u00e9ritent respect et estime. Ils doivent accepter les normes et les coutumes polonaises\".<\/em> a d\u00e9clar\u00e9 M. Tusk.  Il a ajout\u00e9 que l'\u00c9tat \u00e9tait tenu de limiter au maximum l'immigration clandestine en Pologne et de reprendre le contr\u00f4le total des personnes qui viennent, des raisons pour lesquelles elles viennent et de la mani\u00e8re dont elles peuvent \u00eatre utiles.<\/p>\n\n\n\n<blockquote class=\"wp-block-quote is-layout-flow wp-block-quote-is-layout-flow\">\n<p><strong>Le premier ministre s'exprimait \u00e0 Varsovie lors d'un congr\u00e8s de la Plate-forme civique, le principal parti de la coalition gouvernementale polonaise. <em>\"Nous disposons d'un grand nombre d'exp\u00e9riences n\u00e9gatives de la part des pays occidentaux. Ils ont attir\u00e9 beaucoup d'immigrants. \u00c0 un moment donn\u00e9, ils ont n\u00e9glig\u00e9 l'aspect de l'int\u00e9gration\".<\/em> Il a ajout\u00e9.<\/strong><\/p>\n<\/blockquote>\n\n\n\n<p>La migration est un sujet important en Pologne depuis 2021, lorsqu'un grand nombre de personnes, principalement originaires du Moyen-Orient et d'Afrique, ont commenc\u00e9 \u00e0 franchir ill\u00e9galement la fronti\u00e8re avec le Belarus. \u00c0 l'\u00e9poque, Varsovie et l'Union europ\u00e9enne ont accus\u00e9 Minsk et ses alli\u00e9s, la Russie, d'\u00eatre \u00e0 l'origine de la crise. Ces pays ont ni\u00e9 toute responsabilit\u00e9. La Pologne constitue la fronti\u00e8re ext\u00e9rieure de l'Union europ\u00e9enne et de l'espace Schengen. Selon le ministre polonais de la d\u00e9fense, la pression sur la fronti\u00e8re polono-bi\u00e9lorusse s'est accrue, les tentatives de franchissement ill\u00e9gal se multipliant et les incidents violents se multipliant de part et d'autre.<\/p>\n\n\n\n<blockquote class=\"wp-block-quote is-layout-flow wp-block-quote-is-layout-flow\">\n<p><strong><em>\"Nous devons reprendre le contr\u00f4le \u00e0 100 % des personnes qui viennent en Pologne\". <\/em>a soulign\u00e9 M. Tusk. Selon le Premier ministre, l'un des \u00e9l\u00e9ments de la strat\u00e9gie migratoire sera <em>\"suspension territoriale temporaire du droit d'asile\".<\/em> M. Tusk a d\u00e9clar\u00e9 que le droit d'asile faisait l'objet d'abus. <em>\"C'est parce que nous savons tr\u00e8s bien comment il est utilis\u00e9 <\/em>(par le pr\u00e9sident bi\u00e9lorusse Alexandemr)<em> Lukashenko, (le pr\u00e9sident russe Vladimir) Poutine, les passeurs et les trafiquants d'\u00eatres humains, comment ce droit d'asile est utilis\u00e9 de mani\u00e8re abusive, pr\u00e9cis\u00e9ment contre son essence\", a d\u00e9clar\u00e9 le pr\u00e9sident de la Commission europ\u00e9enne.<\/em> a d\u00e9clar\u00e9 le premier ministre polonais.\u00a0\u00a0<\/strong><\/p>\n<\/blockquote>\n\n\n\n<p>Depuis qu'il a pris ses fonctions de premier ministre en d\u00e9cembre dernier, le lib\u00e9ral Tusk s'est efforc\u00e9 d'adopter une politique stricte en mati\u00e8re d'immigration, une strat\u00e9gie qui a \u00e9t\u00e9 largement soutenue par l'opinion publique. Cette strat\u00e9gie a \u00e9t\u00e9 largement soutenue par l'opinion publique, mais elle a inqui\u00e9t\u00e9 les militants qui esp\u00e9raient que le nouveau premier ministre abandonnerait l'approche du pr\u00e9c\u00e9dent gouvernement nationaliste. En juillet, le parlement polonais a adopt\u00e9 une loi permettant aux forces de s\u00e9curit\u00e9 d'utiliser plus facilement des armes contre les migrants \u00e0 la fronti\u00e8re avec la Bi\u00e9lorussie.<\/p>\n\n\n\n<p>Selon Onet.pl, le fondateur de l'organisation humanitaire Polish Humanitarian Action a critiqu\u00e9 le plan du premier ministre <strong>Janina Ochojsk\u00e1<\/strong> . <em>\"Si le Premier ministre annonce quelque chose comme cela, cela signifie qu'il suspend \u00e9galement la Convention de Gen\u00e8ve, la Convention des droits de l'homme et beaucoup d'autres conventions et droits. Cela signifie-t-il qu'ils ne s'appliqueront pas en Pologne ?\".<\/em> demande Mme Ochojsk\u00e1, qui a \u00e9galement \u00e9t\u00e9 membre du Parlement europ\u00e9en.<\/p>\n\n\n\n<blockquote class=\"wp-block-quote is-layout-flow wp-block-quote-is-layout-flow\">\n<p><strong>D'autres ONG se sont \u00e9galement jointes \u00e0 la critique. <em>\"Je n'ai jamais consid\u00e9r\u00e9 Donald Tusk comme un d\u00e9fenseur des droits de l'homme, mais il a atteint un nouveau seuil\".<\/em> a d\u00e9clar\u00e9 Ma\u0142gorzata Szulekaov\u00e1, membre du conseil d'administration de la Fondation Helsinki pour les droits de l'homme (HFHR), bas\u00e9e \u00e0 Varsovie. <em>\"Il y a une crise humanitaire \u00e0 la fronti\u00e8re, mais c'est aussi une route migratoire ouverte. Nous devons trouver un espace pour une discussion sens\u00e9e qui ne soit pas si populiste\".<\/em> Elle a ajout\u00e9.<\/strong><\/p>\n<\/blockquote>\n\n\n\n<p><strong>Marysia Zlonkiewicz<\/strong> de Grupa Granica, une organisation qui aide les migrants \u00e0 la fronti\u00e8re, a qualifi\u00e9 la suspension du droit d'asile de mesure inconstitutionnelle qui jettera les migrants entre les mains des passeurs. <em>\"Le Premier ministre Donald Tusk viole la constitution qu'il s'est engag\u00e9 \u00e0 d\u00e9fendre\". <\/em>a-t-elle d\u00e9clar\u00e9.<\/p>\n\n\n\n<p>La question de la migration a \u00e9galement \u00e9t\u00e9 abord\u00e9e lors d'une r\u00e9union conjointe des gouvernements polonais et tch\u00e8que \u00e0 Prague le 9 octobre. Les deux cabinets ont appel\u00e9 conjointement \u00e0 un durcissement de la politique migratoire europ\u00e9enne et ont pr\u00e9conis\u00e9 une \"version plus stricte et diff\u00e9rente du pacte europ\u00e9en sur les migrations\", qui doit entrer en vigueur en 2026. Ils ont appel\u00e9 \u00e0 une meilleure protection des fronti\u00e8res ext\u00e9rieures de l'UE, tout en critiquant la r\u00e9introduction de fronti\u00e8res int\u00e9rieures, comme l'a fait l'Allemagne.<\/p>\n\n\n\n<p><strong>gov.pl \/ wikipedia \/ Gnews.cz - HeK<\/strong><\/p>\n\n\n\n<p><\/p>","protected":false},"excerpt":{"rendered":"<p>VARSOVIE - Le Premier ministre polonais Donald Tusk a annonc\u00e9 l'adoption de la strat\u00e9gie \u00e0 long terme du gouvernement \"Reprendre le contr\u00f4le, assurer la s\u00e9curit\u00e9\", qui vise \u00e0 reprendre le contr\u00f4le...<\/p>","protected":false},"author":4,"featured_media":14513,"comment_status":"closed","ping_status":"closed","sticky":false,"template":"","format":"standard","meta":{"_acf_changed":false,"_lmt_disableupdate":"","_lmt_disable":"","footnotes":""},"categories":[7],"tags":[1374,46,78,379,30,17],"class_list":["post-14512","post","type-post","status-publish","format-standard","has-post-thumbnail","hentry","category-politika","tag-donald-tusk","tag-eu","tag-evropa","tag-migrace","tag-polsko","tag-top"],"acf":[],"aioseo_notices":[],"_links":{"self":[{"href":"https:\/\/gnews.cz\/fr\/wp-json\/wp\/v2\/posts\/14512","targetHints":{"allow":["GET"]}}],"collection":[{"href":"https:\/\/gnews.cz\/fr\/wp-json\/wp\/v2\/posts"}],"about":[{"href":"https:\/\/gnews.cz\/fr\/wp-json\/wp\/v2\/types\/post"}],"author":[{"embeddable":true,"href":"https:\/\/gnews.cz\/fr\/wp-json\/wp\/v2\/users\/4"}],"replies":[{"embeddable":true,"href":"https:\/\/gnews.cz\/fr\/wp-json\/wp\/v2\/comments?post=14512"}],"version-history":[{"count":0,"href":"https:\/\/gnews.cz\/fr\/wp-json\/wp\/v2\/posts\/14512\/revisions"}],"wp:featuredmedia":[{"embeddable":true,"href":"https:\/\/gnews.cz\/fr\/wp-json\/wp\/v2\/media\/14513"}],"wp:attachment":[{"href":"https:\/\/gnews.cz\/fr\/wp-json\/wp\/v2\/media?parent=14512"}],"wp:term":[{"taxonomy":"category","embeddable":true,"href":"https:\/\/gnews.cz\/fr\/wp-json\/wp\/v2\/categories?post=14512"},{"taxonomy":"post_tag","embeddable":true,"href":"https:\/\/gnews.cz\/fr\/wp-json\/wp\/v2\/tags?post=14512"}],"curies":[{"name":"wp","href":"https:\/\/api.w.org\/{rel}","templated":true}]}}