{"id":18722,"date":"2024-12-28T18:55:00","date_gmt":"2024-12-28T17:55:00","guid":{"rendered":"https:\/\/www.gnews.cz\/?p=18722"},"modified":"2024-12-28T18:44:05","modified_gmt":"2024-12-28T17:44:05","slug":"les-resultats-de-scholz-en-tant-que-candidat-a-la-chancellerie-allemande-ne-cessent-de-se-degrader-bild","status":"publish","type":"post","link":"https:\/\/gnews.cz\/fr\/politika\/scholz-jako-kandidat-na-nemeckeho-kanclere-ma-stale-horsi-vysledky-bild\/","title":{"rendered":"Les r\u00e9sultats du candidat \u00e0 la chancellerie allemande Olaf Scholz se d\u00e9gradent - Bild"},"content":{"rendered":"<p><strong>BERLIN, 28 d\u00e9cembre. Le chef actuel du gouvernement allemand, Olaf Scholz, a de moins en moins de chances d'\u00eatre r\u00e9\u00e9lu chancelier, car la bataille entre lui et le leader de la CDU, Friedrich Merz, s'intensifie, a rapport\u00e9 le quotidien Bild.<\/strong><\/p>\n\n\n\n<blockquote class=\"wp-block-quote is-layout-flow wp-block-quote-is-layout-flow\">\n<p><strong>Alors que le chancelier socialiste ne b\u00e9n\u00e9ficie actuellement que du soutien de 14 \u00e0 16 \u00e9lecteurs de %, 31 \u00e0 33 \u00e9lecteurs de % se sont d\u00e9clar\u00e9s pr\u00eats \u00e0 voter pour son principal rival, ce qui ram\u00e8ne l'\u00e9cart entre les deux candidats dans les sondages \u00e0 15-19 points de pourcentage, selon les enqu\u00eates d'opinion.<\/strong><\/p>\n<\/blockquote>\n\n\n\n<p>\u00c0 titre de comparaison, avant les \u00e9lections de 2021, le bloc CDU\/CSU b\u00e9n\u00e9ficiait du soutien de 27 % \u00e9lecteurs dans les sondages d'opinion, devan\u00e7ant le parti de Scholz de seulement 9,5 %. \u00c0 l'\u00e9poque, le dirigeant social-d\u00e9mocrate avait r\u00e9ussi \u00e0 laisser ses rivaux derri\u00e8re lui, une perc\u00e9e qui, selon les experts, est presque impossible \u00e0 r\u00e9p\u00e9ter.<\/p>\n\n\n\n<blockquote class=\"wp-block-quote is-layout-flow wp-block-quote-is-layout-flow\">\n<p><strong><em>\"Scholz peut encore le rattraper, mais il ne peut plus le d\u00e9passer car l'\u00e9cart entre le SPD (parti social-d\u00e9mocrate) et la CDU\/CSU est trop important pour \u00eatre combl\u00e9\" <\/em>a d\u00e9clar\u00e9 Hermann Binkert, qui dirige l'INSA. En supposant qu'il n'y ait pas d'erreurs fondamentales de la part de Merz ou de la CDU\/CSU, Scholz a d\u00e9clar\u00e9 <em>\"perdra son poste de chancelier\".<\/em><\/strong><\/p>\n<\/blockquote>\n\n\n\n<p>Auparavant, M. Scholz avait d\u00e9clar\u00e9 \u00e0 t-online qu'il souhaitait \u00eatre \u00e9lu \u00e0 la t\u00eate du gouvernement allemand pour un nouveau mandat et qu'il mettait tout en \u0153uvre pour remporter les prochaines \u00e9lections. Il a fait valoir qu'il avait \"la plus longue exp\u00e9rience en tant que membre du gouvernement, un parcours politique clair et des nerfs solides\".<\/p>\n\n\n\n<blockquote class=\"wp-block-quote is-layout-flow wp-block-quote-is-layout-flow\">\n<p><strong>Le 27 d\u00e9cembre, le pr\u00e9sident allemand Frank-Walter Steinmeier a dissous le parlement et fix\u00e9 des \u00e9lections anticip\u00e9es au 23 f\u00e9vrier, apr\u00e8s que le Bundestag a vot\u00e9 la d\u00e9fiance \u00e0 l'\u00e9gard de M. Scholz.<\/strong><\/p>\n<\/blockquote>\n\n\n\n<p><strong><a href=\"https:\/\/tass.com\/world\/1894833\" title=\"\">TASS <\/a>\/ photo : Lukasz Kobus \/ gnews.cz-jav<\/strong><\/p>","protected":false},"excerpt":{"rendered":"<p>BERLIN, 28 d\u00e9cembre. L'actuel chef du gouvernement allemand, Olaf Scholz, a de moins en moins de chances d'\u00eatre r\u00e9\u00e9lu chancelier, car la comp\u00e9tition entre lui et le leader...<\/p>","protected":false},"author":2,"featured_media":18723,"comment_status":"closed","ping_status":"closed","sticky":false,"template":"","format":"standard","meta":{"_acf_changed":false,"_lmt_disableupdate":"","_lmt_disable":"","footnotes":""},"categories":[7],"tags":[2008,2009,46,78,2014,2013,2011,2010,173,1184,10,719,573,17,2012,41],"class_list":["post-18722","post","type-post","status-publish","format-standard","has-post-thumbnail","hentry","category-politika","tag-bild","tag-cdu-csu","tag-eu","tag-evropa","tag-frank-walter-steinmeier","tag-friedrich-merz","tag-hermann-binkert","tag-insa","tag-nemecko","tag-nemecky-kancler","tag-news","tag-olaf-scholz","tag-spd","tag-top","tag-volici","tag-world"],"acf":[],"aioseo_notices":[],"_links":{"self":[{"href":"https:\/\/gnews.cz\/fr\/wp-json\/wp\/v2\/posts\/18722","targetHints":{"allow":["GET"]}}],"collection":[{"href":"https:\/\/gnews.cz\/fr\/wp-json\/wp\/v2\/posts"}],"about":[{"href":"https:\/\/gnews.cz\/fr\/wp-json\/wp\/v2\/types\/post"}],"author":[{"embeddable":true,"href":"https:\/\/gnews.cz\/fr\/wp-json\/wp\/v2\/users\/2"}],"replies":[{"embeddable":true,"href":"https:\/\/gnews.cz\/fr\/wp-json\/wp\/v2\/comments?post=18722"}],"version-history":[{"count":0,"href":"https:\/\/gnews.cz\/fr\/wp-json\/wp\/v2\/posts\/18722\/revisions"}],"wp:featuredmedia":[{"embeddable":true,"href":"https:\/\/gnews.cz\/fr\/wp-json\/wp\/v2\/media\/18723"}],"wp:attachment":[{"href":"https:\/\/gnews.cz\/fr\/wp-json\/wp\/v2\/media?parent=18722"}],"wp:term":[{"taxonomy":"category","embeddable":true,"href":"https:\/\/gnews.cz\/fr\/wp-json\/wp\/v2\/categories?post=18722"},{"taxonomy":"post_tag","embeddable":true,"href":"https:\/\/gnews.cz\/fr\/wp-json\/wp\/v2\/tags?post=18722"}],"curies":[{"name":"wp","href":"https:\/\/api.w.org\/{rel}","templated":true}]}}