{"id":19630,"date":"2025-01-11T19:30:00","date_gmt":"2025-01-11T18:30:00","guid":{"rendered":"https:\/\/www.gnews.cz\/?p=19630"},"modified":"2025-02-09T23:57:27","modified_gmt":"2025-02-09T22:57:27","slug":"la-revue-medicale-de-gaza-the-lancet-estime-que-le-nombre-reel-de-victimes-en-palestine-est-de-40-plus-eleve","status":"publish","type":"post","link":"https:\/\/gnews.cz\/fr\/politika\/gaza-lekarsky-casopis-the-lancet-odhaduje-ze-skutecny-pocet-obeti-v-palestine-je-o-40-vyssi\/","title":{"rendered":"Gaza : la revue m\u00e9dicale \"The Lancet\" estime que le nombre r\u00e9el de victimes en Palestine est sup\u00e9rieur de 40 %."},"content":{"rendered":"<p><strong>The Lancet estime que le nombre r\u00e9el de Gazaouis d\u00e9c\u00e9d\u00e9s \u00e0 la suite des bombardements et des exactions de l'arm\u00e9e isra\u00e9lienne est sous-estim\u00e9 d'environ 40 % par rapport aux chiffres publi\u00e9s par le minist\u00e8re de la sant\u00e9 du Hamas. Voici pourquoi.<\/strong><\/p>\n\n\n\n<blockquote class=\"wp-block-quote is-layout-flow wp-block-quote-is-layout-flow\">\n<p><strong>La bande de Gaza est d\u00e9sormais un immense cimeti\u00e8re. Et alors que le minist\u00e8re de la sant\u00e9 du Hamas estime d\u00e9j\u00e0 \u00e0 plusieurs dizaines de milliers le nombre total de civils tu\u00e9s par l'arm\u00e9e isra\u00e9lienne, la revue m\u00e9dicale britannique The Lancet estime que le nombre de morts \u00e0 Gaza au cours des neuf premiers mois de la politique g\u00e9nocidaire mise en \u0153uvre par le gouvernement du Premier ministre Benyamin Netanyahou est sup\u00e9rieur d'environ 40 % \u00e0 celui enregistr\u00e9 par le minist\u00e8re de la sant\u00e9 palestinien.<\/strong><\/p>\n<\/blockquote>\n\n\n\n<p>Du d\u00e9but de la r\u00e9pression isra\u00e9lienne suite \u00e0 l'attaque de la branche arm\u00e9e du Hamas, le 7 octobre 2023, au 30 juin 2024, le minist\u00e8re de la Sant\u00e9 a fait \u00e9tat de 37 877 d\u00e9c\u00e8s. Cependant, une \u00e9tude du Lancet, publi\u00e9e jeudi 9 janvier, estime qu'entre 55 298 et 78 525 d\u00e9c\u00e8s ont \u00e9t\u00e9 caus\u00e9s par des l\u00e9sions traumatiques \u00e0 Gaza durant cette p\u00e9riode. Le nombre probable de d\u00e9c\u00e8s estim\u00e9 par la revue britannique est donc de 64 260 \u00e0 cette date.<\/p>\n\n\n\n<p><strong>10 000 Gazaouis toujours port\u00e9s disparus<\/strong><\/p>\n\n\n\n<blockquote class=\"wp-block-quote is-layout-flow wp-block-quote-is-layout-flow\">\n<p><strong>Cela repr\u00e9sente 2,9 % de la population de Gaza avant la guerre, soit \"environ un habitant sur 35\", selon l'\u00e9tude. Ce chiffre est sup\u00e9rieur de 41 % \u00e0 celui rapport\u00e9 jusqu'alors par les milieux politiques et m\u00e9diatiques. A titre de comparaison, le jeudi 9 janvier 2025, le minist\u00e8re de la sant\u00e9 du Hamas estimait \u00e0 46 006 le nombre de Gazaouis d\u00e9c\u00e9d\u00e9s au cours des quinze mois de bombardements et d'exactions de l'arm\u00e9e isra\u00e9lienne.<\/strong><\/p>\n<\/blockquote>\n\n\n\n<p><strong><a href=\"https:\/\/www.humanite.fr\/monde\/armee-israelienne\/gaza-la-revue-medicale-the-lancet-estime-que-le-nombre-reel-de-morts-est-40-superieur\" title=\"\">humanite.fr<\/a> \/ gnews.cz-jav<\/strong><\/p>","protected":false},"excerpt":{"rendered":"<p>The Lancet estime que le nombre r\u00e9el de Gazaouis d\u00e9c\u00e9d\u00e9s \u00e0 la suite des bombardements et des exactions de l'arm\u00e9e isra\u00e9lienne est...<\/p>","protected":false},"author":2,"featured_media":19632,"comment_status":"open","ping_status":"open","sticky":false,"template":"","format":"standard","meta":{"_acf_changed":false,"_lmt_disableupdate":"","_lmt_disable":"","footnotes":""},"categories":[7],"tags":[158,49,10,99,17,41],"class_list":["post-19630","post","type-post","status-publish","format-standard","has-post-thumbnail","hentry","category-politika","tag-armada","tag-izrael","tag-news","tag-gaza","tag-top","tag-world"],"acf":[],"aioseo_notices":[],"_links":{"self":[{"href":"https:\/\/gnews.cz\/fr\/wp-json\/wp\/v2\/posts\/19630","targetHints":{"allow":["GET"]}}],"collection":[{"href":"https:\/\/gnews.cz\/fr\/wp-json\/wp\/v2\/posts"}],"about":[{"href":"https:\/\/gnews.cz\/fr\/wp-json\/wp\/v2\/types\/post"}],"author":[{"embeddable":true,"href":"https:\/\/gnews.cz\/fr\/wp-json\/wp\/v2\/users\/2"}],"replies":[{"embeddable":true,"href":"https:\/\/gnews.cz\/fr\/wp-json\/wp\/v2\/comments?post=19630"}],"version-history":[{"count":0,"href":"https:\/\/gnews.cz\/fr\/wp-json\/wp\/v2\/posts\/19630\/revisions"}],"wp:featuredmedia":[{"embeddable":true,"href":"https:\/\/gnews.cz\/fr\/wp-json\/wp\/v2\/media\/19632"}],"wp:attachment":[{"href":"https:\/\/gnews.cz\/fr\/wp-json\/wp\/v2\/media?parent=19630"}],"wp:term":[{"taxonomy":"category","embeddable":true,"href":"https:\/\/gnews.cz\/fr\/wp-json\/wp\/v2\/categories?post=19630"},{"taxonomy":"post_tag","embeddable":true,"href":"https:\/\/gnews.cz\/fr\/wp-json\/wp\/v2\/tags?post=19630"}],"curies":[{"name":"wp","href":"https:\/\/api.w.org\/{rel}","templated":true}]}}