{"id":19678,"date":"2025-01-12T11:55:00","date_gmt":"2025-01-12T10:55:00","guid":{"rendered":"https:\/\/www.gnews.cz\/?p=19678"},"modified":"2025-01-12T14:23:46","modified_gmt":"2025-01-12T13:23:46","slug":"des-le-premier-jour-donald-trump-a-prevu-100-decrets-sur-les-expulsions-a-la-frontiere-et-dautres-priorites","status":"publish","type":"post","link":"https:\/\/gnews.cz\/fr\/politika\/od-prvniho-dne-ma-donald-trump-v-planu-100-exekutivnich-prikazu-tykajicich-se-hranic-deportaci-a-dalsich-priorit\/","title":{"rendered":"D\u00e8s le premier jour, Donald Trump a pr\u00e9vu 100 d\u00e9crets sur la fronti\u00e8re, les d\u00e9portations et d'autres priorit\u00e9s"},"content":{"rendered":"<p><strong>WASHINGTON - Le pr\u00e9sident \u00e9lu Donald Trump a pr\u00e9par\u00e9 plus de 100 d\u00e9crets depuis son premier jour \u00e0 la Maison Blanche, ce qui \u00e9quivaut \u00e0 une campagne choc sur la s\u00e9curit\u00e9 des fronti\u00e8res, les d\u00e9portations et d'autres priorit\u00e9s politiques.<\/strong><\/p>\n\n\n\n<p>Lors d'une r\u00e9union priv\u00e9e au Capitole, M. Trump a fait part aux s\u00e9nateurs r\u00e9publicains de l'offensive \u00e0 venir. Bon nombre de ces mesures devraient \u00eatre mises en \u0153uvre le jour de l'investiture, le 20 janvier, lorsqu'il prendra ses fonctions. Stephen Miller, conseiller principal de Donald Trump, a pr\u00e9sent\u00e9 aux s\u00e9nateurs r\u00e9publicains les mesures de s\u00e9curit\u00e9 aux fronti\u00e8res et d'application des lois sur l'immigration qui seront probablement mises en \u0153uvre en premier. Axios a \u00e9t\u00e9 le premier \u00e0 rapporter la pr\u00e9sentation de M. Trump et de son \u00e9quipe.<\/p>\n\n\n\n<p><em>\"Il y en aura un nombre consid\u00e9rable.<\/em> a d\u00e9clar\u00e9 le s\u00e9nateur <strong>John Hoeven<\/strong>, R-ND.<\/p>\n\n\n\n<p>Les alli\u00e9s du pr\u00e9sident \u00e9lu pr\u00e9parent une s\u00e9rie de d\u00e9crets que M. Trump pourrait rapidement signer et qui couvriraient un large \u00e9ventail de sujets, allant de la fermeture de la fronti\u00e8re entre les \u00c9tats-Unis et le Mexique au d\u00e9veloppement de l'\u00e9nergie, en passant par les r\u00e8gles f\u00e9d\u00e9rales applicables aux employ\u00e9s de l'annexe F, la politique d'\u00e9galit\u00e9 des sexes dans les \u00e9coles et les vaccinations obligatoires, entre autres promesses faites d\u00e8s le premier jour de sa campagne.<\/p>\n\n\n\n<p><strong><a href=\"https:\/\/apnews.com\/article\/trump-day-one-border-executive-actions-30f78c3c983ae74555f281446fe22710\" title=\"\">apnews.cz<\/a> \/ gnews.cz-jav<\/strong><\/p>","protected":false},"excerpt":{"rendered":"<p>WASHINGTON - Depuis son premier jour \u00e0 la Maison Blanche, le pr\u00e9sident \u00e9lu Donald Trump a pr\u00e9par\u00e9 plus de 100 d\u00e9crets...<\/p>","protected":false},"author":2,"featured_media":19695,"comment_status":"open","ping_status":"open","sticky":false,"template":"","format":"standard","meta":{"_acf_changed":false,"_lmt_disableupdate":"","_lmt_disable":"","footnotes":""},"categories":[7,580],"tags":[439,496,2549,10,2548,17,38,41],"class_list":["post-19678","post","type-post","status-publish","format-standard","has-post-thumbnail","hentry","category-politika","category-vyber-sefredaktora","tag-bily-dum","tag-donald-trump","tag-john-hoeven","tag-news","tag-stephen-miller","tag-top","tag-usa","tag-world"],"acf":[],"aioseo_notices":[],"_links":{"self":[{"href":"https:\/\/gnews.cz\/fr\/wp-json\/wp\/v2\/posts\/19678","targetHints":{"allow":["GET"]}}],"collection":[{"href":"https:\/\/gnews.cz\/fr\/wp-json\/wp\/v2\/posts"}],"about":[{"href":"https:\/\/gnews.cz\/fr\/wp-json\/wp\/v2\/types\/post"}],"author":[{"embeddable":true,"href":"https:\/\/gnews.cz\/fr\/wp-json\/wp\/v2\/users\/2"}],"replies":[{"embeddable":true,"href":"https:\/\/gnews.cz\/fr\/wp-json\/wp\/v2\/comments?post=19678"}],"version-history":[{"count":0,"href":"https:\/\/gnews.cz\/fr\/wp-json\/wp\/v2\/posts\/19678\/revisions"}],"wp:featuredmedia":[{"embeddable":true,"href":"https:\/\/gnews.cz\/fr\/wp-json\/wp\/v2\/media\/19695"}],"wp:attachment":[{"href":"https:\/\/gnews.cz\/fr\/wp-json\/wp\/v2\/media?parent=19678"}],"wp:term":[{"taxonomy":"category","embeddable":true,"href":"https:\/\/gnews.cz\/fr\/wp-json\/wp\/v2\/categories?post=19678"},{"taxonomy":"post_tag","embeddable":true,"href":"https:\/\/gnews.cz\/fr\/wp-json\/wp\/v2\/tags?post=19678"}],"curies":[{"name":"wp","href":"https:\/\/api.w.org\/{rel}","templated":true}]}}