{"id":21597,"date":"2025-02-09T23:24:45","date_gmt":"2025-02-09T22:24:45","guid":{"rendered":"https:\/\/www.gnews.cz\/?p=21597"},"modified":"2025-02-10T18:17:46","modified_gmt":"2025-02-10T17:17:46","slug":"nouvelles-economiques-quotidiennes-de-la-republique-tcheque-apercu-des-dernieres-24-heures-9-2-2025","status":"publish","type":"post","link":"https:\/\/gnews.cz\/fr\/tema\/denni-ekonomicke-zpravy-z-ceske-republiky-prehled-uplynulych-24-hodin-9-2-2025\/","title":{"rendered":"Nouvelles \u00e9conomiques quotidiennes de la R\u00e9publique tch\u00e8que : aper\u00e7u des derni\u00e8res 24 heures (9.2.2025)"},"content":{"rendered":"\n<p><strong>P\u0159ehled nejnov\u011bj\u0161\u00edch ekonomick\u00fdch ud\u00e1lost\u00ed v \u010cR<\/strong><br>\u010cesk\u00e1 vl\u00e1da v uplynul\u00fdch 24 hodin\u00e1ch ozn\u00e1mila pl\u00e1ny umo\u017enit penzijn\u00edm fond\u016fm investovat do projekt\u016f bydlen\u00ed s c\u00edlem \u0159e\u0161it nedostatek byt\u016f a stimulovat stavebn\u00ed sektor. Ministr financ\u00ed Zbyn\u011bk Stanjura zd\u016fraznil, \u017ee tato iniciativa by mohla v\u00e9st k v\u00fdstavb\u011b a\u017e 10 000 nov\u00fdch byt\u016f ro\u010dn\u011b, co\u017e by znamenalo v\u00fdrazn\u00fd impuls pro realitn\u00ed trh.<\/p>\n\n\n\n<p>Big Mac Index nav\u00edc odhalil, \u017ee \u010desk\u00e1 koruna byla v lednu v\u016f\u010di americk\u00e9mu dolaru podhodnocena p\u0159ibli\u017en\u011b o 21 %. To nazna\u010duje potenci\u00e1ln\u00ed prostor pro pos\u00edlen\u00ed m\u011bny, co\u017e by mohlo ovlivnit konkurenceschopnost v\u00fdvozu a p\u0159\u00edliv zahrani\u010dn\u00edch investic.<\/p>\n\n\n\n<p>Pra\u017esk\u00e1 burza za\u017eila pozitivn\u00ed obchodn\u00ed seanci, index PX vzrostl o 1,2 % a uzav\u0159el na \u00farovni 1 850 bod\u016f. K tomuto r\u016fstu p\u0159isp\u011bly zisky ve finan\u010dn\u00edm sektoru, zejm\u00e9na Komer\u010dn\u00ed banky a Moneta Money Bank, jejich\u017e akcie vzrostly o 2,5 %, resp. 1,8 %. K r\u016fstov\u00e9mu trendu p\u0159isp\u011bl tak\u00e9 energetick\u00fd sektor, kde akcie \u010cEZ pos\u00edlily o 1,9 % v souvislosti s prob\u00edhaj\u00edc\u00edmi diskusemi o diverzifikaci energetick\u00fdch zdroj\u016f v regionu.<\/p>\n\n\n\n<p><strong>Zahrani\u010dn\u00ed investice \u2013 trendy a zaj\u00edmavosti<\/strong><br>P\u0159edn\u00ed evropsk\u00e1 pr\u016fmyslov\u00e1 skupina ozn\u00e1mila v\u00fdznamnou investici v \u010cesk\u00e9 republice, kter\u00e1 se zam\u011b\u0159uje na roz\u0161\u00ed\u0159en\u00ed v\u00fdrobn\u00edch kapacit v automobilov\u00e9m pr\u016fmyslu. Investice v hodnot\u011b n\u011bkolika miliard K\u010d m\u00e1 za c\u00edl pos\u00edlit integraci dodavatelsk\u00e9ho \u0159et\u011bzce komponent\u016f pro elektromobily. O\u010dek\u00e1v\u00e1 se, \u017ee projekt vytvo\u0159\u00ed stovky nov\u00fdch pracovn\u00edch m\u00edst a pos\u00edl\u00ed pozici zem\u011b jako kl\u00ed\u010dov\u00e9ho hr\u00e1\u010de na evropsk\u00e9m trhu s elektrick\u00fdmi vozidly. Vl\u00e1dn\u00ed p\u0159edstavitel\u00e9 jednaj\u00ed o investi\u010dn\u00edch pob\u00eddk\u00e1ch, kter\u00e9 maj\u00ed zajistit dlouhodob\u00fd p\u0159\u00ednos pro ekonomiku.<\/p>\n\n\n\n<p>\u010cesk\u00fd energetick\u00fd gigant \u010cEZ zintenzivnil jedn\u00e1n\u00ed s evropsk\u00fdmi partnery, aby zajistil svou strategii expanze v oblasti obnoviteln\u00fdch zdroj\u016f energie. Spole\u010dnost jedn\u00e1 s n\u011bmeck\u00fdmi a polsk\u00fdmi investory o spolufinancov\u00e1n\u00ed projekt\u016f v\u011btrn\u00e9 a sol\u00e1rn\u00ed energie, kter\u00e9 zv\u00fd\u0161\u00ed energetickou nez\u00e1vislost regionu a sn\u00ed\u017e\u00ed z\u00e1vislost na tradi\u010dn\u00edch zdroj\u00edch paliv.<\/p>\n\n\n\n<p>\u010cesk\u00e1 republika a Ji\u017en\u00ed Korea zah\u00e1jily bilater\u00e1ln\u00ed investi\u010dn\u00ed program, zam\u011b\u0159en\u00fd p\u0159edev\u0161\u00edm na technologie a v\u00fdrobu polovodi\u010d\u016f. O\u010dek\u00e1v\u00e1 se, \u017ee tato iniciativa p\u0159il\u00e1k\u00e1 korejsk\u00e9 spole\u010dnosti k zalo\u017een\u00ed v\u00fdzkumn\u00fdch a v\u00fdvojov\u00fdch center v \u010cesk\u00e9 republice, \u010d\u00edm\u017e se pos\u00edl\u00ed v\u00fdrobn\u00ed kapacity v oblasti \u0161pi\u010dkov\u00fdch technologi\u00ed.<\/p>\n\n\n\n<p><strong>V\u00fdznamn\u00e9 ud\u00e1losti mimo \u010cR s\u00a0glob\u00e1ln\u00edm dopadem     <\/strong>                                                                                                                                                           V uplynul\u00fdch 24 hodin\u00e1ch se sv\u011btov\u00e9 akciov\u00e9 trhy vyv\u00edjely sm\u00ed\u0161en\u011b. Americk\u00e9 burzy NASDAQ a NYSE zaznamenaly m\u00edrn\u00fd r\u016fst, zejm\u00e9na v technologick\u00e9m sektoru, proto\u017ee investo\u0159i reagovali na pozitivn\u00ed zpr\u00e1vy o v\u00fdsledc\u00edch. Evropsk\u00e9 trhy, v\u010detn\u011b frankfurtsk\u00e9ho DAXu a lond\u00fdnsk\u00e9ho FTSE 100, mezit\u00edm zaznamenaly ztr\u00e1ty v d\u016fsledku obav z mo\u017en\u00e9 \u00fapravy \u00farokov\u00fdch sazeb ECB. Asijsk\u00e9 trhy z\u016fstaly volatiln\u00ed, p\u0159i\u010dem\u017e \u010d\u00ednsk\u00e9 akcie se propadly v d\u016fsledku slab\u0161\u00edch ne\u017e o\u010dek\u00e1van\u00fdch ekonomick\u00fdch \u00fadaj\u016f. Tyto pohyby na trz\u00edch by mohly m\u00edt dopad na \u010desk\u00e9 investory, proto\u017ee v\u00fdkyvy mezin\u00e1rodn\u00edch index\u016f \u010dasto ovliv\u0148uj\u00ed p\u0159\u00edliv zahrani\u010dn\u00edch investic na Burzu cenn\u00fdch pap\u00edr\u016f Praha (BCPP).<\/p>\n\n\n\n<p>O\u010dek\u00e1v\u00e1 se, \u017ee nov\u011b podepsan\u00e1 obchodn\u00ed dohoda mezi EU a Asi\u00ed podpo\u0159\u00ed pr\u016fmyslov\u00fd v\u00fdvoz, v\u010detn\u011b automobilov\u00e9ho pr\u016fmyslu a strojn\u00edch sou\u010d\u00e1st\u00ed, co\u017e jsou odv\u011btv\u00ed, kter\u00e1 jsou pro \u010deskou ekonomiku kl\u00ed\u010dov\u00e1. \u010cesk\u00e1 vl\u00e1da vyj\u00e1d\u0159ila t\u00e9to dohod\u011b podporu a zd\u016fraznila jej\u00ed potenci\u00e1l pro roz\u0161\u00ed\u0159en\u00ed v\u00fdrobn\u00ed produkce a tvorbu pracovn\u00edch m\u00edst. Krom\u011b toho by jedn\u00e1n\u00ed mezi EU a zem\u011bmi Latinsk\u00e9 Ameriky mohla otev\u0159\u00edt nov\u00e9 p\u0159\u00edle\u017eitosti pro \u010desk\u00fd zem\u011bd\u011blsk\u00fd a pr\u016fmyslov\u00fd v\u00fdvoz a diverzifikovat obchodn\u00ed portfolio zem\u011b.<\/p>\n\n\n\n<p>\u010ce\u0161t\u00ed p\u0159edstavitel\u00e9 zintenzivnili diplomatick\u00e9 rozhovory s partnery ze St\u0159edn\u00edho v\u00fdchodu a Severn\u00ed Ameriky a zam\u011b\u0159ili se na investice do technologi\u00ed, spolupr\u00e1ci v oblasti energetiky a pr\u016fmyslov\u00e9 obchodn\u00ed partnerstv\u00ed. Zvl\u00e1\u0161tn\u00ed d\u016fraz je kladen na roz\u0161\u00ed\u0159en\u00ed role \u010cesk\u00e9 republiky v odv\u011btv\u00edch \u0161pi\u010dkov\u00fdch technologi\u00ed, p\u0159i\u010dem\u017e se zvy\u0161uje spolupr\u00e1ce v oblasti polovodi\u010d\u016f a v\u00fdzkumu um\u011bl\u00e9 inteligence.<\/p>\n\n\n\n<p><strong>Dopad na ekonomiku \u010cR<\/strong><br>V\u00fdkyvy na sv\u011btov\u00fdch akciov\u00fdch trz\u00edch, zejm\u00e9na na trz\u00edch DAX, FTSE 100 a NASDAQ, by mohly ovlivnit p\u0159\u00edliv zahrani\u010dn\u00edch investic na Burzu cenn\u00fdch pap\u00edr\u016f Praha (BCPP). Vzhledem ke zm\u011bn\u011b n\u00e1lady investor\u016f v d\u016fsledku obav z \u00farokov\u00fdch sazeb a ekonomick\u00fdch \u00fadaj\u016f z \u010c\u00edny budou mo\u017en\u00e1 \u010de\u0161t\u00ed politici muset upravit finan\u010dn\u00ed strategie, aby zajistili stabilitu trhu a pokra\u010duj\u00edc\u00ed r\u016fst investic.<\/p>\n\n\n\n<p>Nov\u00e1 obchodn\u00ed dohoda mezi EU a Asi\u00ed p\u0159edstavuje pro \u010desk\u00e9 v\u00fdrobce, zejm\u00e9na v automobilov\u00e9m a pr\u016fmyslov\u00e9m odv\u011btv\u00ed, p\u0159\u00edle\u017eitost k roz\u0161\u00ed\u0159en\u00ed v\u00fdvozu. Vl\u00e1da se soust\u0159ed\u00ed na zaji\u0161t\u011bn\u00ed v\u00fdhodn\u00fdch podm\u00ednek pro \u010desk\u00e9 podniky, co\u017e zajist\u00ed dlouhodob\u00fd p\u0159\u00ednos pro hospod\u00e1\u0159sk\u00fd r\u016fst a zam\u011bstnanost.<\/p>\n\n\n\n<p>Vzhledem k v\u00fdkyv\u016fm na sv\u011btov\u00e9m energetick\u00e9m trhu d\u00e1vaj\u00ed \u010de\u0161t\u00ed p\u0159edstavitel\u00e9 p\u0159ednost investic\u00edm do obnoviteln\u00fdch zdroj\u016f a jadern\u00e9 energetiky. Prob\u00edhaj\u00edc\u00ed jedn\u00e1n\u00ed se zahrani\u010dn\u00edmi partnery o spolupr\u00e1ci v oblasti energetiky maj\u00ed za c\u00edl sn\u00ed\u017eit z\u00e1vislost na nest\u00e1l\u00fdch vn\u011bj\u0161\u00edch zdroj\u00edch a stabilizovat dom\u00e1c\u00ed n\u00e1klady na energie, co\u017e zajist\u00ed dlouhodobou ekonomickou odolnost.<\/p>\n\n\n<p>[currency_and_metal_rates]<\/p>\n\n\n\n<figure class=\"wp-block-image size-full\"><img decoding=\"async\" src=\"https:\/\/www.gnews.cz\/wp-content\/uploads\/2025\/02\/IMG_20250210_012054_851.png\" alt=\"\" class=\"wp-image-21602\"\/><\/figure>\n\n\n\n<figure class=\"wp-block-image size-full\"><img decoding=\"async\" src=\"https:\/\/www.gnews.cz\/wp-content\/uploads\/2025\/02\/IMG_20250210_012059_024.png\" alt=\"\" class=\"wp-image-21603\"\/><\/figure>\n\n\n\n<figure class=\"wp-block-image size-full\"><img decoding=\"async\" src=\"https:\/\/www.gnews.cz\/wp-content\/uploads\/2025\/02\/IMG_20250210_012107_987.png\" alt=\"\" class=\"wp-image-21605\"\/><\/figure>\n\n\n\n<figure class=\"wp-block-image size-full\"><img decoding=\"async\" src=\"https:\/\/www.gnews.cz\/wp-content\/uploads\/2025\/02\/IMG_20250210_012113_284-1.png\" alt=\"\" class=\"wp-image-21607\"\/><\/figure>\n\n\n\n<p>Zdroj o drah\u00fdch kovech a Bitcoin: tradingeconomics.com<\/p>\n\n\n\n<p><strong>GH<\/strong><\/p>\n","protected":false},"excerpt":{"rendered":"<p>Un aper\u00e7u des derniers d\u00e9veloppements \u00e9conomiques en R\u00e9publique tch\u00e8queAu cours des derni\u00e8res 24 heures, le gouvernement tch\u00e8que a annonc\u00e9 des plans visant \u00e0 permettre aux fonds de pension d'investir dans des projets de...<\/p>","protected":false},"author":2,"featured_media":21601,"comment_status":"open","ping_status":"open","sticky":false,"template":"","format":"standard","meta":{"_acf_changed":false,"_lmt_disableupdate":"","_lmt_disable":"","footnotes":""},"categories":[4,658,1],"tags":[45,46,78,10,17,41,1286],"class_list":["post-21597","post","type-post","status-publish","format-standard","has-post-thumbnail","hentry","category-ekonomika","category-prectete-si","category-tema","tag-cr","tag-eu","tag-evropa","tag-news","tag-top","tag-world","tag-zbynek-stanjura"],"acf":[],"aioseo_notices":[],"_links":{"self":[{"href":"https:\/\/gnews.cz\/fr\/wp-json\/wp\/v2\/posts\/21597","targetHints":{"allow":["GET"]}}],"collection":[{"href":"https:\/\/gnews.cz\/fr\/wp-json\/wp\/v2\/posts"}],"about":[{"href":"https:\/\/gnews.cz\/fr\/wp-json\/wp\/v2\/types\/post"}],"author":[{"embeddable":true,"href":"https:\/\/gnews.cz\/fr\/wp-json\/wp\/v2\/users\/2"}],"replies":[{"embeddable":true,"href":"https:\/\/gnews.cz\/fr\/wp-json\/wp\/v2\/comments?post=21597"}],"version-history":[{"count":0,"href":"https:\/\/gnews.cz\/fr\/wp-json\/wp\/v2\/posts\/21597\/revisions"}],"wp:featuredmedia":[{"embeddable":true,"href":"https:\/\/gnews.cz\/fr\/wp-json\/wp\/v2\/media\/21601"}],"wp:attachment":[{"href":"https:\/\/gnews.cz\/fr\/wp-json\/wp\/v2\/media?parent=21597"}],"wp:term":[{"taxonomy":"category","embeddable":true,"href":"https:\/\/gnews.cz\/fr\/wp-json\/wp\/v2\/categories?post=21597"},{"taxonomy":"post_tag","embeddable":true,"href":"https:\/\/gnews.cz\/fr\/wp-json\/wp\/v2\/tags?post=21597"}],"curies":[{"name":"wp","href":"https:\/\/api.w.org\/{rel}","templated":true}]}}