{"id":26169,"date":"2025-04-19T04:43:36","date_gmt":"2025-04-19T03:43:36","guid":{"rendered":"https:\/\/www.gnews.cz\/?p=26169"},"modified":"2025-05-14T22:37:25","modified_gmt":"2025-05-14T21:37:25","slug":"mauvaise-approche-lonudi-avertit-que-les-droits-de-douane-americains-menacent-lemploi-et-la-croissance-au-niveau-mondial","status":"publish","type":"post","link":"https:\/\/gnews.cz\/fr\/ekonomika\/spatny-pristup-unido-varuje-ze-americka-cla-ohrozuji-globalni-zamestnanost-a-rust\/","title":{"rendered":"L'ONUDI met en garde contre une \"mauvaise approche\". Les droits de douane am\u00e9ricains menacent l'emploi et la croissance au niveau mondial"},"content":{"rendered":"<p><strong>L'Organisation des Nations unies pour le d\u00e9veloppement industriel (ONUDI) a exprim\u00e9 son inqui\u00e9tude quant aux effets n\u00e9gatifs des r\u00e9centes augmentations tarifaires des \u00c9tats-Unis sur le d\u00e9veloppement \u00e9conomique mondial et la croissance industrielle.<\/strong><\/p>\n\n\n\n<p>L'ONUDI soutient que l'augmentation des tarifs est la \"mauvaise approche\", soulignant que le calcul et la mise en \u0153uvre des tarifs manquent de preuves pour soutenir la r\u00e9alisation des r\u00e9sultats escompt\u00e9s.<\/p>\n\n\n\n<p>Selon l'ONUDI, les droits de douane augmentent le co\u00fbt de la production industrielle, sapent l'efficacit\u00e9 \u00e9conomique, r\u00e9duisent les avantages du commerce et affaiblissent la comp\u00e9titivit\u00e9. L'ONUDI a averti que ces pratiques menacent en fin de compte les emplois dans le monde entier et affectent le plus les pays les plus vuln\u00e9rables.<\/p>\n\n\n\n<p>En outre, elle a pr\u00e9venu que les droits de douane auraient un impact non seulement sur les pays d\u00e9j\u00e0 vuln\u00e9rables, mais aussi sur les pays m\u00eames qui les imposent, ce qui accro\u00eetrait les tensions g\u00e9opolitiques et l'incertitude.<\/p>\n\n\n\n<blockquote class=\"wp-block-quote is-layout-flow wp-block-quote-is-layout-flow\">\n<p><em>\"Plut\u00f4t que d'imposer des barri\u00e8res au commerce industriel, l'objectif devrait \u00eatre une \u00e9conomie mondiale plus \u00e9quitable et plus durable\".<\/em> a d\u00e9clar\u00e9 le directeur g\u00e9n\u00e9ral de l'ONUDI <strong>Gerd Mueller<\/strong>.<\/p>\n<\/blockquote>\n\n\n\n<p>M. Mueller a appel\u00e9 les \u00c9tats-Unis et les autres pays industrialis\u00e9s \u00e0 collaborer avec les pays en d\u00e9veloppement pour cr\u00e9er des situations gagnant-gagnant et construire une \u00e9conomie mondiale plus juste et plus durable qui garantisse une prosp\u00e9rit\u00e9 \u00e0 long terme pour tous.<\/p>\n\n\n\n<p>Dans ses pr\u00e9visions \u00e9conomiques pour 2025 publi\u00e9es jeudi, l'Organisation mondiale du commerce pr\u00e9voit une baisse du commerce mondial de 0,2 %, soit 2,9 points de pourcentage de moins que la pr\u00e9vision initiale, citant l'impact des droits de douane am\u00e9ricains et l'incertitude quant \u00e0 l'avenir des relations commerciales avec les \u00c9tats-Unis.<\/p>\n\n\n\n<p><strong><a href=\"https:\/\/news.cgtn.com\/news\/2025-04-19\/-The-wrong-approach-UNIDO-warns-U-S-tariffs-risk-global-growth-1CGUlK6anKM\/p.html#:~:text=The%20United%20Nations%20Industrial%20Development%20Organization%20%28UNIDO%29%20on,increases%20on%20global%20economic%20development%20and%20industrial%20growth.\" title=\"\">CMG<\/a>\/gnews.cz<\/strong><\/p>","protected":false},"excerpt":{"rendered":"<p>L'Organisation des Nations Unies pour le d\u00e9veloppement industriel (ONUDI) a exprim\u00e9 son inqui\u00e9tude quant \u00e0 l'impact n\u00e9gatif des r\u00e9centes augmentations tarifaires des \u00c9tats-Unis sur le d\u00e9veloppement \u00e9conomique mondial...<\/p>","protected":false},"author":6,"featured_media":26170,"comment_status":"closed","ping_status":"closed","sticky":false,"template":"","format":"standard","meta":{"_acf_changed":false,"_lmt_disableupdate":"","_lmt_disable":"","footnotes":""},"categories":[4,7],"tags":[1305,18,148,3285,38],"class_list":["post-26169","post","type-post","status-publish","format-standard","has-post-thumbnail","hentry","category-ekonomika","category-politika","tag-cla","tag-cmg","tag-osn","tag-unido","tag-usa"],"acf":[],"aioseo_notices":[],"_links":{"self":[{"href":"https:\/\/gnews.cz\/fr\/wp-json\/wp\/v2\/posts\/26169","targetHints":{"allow":["GET"]}}],"collection":[{"href":"https:\/\/gnews.cz\/fr\/wp-json\/wp\/v2\/posts"}],"about":[{"href":"https:\/\/gnews.cz\/fr\/wp-json\/wp\/v2\/types\/post"}],"author":[{"embeddable":true,"href":"https:\/\/gnews.cz\/fr\/wp-json\/wp\/v2\/users\/6"}],"replies":[{"embeddable":true,"href":"https:\/\/gnews.cz\/fr\/wp-json\/wp\/v2\/comments?post=26169"}],"version-history":[{"count":0,"href":"https:\/\/gnews.cz\/fr\/wp-json\/wp\/v2\/posts\/26169\/revisions"}],"wp:featuredmedia":[{"embeddable":true,"href":"https:\/\/gnews.cz\/fr\/wp-json\/wp\/v2\/media\/26170"}],"wp:attachment":[{"href":"https:\/\/gnews.cz\/fr\/wp-json\/wp\/v2\/media?parent=26169"}],"wp:term":[{"taxonomy":"category","embeddable":true,"href":"https:\/\/gnews.cz\/fr\/wp-json\/wp\/v2\/categories?post=26169"},{"taxonomy":"post_tag","embeddable":true,"href":"https:\/\/gnews.cz\/fr\/wp-json\/wp\/v2\/tags?post=26169"}],"curies":[{"name":"wp","href":"https:\/\/api.w.org\/{rel}","templated":true}]}}