{"id":26232,"date":"2025-04-21T06:19:51","date_gmt":"2025-04-21T05:19:51","guid":{"rendered":"https:\/\/www.gnews.cz\/?p=26232"},"modified":"2025-04-28T18:10:48","modified_gmt":"2025-04-28T17:10:48","slug":"des-economistes-de-renom-signent-une-declaration-anti-tarifaire-sur-la-politique-tarifaire-de-trump","status":"publish","type":"post","link":"https:\/\/gnews.cz\/fr\/ekonomika\/renomovani-ekonomove-podepsali-protitarifni-prohlaseni-k-trumpove-celni-politice\/","title":{"rendered":"Des \u00e9conomistes de renom signent une \"d\u00e9claration anti-tarif\" sur la politique tarifaire de Trump"},"content":{"rendered":"<p><strong>Plus de 970 personnes, dont des dizaines d'\u00e9conomistes de renom, ont sign\u00e9 <em>\"D\u00e9claration anti-tarifaire<\/em>dans lequel ils critiquent la politique tarifaire de l'administration du pr\u00e9sident am\u00e9ricain Donald Trump en tant que <em>\"d\u00e9fectueux\"<\/em> et de mettre en garde contre d'\u00e9ventuelles <em>\"r\u00e9cession auto-inflig\u00e9e\"<\/em>Les m\u00e9dias ont rapport\u00e9 qu'il s'agissait d'une d\u00e9cision de la Commission europ\u00e9enne.<\/strong><\/p>\n\n\n\n<p>La lettre, sign\u00e9e par des \u00e9conomistes de renom, dont les laur\u00e9ats du prix Nobel James Heckman et Vernon Smith, a \u00e9t\u00e9 envoy\u00e9e au cours du week-end et comptait 976 signatures dimanche matin.<\/p>\n\n\n\n<p>Dans cette \"D\u00e9claration sur le commerce et les tarifs douaniers : une d\u00e9claration de principes sur la prosp\u00e9rit\u00e9 am\u00e9ricaine\", les auteurs condamnent les tarifs douaniers \"r\u00e9ciproques\" de Trump qui affectent plus de 180 pays et r\u00e9gions dans le monde. Les tarifs \"r\u00e9ciproques\" sont <em>\"calcul\u00e9e selon une formule imparfaite et improvis\u00e9e qui n'a aucun fondement dans la r\u00e9alit\u00e9 \u00e9conomique\".<\/em>Le communiqu\u00e9 pr\u00e9cise que la Commission europ\u00e9enne a d\u00e9cid\u00e9 de mettre en place un programme d'aide \u00e0 l'emploi et \u00e0 la formation professionnelle.<\/p>\n\n\n\n<p>Le 2 avril, M. Trump a annonc\u00e9 l'imposition de droits de douane consid\u00e9rables aux partenaires commerciaux des \u00c9tats-Unis. <em>\"Le jour de la lib\u00e9ration<\/em>. Toutefois, une semaine plus tard, il a ordonn\u00e9 une pause de 90 jours pour les droits de douane les plus \u00e9lev\u00e9s, laissant un taux de base de 10 % pour la plupart des pays.<\/p>\n\n\n\n<p>La politique tarifaire de Trump a d\u00e9clench\u00e9 des ventes massives sur les march\u00e9s boursiers ainsi que des tarifs douaniers de r\u00e9torsion et d'autres contre-mesures de la part des pays.<\/p>\n\n\n\n<blockquote class=\"wp-block-quote is-layout-flow wp-block-quote-is-layout-flow\">\n<p><em>\"Nous nous attendons \u00e0 ce que les travailleurs am\u00e9ricains fassent les frais de cette politique malavis\u00e9e sous la forme d'une hausse des prix et d'un risque de r\u00e9cession auto-inflig\u00e9e\".<\/em> indique la lettre.<\/p>\n<\/blockquote>\n\n\n\n<p>M. Trump affirme que les droits de douane sont destin\u00e9s \u00e0 inverser le d\u00e9ficit commercial global persistant et \u00e0 stimuler l'industrie manufacturi\u00e8re am\u00e9ricaine. Toutefois, selon la lettre, \"les droits de douane de l'administration actuelle sont motiv\u00e9s par une mauvaise compr\u00e9hension des conditions \u00e9conomiques auxquelles sont confront\u00e9s les Am\u00e9ricains ordinaires\".<\/p>\n\n\n\n<p>Les auteurs ont appel\u00e9 \u00e0 la fin de la politique de Trump. <em>\"Des politiques incoh\u00e9rentes et n\u00e9fastes<\/em> dans le domaine du commerce. <em>\"Mais nous gardons l'espoir que des principes \u00e9conomiques sains, des preuves empiriques et les avertissements de l'histoire l'emporteront sur les mythologies protectionnistes actuelles\".<\/em><\/p>\n\n\n\n<p><strong><a href=\"https:\/\/news.cgtn.com\/news\/2025-04-21\/Over-970-people-sign-anti-tariff-declaration-reports-1CKgdE80ktG\/p.html\" title=\"\">CMG<\/a>\/gnews.cz<\/strong><\/p>","protected":false},"excerpt":{"rendered":"<p>Plus de 970 personnes, dont des dizaines d'\u00e9conomistes de renom, ont sign\u00e9 une \"d\u00e9claration anti-tarif\" critiquant les politiques tarifaires de l'administration du pr\u00e9sident am\u00e9ricain Donald Trump comme...<\/p>","protected":false},"author":6,"featured_media":14652,"comment_status":"closed","ping_status":"closed","sticky":false,"template":"","format":"standard","meta":{"_acf_changed":false,"_lmt_disableupdate":"","_lmt_disable":"","footnotes":""},"categories":[4,2973],"tags":[1305,18,496,2421,38],"class_list":["post-26232","post","type-post","status-publish","format-standard","has-post-thumbnail","hentry","category-ekonomika","category-zahranicni","tag-cla","tag-cmg","tag-donald-trump","tag-obchod","tag-usa"],"acf":[],"aioseo_notices":[],"_links":{"self":[{"href":"https:\/\/gnews.cz\/fr\/wp-json\/wp\/v2\/posts\/26232","targetHints":{"allow":["GET"]}}],"collection":[{"href":"https:\/\/gnews.cz\/fr\/wp-json\/wp\/v2\/posts"}],"about":[{"href":"https:\/\/gnews.cz\/fr\/wp-json\/wp\/v2\/types\/post"}],"author":[{"embeddable":true,"href":"https:\/\/gnews.cz\/fr\/wp-json\/wp\/v2\/users\/6"}],"replies":[{"embeddable":true,"href":"https:\/\/gnews.cz\/fr\/wp-json\/wp\/v2\/comments?post=26232"}],"version-history":[{"count":0,"href":"https:\/\/gnews.cz\/fr\/wp-json\/wp\/v2\/posts\/26232\/revisions"}],"wp:featuredmedia":[{"embeddable":true,"href":"https:\/\/gnews.cz\/fr\/wp-json\/wp\/v2\/media\/14652"}],"wp:attachment":[{"href":"https:\/\/gnews.cz\/fr\/wp-json\/wp\/v2\/media?parent=26232"}],"wp:term":[{"taxonomy":"category","embeddable":true,"href":"https:\/\/gnews.cz\/fr\/wp-json\/wp\/v2\/categories?post=26232"},{"taxonomy":"post_tag","embeddable":true,"href":"https:\/\/gnews.cz\/fr\/wp-json\/wp\/v2\/tags?post=26232"}],"curies":[{"name":"wp","href":"https:\/\/api.w.org\/{rel}","templated":true}]}}