{"id":26543,"date":"2025-04-29T05:30:00","date_gmt":"2025-04-29T04:30:00","guid":{"rendered":"https:\/\/www.gnews.cz\/?p=26543"},"modified":"2025-05-13T22:19:32","modified_gmt":"2025-05-13T21:19:32","slug":"68-personnes-tuees-dans-les-frappes-americaines-sur-un-centre-de-migrants-selon-les-medias-yemenites","status":"publish","type":"post","link":"https:\/\/gnews.cz\/fr\/tema\/podle-jemenskych-hutiu-zahynulo-pri-americkych-uderech-na-stredisko-pro-migranty-68-lidi\/","title":{"rendered":"Les Houthis du Y\u00e9men affirment que 68 personnes sont mortes dans les frappes am\u00e9ricaines sur un centre de migrants"},"content":{"rendered":"<p><strong>Les Houthis, qui contr\u00f4lent une grande partie du nord du Y\u00e9men, ont d\u00e9clar\u00e9 que les frappes am\u00e9ricaines avaient touch\u00e9 un centre de d\u00e9tention pour migrants, tuant au moins 68 personnes dans la province septentrionale de Saada. L'arm\u00e9e am\u00e9ricaine frappe les Houthis presque quotidiennement depuis le 15 mars dans le cadre d'une op\u00e9ration baptis\u00e9e \"Rough Rider\" visant \u00e0 mettre fin \u00e0 la menace qu'ils font peser sur les navires en mer Rouge et dans le golfe d'Aden.<\/strong><\/p>\n\n\n\n<p>Les Houthis ont lanc\u00e9 des frappes visant Isra\u00ebl et des navires occidentaux en mer Rouge dans ce qu'ils d\u00e9crivent comme une solidarit\u00e9 avec les Palestiniens depuis que le Hamas a lanc\u00e9 une attaque contre Isra\u00ebl en octobre 2023. L'arm\u00e9e am\u00e9ricaine a d\u00e9clar\u00e9 hier avoir frapp\u00e9 plus de 800 cibles au Y\u00e9men depuis la mi-mars, tuant des centaines de rebelles houthis, y compris des membres de la direction du groupe. Ce matin, la t\u00e9l\u00e9vision al-Masirah, dirig\u00e9e par les Houthis, a d\u00e9clar\u00e9 que la cible des frappes am\u00e9ricaines \u00e9tait un centre de d\u00e9tention pour migrants africains et que 68 personnes avaient \u00e9t\u00e9 tu\u00e9es.<\/p>\n\n\n\n<blockquote class=\"wp-block-quote is-layout-flow wp-block-quote-is-layout-flow\">\n<p><strong>Selon un communiqu\u00e9 du minist\u00e8re de l'int\u00e9rieur de l'administration houthie, cit\u00e9 par Al-Masirah, \"115 migrants, tous originaires d'Afrique\" \u00e9taient h\u00e9berg\u00e9s dans le centre. Les Houthis ont commenc\u00e9 \u00e0 s'en prendre au transport maritime \u00e0 la fin de 2023, emp\u00eachant les navires de passer par le canal de Suez - une voie vitale qui achemine r\u00e9guli\u00e8rement environ 12 % du commerce mondial - obligeant de nombreuses compagnies \u00e0 faire des d\u00e9tours co\u00fbteux autour de la pointe de l'Afrique australe. La cha\u00eene de t\u00e9l\u00e9vision Al-Masirah a rapport\u00e9 hier que les frappes am\u00e9ricaines sur la capitale y\u00e9m\u00e9nite Sanaa avaient tu\u00e9 au moins huit personnes et en avaient bless\u00e9 d'autres.<\/strong><\/p>\n<\/blockquote>\n\n\n\n<p>L'arm\u00e9e am\u00e9ricaine a d\u00e9clar\u00e9 qu'elle ne divulguerait pas de d\u00e9tails sp\u00e9cifiques sur ses frappes militaires au Y\u00e9men, invoquant ce qu'elle appelle la n\u00e9cessit\u00e9 de \"maintenir la s\u00e9curit\u00e9 op\u00e9rationnelle\", tout en affirmant que les frappes ont eu des \"effets mortels\" sur les rebelles houthis.<\/p>\n\n\n\n<p><strong><a href=\"https:\/\/news.cgtn.com\/news\/2025-04-28\/news-1CWg7NrOa9G\/p.html\" title=\"\">CGTN<\/a><\/strong><\/p>","protected":false},"excerpt":{"rendered":"<p>Les Houthis, qui contr\u00f4lent la majeure partie du nord du Y\u00e9men, ont d\u00e9clar\u00e9 que les frappes am\u00e9ricaines avaient touch\u00e9 un centre de...<\/p>","protected":false},"author":2,"featured_media":26544,"comment_status":"closed","ping_status":"closed","sticky":false,"template":"","format":"standard","meta":{"_acf_changed":false,"_lmt_disableupdate":"","_lmt_disable":"","footnotes":""},"categories":[7,1,2973],"tags":[25,3288,49,290,10,17,38,41],"class_list":["post-26543","post","type-post","status-publish","format-standard","has-post-thumbnail","hentry","category-politika","category-tema","category-zahranicni","tag-cgtn","tag-hutiove","tag-izrael","tag-jemen","tag-news","tag-top","tag-usa","tag-world"],"acf":[],"aioseo_notices":[],"_links":{"self":[{"href":"https:\/\/gnews.cz\/fr\/wp-json\/wp\/v2\/posts\/26543","targetHints":{"allow":["GET"]}}],"collection":[{"href":"https:\/\/gnews.cz\/fr\/wp-json\/wp\/v2\/posts"}],"about":[{"href":"https:\/\/gnews.cz\/fr\/wp-json\/wp\/v2\/types\/post"}],"author":[{"embeddable":true,"href":"https:\/\/gnews.cz\/fr\/wp-json\/wp\/v2\/users\/2"}],"replies":[{"embeddable":true,"href":"https:\/\/gnews.cz\/fr\/wp-json\/wp\/v2\/comments?post=26543"}],"version-history":[{"count":0,"href":"https:\/\/gnews.cz\/fr\/wp-json\/wp\/v2\/posts\/26543\/revisions"}],"wp:featuredmedia":[{"embeddable":true,"href":"https:\/\/gnews.cz\/fr\/wp-json\/wp\/v2\/media\/26544"}],"wp:attachment":[{"href":"https:\/\/gnews.cz\/fr\/wp-json\/wp\/v2\/media?parent=26543"}],"wp:term":[{"taxonomy":"category","embeddable":true,"href":"https:\/\/gnews.cz\/fr\/wp-json\/wp\/v2\/categories?post=26543"},{"taxonomy":"post_tag","embeddable":true,"href":"https:\/\/gnews.cz\/fr\/wp-json\/wp\/v2\/tags?post=26543"}],"curies":[{"name":"wp","href":"https:\/\/api.w.org\/{rel}","templated":true}]}}