{"id":26685,"date":"2025-05-02T07:53:01","date_gmt":"2025-05-02T06:53:01","guid":{"rendered":"https:\/\/www.gnews.cz\/?p=26685"},"modified":"2025-05-02T09:45:05","modified_gmt":"2025-05-02T08:45:05","slug":"linde-et-lue-veulent-conclure-un-accord-de-libre-echange-dici-a-la-fin-de-2025","status":"publish","type":"post","link":"https:\/\/gnews.cz\/fr\/ekonomika\/indie-a-eu-chteji-do-konce-roku-2025-uzavrit-dohodu-o-volnem-obchodu\/","title":{"rendered":"L'Inde et l'UE veulent conclure un accord de libre-\u00e9change d'ici \u00e0 la fin de 2025"},"content":{"rendered":"<p><strong>L'Inde et l'Union europ\u00e9enne (UE) concluront un accord de libre-\u00e9change d'ici la fin de 2025, a d\u00e9clar\u00e9 le ministre indien du Commerce et de l'Industrie, Piyush Goyal, \u00e0 l'issue d'une r\u00e9union avec le commissaire europ\u00e9en au commerce et \u00e0 la s\u00e9curit\u00e9 \u00e9conomique, Maro\u0161 \u0160ef\u010dovi\u010d, \u00e0 Bruxelles.<\/strong><\/p>\n\n\n\n<p>Il a d\u00e9clar\u00e9 que la r\u00e9union \u00e9tait ax\u00e9e sur l'am\u00e9lioration de l'acc\u00e8s au march\u00e9 pour les entreprises des deux r\u00e9gions et sur le renforcement de cha\u00eenes d'approvisionnement solides et diversifi\u00e9es.<\/p>\n\n\n\n<blockquote class=\"wp-block-quote is-layout-flow wp-block-quote-is-layout-flow\">\n<p><em>\"Nous avons r\u00e9affirm\u00e9 notre engagement commun \u00e0 conclure les n\u00e9gociations sur un accord de libre-\u00e9change entre l'Inde et l'UE d'ici la fin de l'ann\u00e9e 2025\".<\/em> Goyal a \u00e9crit sur sa page X.<\/p>\n<\/blockquote>\n\n\n\n<p>Le ministre a \u00e9galement fait remarquer que les fonctionnaires ont discut\u00e9 <em>\"Renforcer l'innovation et la comp\u00e9titivit\u00e9 et le r\u00f4le crucial de l'investissement et de la mobilit\u00e9 dans l'\u00e9laboration d'un accord pr\u00eat pour l'avenir\".<\/em>.<\/p>\n\n\n\n<p>New Delhi et Bruxelles cherchent \u00e0 conclure un accord de libre-\u00e9change depuis plusieurs ann\u00e9es. Les pourparlers ont d\u00e9but\u00e9 en 2007 mais ont \u00e9t\u00e9 suspendus en 2013 en raison de d\u00e9saccords sur les droits de propri\u00e9t\u00e9 intellectuelle, la protection des donn\u00e9es dans les entreprises informatiques et l'acc\u00e8s au march\u00e9 commun pour certains biens tels que les voitures. Les n\u00e9gociations ont repris en 2022.<\/p>\n\n\n\n<p><strong>TASS\/gnews.cz - cik<\/strong><\/p>","protected":false},"excerpt":{"rendered":"<p>L'Inde et l'Union europ\u00e9enne (UE) concluront un accord de libre-\u00e9change d'ici \u00e0 la fin de 2025, a d\u00e9clar\u00e9 le ministre indien du commerce et de l'industrie, Piyush Goyal....<\/p>","protected":false},"author":6,"featured_media":26686,"comment_status":"closed","ping_status":"closed","sticky":false,"template":"","format":"standard","meta":{"_acf_changed":false,"_lmt_disableupdate":"","_lmt_disable":"","footnotes":""},"categories":[4],"tags":[46,58,137,2421,17],"class_list":["post-26685","post","type-post","status-publish","format-standard","has-post-thumbnail","hentry","category-ekonomika","tag-eu","tag-indie","tag-investice","tag-obchod","tag-top"],"acf":[],"aioseo_notices":[],"_links":{"self":[{"href":"https:\/\/gnews.cz\/fr\/wp-json\/wp\/v2\/posts\/26685","targetHints":{"allow":["GET"]}}],"collection":[{"href":"https:\/\/gnews.cz\/fr\/wp-json\/wp\/v2\/posts"}],"about":[{"href":"https:\/\/gnews.cz\/fr\/wp-json\/wp\/v2\/types\/post"}],"author":[{"embeddable":true,"href":"https:\/\/gnews.cz\/fr\/wp-json\/wp\/v2\/users\/6"}],"replies":[{"embeddable":true,"href":"https:\/\/gnews.cz\/fr\/wp-json\/wp\/v2\/comments?post=26685"}],"version-history":[{"count":0,"href":"https:\/\/gnews.cz\/fr\/wp-json\/wp\/v2\/posts\/26685\/revisions"}],"wp:featuredmedia":[{"embeddable":true,"href":"https:\/\/gnews.cz\/fr\/wp-json\/wp\/v2\/media\/26686"}],"wp:attachment":[{"href":"https:\/\/gnews.cz\/fr\/wp-json\/wp\/v2\/media?parent=26685"}],"wp:term":[{"taxonomy":"category","embeddable":true,"href":"https:\/\/gnews.cz\/fr\/wp-json\/wp\/v2\/categories?post=26685"},{"taxonomy":"post_tag","embeddable":true,"href":"https:\/\/gnews.cz\/fr\/wp-json\/wp\/v2\/tags?post=26685"}],"curies":[{"name":"wp","href":"https:\/\/api.w.org\/{rel}","templated":true}]}}