{"id":27505,"date":"2025-05-14T22:00:00","date_gmt":"2025-05-14T21:00:00","guid":{"rendered":"https:\/\/www.gnews.cz\/?p=27505"},"modified":"2025-05-14T10:27:50","modified_gmt":"2025-05-14T09:27:50","slug":"resume-quotidien-de-leconomie-dans-le-groupe-cr-mtx-14-mai-2025","status":"publish","type":"post","link":"https:\/\/gnews.cz\/fr\/tema\/denni-shrnuti-ekonomiky-v-cr-mtx-group-14-kvetna-2025\/","title":{"rendered":"Synth\u00e8se quotidienne de l'\u00e9conomie tch\u00e8que : MTX Group, CEZ, PPF, Volkswagen Group et BCE (14 mai 2025)"},"content":{"rendered":"\n<p><strong>P\u0159ehled nejnov\u011bj\u0161\u00edch ekonomick\u00fdch ud\u00e1lost\u00ed v \u010cR<\/strong><\/p>\n\n\n\n<p>Po s\u00e9rii ziskov\u00fdch dn\u00ed dnes index PX m\u00edrn\u011b klesl o 0,15 % na 2164,93 bodu, p\u0159i\u010dem\u017e se st\u00e1le dr\u017e\u00ed pobl\u00ed\u017e historick\u00e9ho maxima dosa\u017een\u00e9ho v pond\u011bl\u00ed. Pokles vedly p\u0159edev\u0161\u00edm rakousk\u00e9 finan\u010dn\u00ed tituly, jako jsou Erste Group a VIG. Investo\u0159i reagovali na obavy ohledn\u011b m\u011bnov\u00e9 politiky Evropsk\u00e9 centr\u00e1ln\u00ed banky.<\/p>\n\n\n\n<p>\u010cesk\u00e1 pr\u016fmyslov\u00e1 skupina MTX Group podnikatele Petra Otavy ozn\u00e1mila EBITDA ve v\u00fd\u0161i t\u0159i miliardy korun, co\u017e p\u0159edstavuje meziro\u010dn\u00ed pokles o 3 %. Naopak nekonsolidovan\u00e9 tr\u017eby vzrostly o 3 % na 56,3 miliardy K\u010d, zejm\u00e9na d\u00edky r\u016fstu exportn\u00edch zak\u00e1zek v hutnictv\u00ed a energetice. Spole\u010dnost z\u00e1rove\u0148 nazna\u010dila mo\u017en\u00fd vstup do segmentu obnoviteln\u00fdch zdroj\u016f.<\/p>\n\n\n\n<p>Energetick\u00e1 spole\u010dnost \u010cEZ dnes ozn\u00e1mila pl\u00e1novanou investici p\u0159es 2 miliardy K\u010d do roz\u0161\u00ed\u0159en\u00ed sv\u00fdch bateriov\u00fdch ulo\u017ei\u0161\u0165 v severn\u00edch \u010cech\u00e1ch. C\u00edlem je zv\u00fd\u0161it kapacitu pro ukl\u00e1d\u00e1n\u00ed p\u0159ebytk\u016f z obnoviteln\u00fdch zdroj\u016f, co\u017e reaguje na nov\u00e9 regulace trhu s elekt\u0159inou v EU.<\/p>\n\n\n\n<p><strong>Zahrani\u010dn\u00ed investice<\/strong><\/p>\n\n\n\n<p>Skupina PPF ozn\u00e1mila, \u017ee hodl\u00e1 nav\u00fd\u0161it sv\u016fj pod\u00edl ve spole\u010dnosti ProSiebenSat.1 z 14,94 % na 29,99 %, \u010d\u00edm\u017e by se dostala t\u011bsn\u011b pod hranici nutnou pro povinnou nab\u00eddku p\u0159evzet\u00ed. Nab\u00edzen\u00e1 cena \u010din\u00ed 7 eur za akcii, co\u017e je o 21 % v\u00edce ne\u017e sou\u010dasn\u00e1 nab\u00eddka konkuren\u010dn\u00ed MFE. Tento krok posiluje pozici PPF v evropsk\u00e9m medi\u00e1ln\u00edm sektoru.<\/p>\n\n\n\n<p>Volkswagen Group ozn\u00e1mil, \u017ee nov\u00fd elektromobil Volkswagen ID.2, pl\u00e1novan\u00fd na p\u0159\u00ed\u0161t\u00ed rok, bude vyu\u017e\u00edvat nov\u00fd typ trak\u010dn\u00ed baterie LFP (lithium-\u017eelezo-fosf\u00e1t). Tato technologie se m\u00e1 roz\u0161\u00ed\u0159it i na modely \u0160koda Enyaq, Elroq a chystan\u00fd \u0160koda Epiq, co\u017e indikuje hlub\u0161\u00ed spolupr\u00e1ci v r\u00e1mci skupiny. \u0160koda Auto, jako kl\u00ed\u010dov\u00fd zam\u011bstnavatel v \u010cR, o\u010dek\u00e1v\u00e1 zv\u00fd\u0161en\u00ed produkce ve sv\u00e9m z\u00e1vod\u011b v Mlad\u00e9 Boleslavi.<\/p>\n\n\n\n<p>Komer\u010dn\u00ed banka uzav\u0159ela nov\u00e9 \u00fav\u011brov\u00e9 r\u00e1mce ve v\u00fd\u0161i 6 miliard K\u010d pro \u010desk\u00e9 firmy expanduj\u00edc\u00ed na v\u00fdchodoevropsk\u00e9 trhy, zejm\u00e9na v sektoru stavebnictv\u00ed a stroj\u00edrenstv\u00ed. Banka t\u00edm reaguje na zv\u00fd\u0161enou popt\u00e1vku po infrastrukturn\u00edch projektech financovan\u00fdch z fond\u016f EU.<\/p>\n\n\n\n<p><strong>V\u00fdznamn\u00e9 ud\u00e1losti mimo \u010cR s glob\u00e1ln\u00edm dopadem<\/strong><\/p>\n\n\n\n<p>P\u0159echod Volkswagenu z chemie NMC na LFP zna\u010d\u00ed z\u00e1sadn\u00ed zm\u011bnu v glob\u00e1ln\u00edm automobilov\u00e9m pr\u016fmyslu. O\u010dek\u00e1v\u00e1 se, \u017ee t\u00edm dojde ke sn\u00ed\u017een\u00ed n\u00e1klad\u016f a prodlou\u017een\u00ed \u017eivotnosti bateri\u00ed, co\u017e m\u016f\u017ee ovlivnit nejen evropsk\u00e9, ale i asijsk\u00e9 dodavatelsk\u00e9 \u0159et\u011bzce. Tento krok bude m\u00edt p\u0159\u00edm\u00fd dopad na strategii \u0160kody Auto, Audi a Cupry.<\/p>\n\n\n\n<p>Nap\u011bt\u00ed na Bl\u00edzk\u00e9m v\u00fdchod\u011b a nejistota ohledn\u011b dod\u00e1vek ropy a plynu vedly k m\u00edrn\u00e9mu r\u016fstu cen energi\u00ed na sv\u011btov\u00fdch burz\u00e1ch. To se prom\u00edt\u00e1 do zv\u00fd\u0161en\u00e9 volatility u evropsk\u00fdch akci\u00ed, zejm\u00e9na v sektorech dopravy a chemie.<\/p>\n\n\n\n<p>O\u010dek\u00e1v\u00e1n\u00ed, \u017ee Evropsk\u00e1 centr\u00e1ln\u00ed banka (ECB) zpomal\u00ed zvy\u0161ov\u00e1n\u00ed \u00farokov\u00fdch sazeb, ovlivnilo v\u00fdnosy dluhopis\u016f a v\u00fdvoj bankovn\u00edch titul\u016f nap\u0159\u00ed\u010d euroz\u00f3nou. To m\u011blo dopad i na akcie Erste Group a Raiffeisen Bank, kter\u00e9 dnes na Pra\u017esk\u00e9 burze oslabily.<\/p>\n\n\n<p>[currency_and_metal_rates]<\/p>\n\n\n\n<figure class=\"wp-block-image size-large\"><img decoding=\"async\" src=\"https:\/\/www.gnews.cz\/wp-content\/uploads\/2025\/05\/Screenshot_20250514_121550-1024x625.jpg\" alt=\"\" class=\"wp-image-27507\"\/><\/figure>\n\n\n\n<figure class=\"wp-block-image size-large\"><img decoding=\"async\" src=\"https:\/\/www.gnews.cz\/wp-content\/uploads\/2025\/05\/Screenshot_20250514_121648-1024x646.jpg\" alt=\"\" class=\"wp-image-27508\"\/><\/figure>\n\n\n\n<figure class=\"wp-block-image size-large\"><img decoding=\"async\" src=\"https:\/\/www.gnews.cz\/wp-content\/uploads\/2025\/05\/Screenshot_20250514_121608-1024x446.jpg\" alt=\"\" class=\"wp-image-27509\"\/><\/figure>\n\n\n\n<p>tradingeconomics.com<\/p>\n\n\n\n<p><strong>gnews.cz &#8211; GH<\/strong><\/p>\n","protected":false},"excerpt":{"rendered":"<p>Aper\u00e7u des derniers \u00e9v\u00e9nements \u00e9conomiques en R\u00e9publique tch\u00e8que Apr\u00e8s une s\u00e9rie de journ\u00e9es profitables aujourd'hui, l'indice PX a l\u00e9g\u00e8rement baiss\u00e9 de 0,15 % \u00e0 2164,93 points,...<\/p>","protected":false},"author":2,"featured_media":27512,"comment_status":"closed","ping_status":"closed","sticky":false,"template":"","format":"standard","meta":{"_acf_changed":false,"_lmt_disableupdate":"","_lmt_disable":"","footnotes":""},"categories":[2968,4,1,2973],"tags":[45,960,369,46,78,3005,10,3183,17,3389,41],"class_list":["post-27505","post","type-post","status-publish","format-standard","has-post-thumbnail","hentry","category-domaci","category-ekonomika","category-tema","category-zahranicni","tag-cr","tag-cez","tag-ecb","tag-eu","tag-evropa","tag-mtx-group","tag-news","tag-ppf","tag-top","tag-volkswagen-group","tag-world"],"acf":[],"aioseo_notices":[],"_links":{"self":[{"href":"https:\/\/gnews.cz\/fr\/wp-json\/wp\/v2\/posts\/27505","targetHints":{"allow":["GET"]}}],"collection":[{"href":"https:\/\/gnews.cz\/fr\/wp-json\/wp\/v2\/posts"}],"about":[{"href":"https:\/\/gnews.cz\/fr\/wp-json\/wp\/v2\/types\/post"}],"author":[{"embeddable":true,"href":"https:\/\/gnews.cz\/fr\/wp-json\/wp\/v2\/users\/2"}],"replies":[{"embeddable":true,"href":"https:\/\/gnews.cz\/fr\/wp-json\/wp\/v2\/comments?post=27505"}],"version-history":[{"count":0,"href":"https:\/\/gnews.cz\/fr\/wp-json\/wp\/v2\/posts\/27505\/revisions"}],"wp:featuredmedia":[{"embeddable":true,"href":"https:\/\/gnews.cz\/fr\/wp-json\/wp\/v2\/media\/27512"}],"wp:attachment":[{"href":"https:\/\/gnews.cz\/fr\/wp-json\/wp\/v2\/media?parent=27505"}],"wp:term":[{"taxonomy":"category","embeddable":true,"href":"https:\/\/gnews.cz\/fr\/wp-json\/wp\/v2\/categories?post=27505"},{"taxonomy":"post_tag","embeddable":true,"href":"https:\/\/gnews.cz\/fr\/wp-json\/wp\/v2\/tags?post=27505"}],"curies":[{"name":"wp","href":"https:\/\/api.w.org\/{rel}","templated":true}]}}