{"id":2820,"date":"2023-11-03T17:01:07","date_gmt":"2023-11-03T17:01:07","guid":{"rendered":"https:\/\/www.gnews.cz\/?p=2820"},"modified":"2025-02-26T23:10:22","modified_gmt":"2025-02-26T22:10:22","slug":"2820","status":"publish","type":"post","link":"https:\/\/gnews.cz\/fr\/politika\/2820\/","title":{"rendered":"Le Pr\u00e9sident de la R\u00e9publique Petr Pavel et son \u00e9pouse Eva Pavlova ont visit\u00e9 la r\u00e9gion d'Olomouc les 30 et 31 octobre 2023."},"content":{"rendered":"<p><em><strong>PHOTO : Zuzana B\u00f6nisch<\/strong><\/em><\/p>\n\n\n\n<p>Au cours de la premi\u00e8re journ\u00e9e de sa visite, le Pr\u00e9sident de la R\u00e9publique a rencontr\u00e9 le recteur et le vice-recteur de la facult\u00e9 des lettres de l'universit\u00e9 Palack\u00fd d'Olomouc et a d\u00e9battu avec les \u00e9tudiants. Au bureau r\u00e9gional, il a rencontr\u00e9 le gouverneur et les dirigeants de la r\u00e9gion d'Olomouc.&nbsp;<em>\"Dans ce comt\u00e9, je pense qu'il y a de nombreux exemples non seulement de ce qui est bon, mais aussi de ce qui se passe dans d'autres comt\u00e9s, et cela nous montre que certains de ces probl\u00e8mes n\u00e9cessiteront des solutions syst\u00e9miques au niveau de l'\u00c9tat et du gouvernement\".<\/em>&nbsp;a d\u00e9clar\u00e9 Petr Pavel, Pr\u00e9sident de la R\u00e9publique, lors d'une conf\u00e9rence de presse. Dans l'apr\u00e8s-midi, le Pr\u00e9sident de la R\u00e9publique a rencontr\u00e9 les patriotes de la r\u00e9gion de Jesen\u00edky et a particip\u00e9 \u00e0 un d\u00e9bat avec les citoyens de Javorn\u00edk en compagnie du gouverneur de la r\u00e9gion d'Olomouc.&nbsp;<\/p>\n\n\n\n<p>Lors de sa visite dans la r\u00e9gion d'Olomouc, l'\u00e9pouse du Pr\u00e9sident de la R\u00e9publique, Eva Pavlova, a inaugur\u00e9 le Centre de r\u00e9solution des conflits et de m\u00e9diation, nouvellement cr\u00e9\u00e9 \u00e0 la Facult\u00e9 de droit de l'Universit\u00e9 des sciences appliqu\u00e9es.&nbsp;<em>\"Je me suis beaucoup familiaris\u00e9e avec la m\u00e9diation lors de mon travail au centre de m\u00e9diation et elle a gagn\u00e9 ma confiance. Je pense que, surtout dans les conflits familiaux, elle devrait \u00eatre davantage utilis\u00e9e que les proc\u00e9dures judiciaires traditionnelles, car elle permet non seulement de r\u00e9soudre l'objet du litige, mais aussi de concilier des relations interpersonnelles tendues,\"<\/em>&nbsp;a d\u00e9clar\u00e9 Eva Pavlov\u00e1 \u00e0 la fin de la visite.&nbsp;<\/p>\n\n\n\n<p>Le deuxi\u00e8me jour de la visite, le couple pr\u00e9sidentiel a commenc\u00e9 par visiter l'entreprise de v\u00eatements Woox, qui est, entre autres, un fabricant traditionnel de chemises en flanelle. Lors de la visite de l'\u00e9cole primaire V\u00e1penn\u00e1, qui dispense un enseignement classique et Montessori, le couple pr\u00e9sidentiel a rencontr\u00e9 des \u00e9l\u00e8ves et des enseignants.&nbsp;<em>\"Cela a \u00e9t\u00e9 tr\u00e8s imm\u00e9diat. L'atmosph\u00e8re g\u00e9n\u00e9rale montre que les enfants se sentent bien ici. C'est un bel exemple pour d'autres r\u00e9gions qu'une \u00e9cole comme celle-ci peut \u00eatre implant\u00e9e pratiquement n'importe o\u00f9\".<\/em>&nbsp;a d\u00e9clar\u00e9 le pr\u00e9sident de la R\u00e9publique, Petr Pavel. La c\u00e9r\u00e9monie a \u00e9t\u00e9 suivie d'un d\u00e9jeuner et d'une discussion avec les maires de Jesenik et de \u0160umpers.&nbsp;<\/p>\n\n\n\n<p>Le pr\u00e9sident de la R\u00e9publique, Petr Pavel, a salu\u00e9 l'ouverture d'esprit et l'objectivit\u00e9 avec lesquelles les maires \u00e9valuent les probl\u00e8mes de la r\u00e9gion. L'un des sujets abord\u00e9s a \u00e9t\u00e9 la question des subventions et du financement des projets.&nbsp;<em>\"Nous avons abord\u00e9 un probl\u00e8me qui est une fois de plus r\u00e9pandu dans toute la R\u00e9publique tch\u00e8que, \u00e0 savoir que le syst\u00e8me de subventions, de d\u00e9livrance de titres de subvention, n'est pas structurellement bien \u00e9tabli et, selon l'\u00e9valuation de nombreux maires, exacerbe les probl\u00e8mes et les diff\u00e9rences entre les r\u00e9gions pauvres et riches du pays au lieu de contribuer \u00e0 les r\u00e9soudre. Dans ce contexte, certains ont \u00e9galement mentionn\u00e9 la d\u00e9termination budg\u00e9taire des taxes, qui n'est pas tr\u00e8s heureuse, et qui sera certainement un sujet qui devra \u00eatre abord\u00e9 au niveau national.<\/em>&nbsp;a d\u00e9clar\u00e9 le Pr\u00e9sident de la R\u00e9publique. <\/p>\n\n\n\n<p>Dans l'apr\u00e8s-midi, le couple pr\u00e9sidentiel a visit\u00e9 l'usine de papier artisanal de Velk\u00e9 Losiny. Le Pr\u00e9sident de la R\u00e9publique terminera sa visite dans la r\u00e9gion d'Olomouc par un d\u00e9bat avec les membres de l'\u00e9tat-major des forces terrestres \u00e0 Olomouc.&nbsp;<\/p>\n\n\n\n<p><strong>(D\u00e9partement de la communication de CPR\/JaV)<\/strong><\/p>","protected":false},"excerpt":{"rendered":"<p>PHOTO : Zuzana B\u00f6nisch Au cours de la premi\u00e8re journ\u00e9e de sa visite, le Pr\u00e9sident de la R\u00e9publique a rencontr\u00e9 le recteur et le vice-recteur de la Facult\u00e9 des Lettres de l'Universit\u00e9 Palack\u00fd d'Olomouc et a d\u00e9battu avec les \u00e9tudiants. Lors de la...<\/p>","protected":false},"author":2,"featured_media":2828,"comment_status":"closed","ping_status":"closed","sticky":true,"template":"","format":"standard","meta":{"_acf_changed":false,"_lmt_disableupdate":"","_lmt_disable":"","footnotes":""},"categories":[7],"tags":[45,46,78,10,151,71,41],"class_list":["post-2820","post","type-post","status-publish","format-standard","has-post-thumbnail","hentry","category-politika","tag-cr","tag-eu","tag-evropa","tag-news","tag-petr-pavel","tag-prezident","tag-world"],"acf":[],"aioseo_notices":[],"_links":{"self":[{"href":"https:\/\/gnews.cz\/fr\/wp-json\/wp\/v2\/posts\/2820","targetHints":{"allow":["GET"]}}],"collection":[{"href":"https:\/\/gnews.cz\/fr\/wp-json\/wp\/v2\/posts"}],"about":[{"href":"https:\/\/gnews.cz\/fr\/wp-json\/wp\/v2\/types\/post"}],"author":[{"embeddable":true,"href":"https:\/\/gnews.cz\/fr\/wp-json\/wp\/v2\/users\/2"}],"replies":[{"embeddable":true,"href":"https:\/\/gnews.cz\/fr\/wp-json\/wp\/v2\/comments?post=2820"}],"version-history":[{"count":0,"href":"https:\/\/gnews.cz\/fr\/wp-json\/wp\/v2\/posts\/2820\/revisions"}],"wp:featuredmedia":[{"embeddable":true,"href":"https:\/\/gnews.cz\/fr\/wp-json\/wp\/v2\/media\/2828"}],"wp:attachment":[{"href":"https:\/\/gnews.cz\/fr\/wp-json\/wp\/v2\/media?parent=2820"}],"wp:term":[{"taxonomy":"category","embeddable":true,"href":"https:\/\/gnews.cz\/fr\/wp-json\/wp\/v2\/categories?post=2820"},{"taxonomy":"post_tag","embeddable":true,"href":"https:\/\/gnews.cz\/fr\/wp-json\/wp\/v2\/tags?post=2820"}],"curies":[{"name":"wp","href":"https:\/\/api.w.org\/{rel}","templated":true}]}}