{"id":29730,"date":"2025-06-20T10:03:23","date_gmt":"2025-06-20T08:03:23","guid":{"rendered":"https:\/\/www.gnews.cz\/?p=29730"},"modified":"2025-06-20T10:03:30","modified_gmt":"2025-06-20T08:03:30","slug":"leurope-cherche-un-moyen-de-dissuader-trump-de-bombarder-liran","status":"publish","type":"post","link":"https:\/\/gnews.cz\/fr\/politika\/evropa-hleda-cestu-jak-odvratit-trumpa-od-bombardovani-iranu\/","title":{"rendered":"L'Europe cherche un moyen de dissuader Trump de bombarder l'Iran"},"content":{"rendered":"<p><strong>Les \u00c9tats europ\u00e9ens, \u00e0 savoir l'Allemagne, la France et le Royaume-Uni, dans une tentative d\u00e9sesp\u00e9r\u00e9e d'\u00e9viter une escalade de la guerre qui dure depuis une semaine entre Isra\u00ebl et l'Iran, se pr\u00e9parent \u00e0 rencontrer des responsables iraniens \u00e0 Gen\u00e8ve. L'objectif est d'emp\u00eacher le nouveau pr\u00e9sident am\u00e9ricain Donald Trump de se joindre aux actions militaires d'Isra\u00ebl et de d\u00e9clencher un conflit de plus grande ampleur, a rapport\u00e9 Politico.<\/strong><\/p>\n\n\n\n<p>Les ministres des affaires \u00e9trang\u00e8res de ces pays tenteront, avec la Haute repr\u00e9sentante de l'Union europ\u00e9enne pour les affaires \u00e9trang\u00e8res et la politique de s\u00e9curit\u00e9, Kaja Kallas, de trouver une solution diplomatique pour \u00e9carter la menace d'un bombardement des installations nucl\u00e9aires iraniennes par les \u00c9tats-Unis.<\/p>\n\n\n\n<p>Les n\u00e9gociations de Gen\u00e8ve repr\u00e9sentent la derni\u00e8re tentative de l'Europe pour sauver la fragile stabilit\u00e9 de la r\u00e9gion. L'\u00e9quipe de M. Trump a laiss\u00e9 entendre ces derniers jours que le pr\u00e9sident envisageait une action militaire, mais a report\u00e9 sa d\u00e9cision de deux semaines, afin de donner du temps aux diplomates. Les discussions r\u00e9uniront les ministres europ\u00e9ens des affaires \u00e9trang\u00e8res, dont le Britannique David Lammy, qui est arriv\u00e9 directement de Washington apr\u00e8s s'\u00eatre entretenu avec son homologue am\u00e9ricain Marco Rubio, et le ministre iranien des affaires \u00e9trang\u00e8res Abbas Araghchi.<\/p>\n\n\n\n<p>Les Europ\u00e9ens esp\u00e8rent pouvoir persuader l'Iran de garantir l'usage exclusivement civil de son programme nucl\u00e9aire et, dans le m\u00eame temps, dissuader Trump d'intervenir militairement.<\/p>\n\n\n\n<p>La crise actuelle montre clairement comment Trump a affaibli l'influence g\u00e9opolitique de l'Europe au cours de sa pr\u00e9c\u00e9dente pr\u00e9sidence. En 2015, l'Allemagne, la France et le Royaume-Uni (les \"E3\") ont jou\u00e9 un r\u00f4le cl\u00e9 dans la n\u00e9gociation de l'accord sur le nucl\u00e9aire iranien (JCPOA) sous l'administration Obama. Cependant, Trump s'est retir\u00e9 de l'accord en 2018, ce qui a consid\u00e9rablement r\u00e9duit l'influence europ\u00e9enne sur la politique iranienne. De m\u00eame, l'Europe n'a pas r\u00e9ussi \u00e0 influencer le gouvernement isra\u00e9lien actuel de Benjamin Netanyahu, qui a durci sa position apr\u00e8s l'attaque du Hamas du 7 octobre 2023.<\/p>\n\n\n\n<blockquote class=\"wp-block-quote is-layout-flow wp-block-quote-is-layout-flow\">\n<p>Les diplomates europ\u00e9ens esp\u00e8rent en priv\u00e9 offrir \u00e0 Trump une \"rampe de sortie\" de la voie de la guerre. Alors que M. Trump a menac\u00e9 d'attaquer les installations nucl\u00e9aires iraniennes et a m\u00eame \u00e9voqu\u00e9 la possibilit\u00e9 d'\u00e9liminer le guide supr\u00eame, l'ayatollah Ali Khamenei, certains diplomates pensent qu'il h\u00e9site. <em>\"Quelque chose retient Trump\".<\/em> a d\u00e9clar\u00e9 un diplomate europ\u00e9en sous le couvert de l'anonymat. <em>\"Nous ne devons pas sous-estimer \u00e0 quel point Trump d\u00e9teste la guerre\".<\/em><\/p>\n<\/blockquote>\n\n\n\n<p>Alors que l'Europe recherche la paix, Isra\u00ebl pousse Trump \u00e0 prendre des mesures militaires contre l'Iran. Le responsable isra\u00e9lien a soulign\u00e9 qu'il attendait un ultimatum clair de l'Europe \u00e0 l'Iran : le d\u00e9mant\u00e8lement complet de son programme nucl\u00e9aire, le d\u00e9mant\u00e8lement de ses capacit\u00e9s en mati\u00e8re de missiles et l'arr\u00eat du financement des groupes mandataires. Cette position est en contradiction directe avec l'approche europ\u00e9enne, qui recherche le compromis.<\/p>\n\n\n\n<blockquote class=\"wp-block-quote is-layout-flow wp-block-quote-is-layout-flow\">\n<p>L'ancien chef du service de renseignement britannique MI6 <strong>John Sawers<\/strong> a not\u00e9 que Trump aurait pr\u00e9f\u00e9r\u00e9 qu'Isra\u00ebl n'ait pas d\u00e9clench\u00e9 la guerre avec l'Iran. <em>\"Trump voulait donner \u00e0 Isra\u00ebl plus de temps pour n\u00e9gocier, mais Netanyahu n'en a pas tenu compte\".<\/em> a d\u00e9clar\u00e9 M. Sawers. Maintenant qu'Isra\u00ebl a d\u00e9clench\u00e9 le conflit, certains pensent que les \u00c9tats-Unis devraient <em>\"terminer le travail\"<\/em>.<\/p>\n<\/blockquote>\n\n\n\n<p>Ministre fran\u00e7ais des affaires \u00e9trang\u00e8res <strong>Jean-No\u00ebl Barrot<\/strong> a indiqu\u00e9 que l'Iran \u00e9tait pr\u00eat \u00e0 poursuivre les n\u00e9gociations si un cessez-le-feu \u00e9tait d\u00e9clar\u00e9. La France voit une opportunit\u00e9 de m\u00e9diation entre l'Iran et les Etats-Unis, mais les chances d'une perc\u00e9e sont faibles. Les r\u00e9unions de Gen\u00e8ve serviront davantage \u00e0 faire passer des messages entre l'Iran et les \u00c9tats-Unis qu'\u00e0 trouver une solution d\u00e9finitive.<\/p>\n\n\n\n<p>Trump a \u00e9galement des raisons int\u00e9rieures d'h\u00e9siter \u00e0 entreprendre une action militaire. Alors que certains r\u00e9publicains le poussent \u00e0 intervenir, son mouvement MAGA s'oppose aux guerres \u00e9trang\u00e8res. M. Trump a promis d'\u00eatre un \"pr\u00e9sident de la paix\", et une escalade du conflit pourrait contredire ses promesses de campagne.<\/p>\n\n\n\n<p><strong><a href=\"https:\/\/www.politico.eu\/article\/donald-trump-iran-israel-keir-starmer-emmanuel-macron-friedrich-merz-europe\/\" title=\"\">Politico<\/a>\/gnews.cz - GH<\/strong><\/p>","protected":false},"excerpt":{"rendered":"<p>Dans une tentative d\u00e9sesp\u00e9r\u00e9e d'\u00e9viter une escalade de la guerre qui dure depuis une semaine entre Isra\u00ebl et l'Iran, les \u00c9tats europ\u00e9ens, \u00e0 savoir l'Allemagne, la France et la Grande-Bretagne, se pr\u00e9parent \u00e0...<\/p>","protected":false},"author":6,"featured_media":29733,"comment_status":"closed","ping_status":"closed","sticky":false,"template":"","format":"standard","meta":{"_acf_changed":false,"_lmt_disableupdate":"","_lmt_disable":"","footnotes":""},"categories":[7,2973],"tags":[158,496,46,760,17,38],"class_list":["post-29730","post","type-post","status-publish","format-standard","has-post-thumbnail","hentry","category-politika","category-zahranicni","tag-armada","tag-donald-trump","tag-eu","tag-iran-3","tag-top","tag-usa"],"acf":[],"aioseo_notices":[],"_links":{"self":[{"href":"https:\/\/gnews.cz\/fr\/wp-json\/wp\/v2\/posts\/29730","targetHints":{"allow":["GET"]}}],"collection":[{"href":"https:\/\/gnews.cz\/fr\/wp-json\/wp\/v2\/posts"}],"about":[{"href":"https:\/\/gnews.cz\/fr\/wp-json\/wp\/v2\/types\/post"}],"author":[{"embeddable":true,"href":"https:\/\/gnews.cz\/fr\/wp-json\/wp\/v2\/users\/6"}],"replies":[{"embeddable":true,"href":"https:\/\/gnews.cz\/fr\/wp-json\/wp\/v2\/comments?post=29730"}],"version-history":[{"count":0,"href":"https:\/\/gnews.cz\/fr\/wp-json\/wp\/v2\/posts\/29730\/revisions"}],"wp:featuredmedia":[{"embeddable":true,"href":"https:\/\/gnews.cz\/fr\/wp-json\/wp\/v2\/media\/29733"}],"wp:attachment":[{"href":"https:\/\/gnews.cz\/fr\/wp-json\/wp\/v2\/media?parent=29730"}],"wp:term":[{"taxonomy":"category","embeddable":true,"href":"https:\/\/gnews.cz\/fr\/wp-json\/wp\/v2\/categories?post=29730"},{"taxonomy":"post_tag","embeddable":true,"href":"https:\/\/gnews.cz\/fr\/wp-json\/wp\/v2\/tags?post=29730"}],"curies":[{"name":"wp","href":"https:\/\/api.w.org\/{rel}","templated":true}]}}