{"id":29866,"date":"2025-06-21T08:00:00","date_gmt":"2025-06-21T06:00:00","guid":{"rendered":"https:\/\/www.gnews.cz\/?p=29866"},"modified":"2025-06-23T09:36:14","modified_gmt":"2025-06-23T07:36:14","slug":"le-theatre-ne-se-contente-pas-de-divertir-il-guerit-aussi-dans-certaines-circonstances","status":"publish","type":"post","link":"https:\/\/gnews.cz\/fr\/tema\/divadlo-nejenom-bavi-ale-za-jistych-okolnosti-i-leci\/","title":{"rendered":"Le th\u00e9\u00e2tre ne se contente pas de divertir, il gu\u00e9rit aussi dans certaines circonstances."},"content":{"rendered":"<p><strong>Pour la plupart d'entre nous, le th\u00e9\u00e2tre est un espace d'histoire, d'\u00e9motion et de rencontre. Mais ce qui est remarquable, c'est qu'il peut aussi servir d'outil de transformation int\u00e9rieure profonde. La th\u00e9rapie th\u00e9\u00e2trale - c'est-\u00e0-dire le travail th\u00e9rapeutique avec des \u00e9l\u00e9ments de th\u00e9\u00e2tre - devient un outil de plus en plus important dans les soins de sant\u00e9 mentale dans le secteur de la sant\u00e9 tch\u00e8que.<\/strong><\/p>\n\n\n\n<p>Le travail th\u00e9\u00e2tral peut amener un patient l\u00e0 o\u00f9 il n'oserait pas aller autrement, d\u00e9clare le Doc. Ing. Mgr. Irena \u017dantovsk\u00e1, docteur en philosophie, metteur en sc\u00e8ne de th\u00e9\u00e2tre et de radio, enseignante et sp\u00e9cialiste du th\u00e9\u00e2tre renomm\u00e9e, qui se consacre depuis quelques ann\u00e9es \u00e0 cette forme sp\u00e9cifique de th\u00e9rapie au Centre de r\u00e9adaptation mentale de Beroun. Dans l'interview qui suit, elle explique en quoi consiste la th\u00e9rapie par le th\u00e9\u00e2tre, comment elle aide sp\u00e9cifiquement les personnes souffrant de probl\u00e8mes de sant\u00e9 mentale et quels changements elle observe chez ses patients. Il apporte un \u00e9clairage fascinant sur la mani\u00e8re dont l'art peut devenir une voie de gu\u00e9rison - discr\u00e8tement, mais avec un impact profond.<\/p>\n\n\n\n<p><strong>Madame la professeure agr\u00e9g\u00e9e, la th\u00e9rapie par le th\u00e9\u00e2tre n'est pas un terme que l'on utilise couramment dans la conversation de tous les jours...<\/strong><\/p>\n\n\n\n<p>La th\u00e9rapie par le th\u00e9\u00e2tre fait partie des th\u00e9rapies exp\u00e9rientielles et utilise les principes du travail th\u00e9\u00e2tral et de l'interpr\u00e9tation de textes dramatiques. Nous travaillons \u00e0 la fois avec des textes de th\u00e9\u00e2tre originaux (Moli\u00e9re, Goldoni, etc.) et des auteurs contemporains. Il m'arrive aussi de pr\u00e9parer mes propres mises en sc\u00e8ne de textes en prose, comme Le Petit Prince.<\/p>\n\n\n\n<p><strong>En quoi la th\u00e9rapie par le th\u00e9\u00e2tre diff\u00e8re-t-elle d'autres approches artistiques ou th\u00e9rapeutiques ?<\/strong><\/p>\n\n\n\n<p>Surtout, en proposant aux patients de travailler en groupe, en collectif, avec un objectif commun. Il s'agit de cr\u00e9er une courte production th\u00e9\u00e2trale et de la pr\u00e9senter devant les autres patients et le personnel m\u00e9dical. Ainsi, dans cette exp\u00e9rience collective, les patients ne se concentrent pas sur leur propre probl\u00e8me, qu'ils r\u00e9solvent dans la salle de traitement, mais sortent de la r\u00e9alit\u00e9 et entrent dans de nouveaux personnages et de nouvelles situations. Cela peut leur apporter - par rapport \u00e0 d'autres types d'art-th\u00e9rapie - un autre type de connaissance de soi, d'exp\u00e9rience \u00e9motionnelle et d'espace pour le d\u00e9veloppement de leur propre cr\u00e9ativit\u00e9.<\/p>\n\n\n\n<p><strong>Pouvez-vous donner un exemple pr\u00e9cis o\u00f9 la th\u00e9rapie par le th\u00e9\u00e2tre a vraiment aid\u00e9 quelqu'un de mani\u00e8re significative ?<\/strong><\/p>\n\n\n\n<p>Il y en a plusieurs. Par exemple, j'ai eu une patiente qui souffrait d'une grave anxi\u00e9t\u00e9 li\u00e9e aux interactions sociales. Au d\u00e9part, elle refusait d'\u00eatre sur sc\u00e8ne avec d'autres personnes, alors je lui ai \u00e9crit un r\u00f4le de narrateur. M\u00eame pendant les r\u00e9p\u00e9titions, elle s'asseyait \u00e0 quelques rangs du groupe. Mais au cours du processus, elle s'est progressivement rapproch\u00e9e et a fini par se tenir dans la m\u00eame rang\u00e9e que les autres lors des remerciements. Elle a consid\u00e9r\u00e9 ce moment comme son grand changement personnel.<\/p>\n\n\n\n<p><strong>Travaillez-vous dans le cadre d'une m\u00e9thodologie sp\u00e9cifique de th\u00e9rapie th\u00e9\u00e2trale ou cr\u00e9ez-vous votre propre approche ?<\/strong><\/p>\n\n\n\n<p>La th\u00e9rapie th\u00e9\u00e2trale est g\u00e9n\u00e9ralement bas\u00e9e sur la m\u00e9thodologie et les approches du travail th\u00e9\u00e2tral, que j'utilise en tant que th\u00e9rapeute th\u00e9\u00e2trale et que je transforme pour les besoins du travail avec les patients. Je modifie mon approche m\u00e9thodologique en fonction de mon exp\u00e9rience du travail avec les patients, mais aussi en fonction de groupes sp\u00e9cifiques de patients, pour lesquels je s\u00e9lectionne et pr\u00e9pare des textes sur mesure. Progressivement, je transforme cette exp\u00e9rience pratique en une m\u00e9thodologie th\u00e9orique.<\/p>\n\n\n\n<p><strong>Comment choisissez-vous les th\u00e8mes ou la forme de vos productions ?<\/strong><\/p>\n\n\n\n<p>La production est pr\u00e9par\u00e9e avec les patients du service de psychoth\u00e9rapie et prend 6 semaines. Au d\u00e9but, je dois toujours apprendre \u00e0 conna\u00eetre la composition du groupe, la r\u00e9partition par \u00e2ge et le nombre d'hommes et de femmes. Je dois aussi conna\u00eetre leurs diagnostics, leurs difficult\u00e9s et leurs possibilit\u00e9s. Il y a des patients qui ont du mal \u00e0 monter sur sc\u00e8ne, mais il y a aussi ceux qui ont un talent ind\u00e9niable de com\u00e9dien, voire une exp\u00e9rience professionnelle.<\/p>\n\n\n\n<p><strong>Dans quelle mesure laissez-vous aux patients la possibilit\u00e9 de cr\u00e9er et d'improviser ?<\/strong><\/p>\n\n\n\n<p>Les patients sont impliqu\u00e9s en fonction de leurs capacit\u00e9s et de leur exp\u00e9rience. Tr\u00e8s souvent, sous ma direction, ils cr\u00e9ent eux-m\u00eames, par exemple, la composante visuelle du spectacle, des clips vid\u00e9o, etc.<\/p>\n\n\n\n<figure class=\"wp-block-image size-full is-resized\"><img decoding=\"async\" src=\"https:\/\/www.gnews.cz\/wp-content\/uploads\/2025\/06\/imageresize_20250621_085242.jpg\" alt=\"\" class=\"wp-image-29869\" style=\"width:780px;height:auto\"\/><\/figure>\n\n\n\n<p><strong>Mais il arrive que les \u00e9motions d\u00e9bordent. Et si quelque chose de lourd s'ouvre ?<\/strong><\/p>\n\n\n\n<p>Bien s\u00fbr, les moments de crise font partie de notre travail. Ils doivent \u00eatre consid\u00e9r\u00e9s comme faisant partie de l'exp\u00e9rience de l'ensemble du groupe. Chaque patient est sp\u00e9cifique en ce sens qu'il arrive dans un \u00e9tat d'esprit l\u00e9g\u00e8rement diff\u00e9rent et avec une quantit\u00e9 d'\u00e9nergie et de force diff\u00e9rente \u00e0 consacrer au travail. J'apprends encore \u00e0 percevoir les possibilit\u00e9s individuelles et \u00e0 pr\u00e9parer et programmer le travail de mani\u00e8re \u00e0 \u00e9viter les probl\u00e8mes dans le groupe.<\/p>\n\n\n\n<p><strong>Collaborez-vous avec des experts - psychologues, psychiatres ?<\/strong><\/p>\n\n\n\n<p>Bien s\u00fbr, en tant que th\u00e9rapeute de th\u00e9\u00e2tre, je dois avant tout me fier aux exigences, aux missions et aux limites fix\u00e9es par les psychiatres et les psychologues. Je participe r\u00e9guli\u00e8rement au travail du service, au cours des r\u00e9unions, je consulte tout et je profite des conseils de mes coll\u00e8gues m\u00e9decins et psychologues. C'est un travail d'\u00e9quipe.<\/p>\n\n\n\n<p><strong>Le travail th\u00e9\u00e2tral r\u00e9v\u00e8le-t-il quelque chose de plus profond que la th\u00e9rapie conventionnelle ?<\/strong><\/p>\n\n\n\n<p>Le travail th\u00e9\u00e2tral offre des possibilit\u00e9s de r\u00e9alisation de soi, ouvre un espace de d\u00e9veloppement personnel et peut amener le patient - l'acteur - \u00e0 des endroits o\u00f9 il n'oserait pas aller autrement, par le biais d'une m\u00e9thode de jeu de r\u00f4le par procuration. En particulier, il \u00e9tait int\u00e9ressant d'observer, par exemple, la transformation de ceux qui, dans la vie civile, agissent de mani\u00e8re plut\u00f4t soumise et qui, soudain, jouent des personnages d\u00e9cid\u00e9s et tranchants.<\/p>\n\n\n\n<p><strong>Quels sont, selon vous, les principaux avantages th\u00e9rapeutiques de la th\u00e9rapie par le th\u00e9\u00e2tre ?<\/strong><\/p>\n\n\n\n<p>En guise de retour d'information, je fais remplir \u00e0 tous les patients un questionnaire ainsi qu'une r\u00e9flexion sur leur exp\u00e9rience de cette forme de travail. Cette enqu\u00eate me permet de constater que les patients appr\u00e9cient particuli\u00e8rement la possibilit\u00e9 d'essayer d'incarner le personnage de quelqu'un d'autre et que leur estime de soi augmente apr\u00e8s une repr\u00e9sentation r\u00e9ussie. Ils appr\u00e9cient de pouvoir collaborer avec des partenaires sur sc\u00e8ne. Pour beaucoup, le simple fait de ne pas partir, de terminer la r\u00e9p\u00e9tition et de se produire devant un public est un succ\u00e8s, et enfin, mais non des moindres, ils appr\u00e9cient les effets relationnels.<\/p>\n\n\n\n<p><strong>Conclusion : vous \u00eates un directeur et un enseignant bien connu. Qu'est-ce qui vous a amen\u00e9 \u00e0 travailler au Centre de r\u00e9habilitation mentale ?<\/strong><\/p>\n\n\n\n<p>Au cours de ma vie professionnelle dans le domaine de la mise en sc\u00e8ne de th\u00e9\u00e2tre, j'ai mis en sc\u00e8ne environ 80 spectacles de diff\u00e9rents genres (drame, op\u00e9ra, ballet) dans divers th\u00e9\u00e2tres, dont le Th\u00e9\u00e2tre national de Prague, de Brno et d'Ostrava. Au d\u00e9but de ma carri\u00e8re, je m'int\u00e9ressais principalement \u00e0 mon expression artistique personnelle. Plus tard, je me suis consacr\u00e9e \u00e0 la recherche sur le public du th\u00e9\u00e2tre et sur ce que le th\u00e9\u00e2tre apporte \u00e0 son public. Et maintenant, dans la phase professionnelle suivante, je d\u00e9couvre comment le th\u00e9\u00e2tre peut enrichir et changer ceux qui y participent, m\u00eame dans des contextes qui peuvent \u00eatre inattendus ou moins habituels. En bref, il s'av\u00e8re que l'art peut m\u00eame \"gu\u00e9rir\" de nombreuses personnes, et la gu\u00e9rison par l'art peut \u00eatre un indice d'une voie possible vers l'avenir.<\/p>\n\n\n\n<p><strong>Ivan Cerny<\/strong><br>Photo d'archives et Robert Vano<\/p>\n\n\n\n<figure class=\"wp-block-image size-large\"><img decoding=\"async\" src=\"https:\/\/www.gnews.cz\/wp-content\/uploads\/2025\/06\/imageresize_20250621_085237-1-1024x576.jpg\" alt=\"\" class=\"wp-image-29871\"\/><\/figure>","protected":false},"excerpt":{"rendered":"<p>Pour la plupart d'entre nous, le th\u00e9\u00e2tre est un espace d'histoire, d'\u00e9motion et de rencontre. Mais remarquablement, il peut aussi servir d'outil pour...<\/p>","protected":false},"author":2,"featured_media":29870,"comment_status":"closed","ping_status":"closed","sticky":false,"template":"","format":"standard","meta":{"_acf_changed":false,"_lmt_disableupdate":"","_lmt_disable":"","footnotes":""},"categories":[2968,6,2,1,580,8,5],"tags":[45,77,10,17,41,3702],"class_list":["post-29866","post","type-post","status-publish","format-standard","has-post-thumbnail","hentry","category-domaci","category-kultura","category-rozhovory","category-tema","category-vyber-sefredaktora","category-zabava","category-zdravy-styl","tag-cr","tag-divadlo","tag-news","tag-top","tag-world","tag-zantovska"],"acf":[],"aioseo_notices":[],"_links":{"self":[{"href":"https:\/\/gnews.cz\/fr\/wp-json\/wp\/v2\/posts\/29866","targetHints":{"allow":["GET"]}}],"collection":[{"href":"https:\/\/gnews.cz\/fr\/wp-json\/wp\/v2\/posts"}],"about":[{"href":"https:\/\/gnews.cz\/fr\/wp-json\/wp\/v2\/types\/post"}],"author":[{"embeddable":true,"href":"https:\/\/gnews.cz\/fr\/wp-json\/wp\/v2\/users\/2"}],"replies":[{"embeddable":true,"href":"https:\/\/gnews.cz\/fr\/wp-json\/wp\/v2\/comments?post=29866"}],"version-history":[{"count":0,"href":"https:\/\/gnews.cz\/fr\/wp-json\/wp\/v2\/posts\/29866\/revisions"}],"wp:featuredmedia":[{"embeddable":true,"href":"https:\/\/gnews.cz\/fr\/wp-json\/wp\/v2\/media\/29870"}],"wp:attachment":[{"href":"https:\/\/gnews.cz\/fr\/wp-json\/wp\/v2\/media?parent=29866"}],"wp:term":[{"taxonomy":"category","embeddable":true,"href":"https:\/\/gnews.cz\/fr\/wp-json\/wp\/v2\/categories?post=29866"},{"taxonomy":"post_tag","embeddable":true,"href":"https:\/\/gnews.cz\/fr\/wp-json\/wp\/v2\/tags?post=29866"}],"curies":[{"name":"wp","href":"https:\/\/api.w.org\/{rel}","templated":true}]}}