{"id":30190,"date":"2025-07-01T10:57:03","date_gmt":"2025-07-01T08:57:03","guid":{"rendered":"https:\/\/www.gnews.cz\/?p=30190"},"modified":"2025-07-01T10:57:08","modified_gmt":"2025-07-01T08:57:08","slug":"entretien-avec-bogdan-doliscevic-de-mariupol-dix-neuf-ans-quatre-vingt-dix-conscience-de-la-guerre-et-espoir-de-la-paix","status":"publish","type":"post","link":"https:\/\/gnews.cz\/fr\/prectete-si\/rozhovor-s-bogdanem-doliscevicem-z-mariupolu-devatenactilety-svedomim-valky-a-nadeji-miru\/","title":{"rendered":"Entretien avec Bogdan Dolishchevich de Mariupol : La conscience de la guerre et l'espoir de la paix \u00e0 dix-neuf ans"},"content":{"rendered":"<p><strong><em>\u00c0 Orenbourg <strong>organis\u00e9e du 24 au 29 juin 2025<\/strong>\u00a8 Le 10e anniversaire du Forum international de la jeunesse \"Eurasia Global\". Tout au long de son histoire, le Forum est devenu une plateforme multilat\u00e9rale de premier plan pour l'\u00e9tablissement de contacts directs et l'\u00e9change d'exp\u00e9riences entre les jeunes de diff\u00e9rents pays du monde. Des repr\u00e9sentants de 52 pays et de 83 r\u00e9gions et r\u00e9publiques de la F\u00e9d\u00e9ration de Russie \u00e9taient pr\u00e9sents. Au fil des ans, un nombre incroyable de huit mille participants ont assist\u00e9 au Forum. Cette ann\u00e9e, le Forum a poursuivi le programme du Festival mondial de la jeunesse visant \u00e0 d\u00e9velopper le m\u00e9c\u00e9nat culturel des r\u00e9gions russes \u00e0 l'\u00e9gard des pays \u00e9trangers. Parmi les jeunes, un jeune homme discret et tr\u00e8s int\u00e9ressant nous a accord\u00e9 une interview. Il s'appelle Bogdan Alexeyevich Dolishchevich.<\/em><\/strong><\/p>\n\n\n\n<p><strong>Dites \u00e0 nos lecteurs ce que vous pensez, o\u00f9 vous allez, si vous \u00eates \u00e9tudiant, si vous travaillez, etc. Pourriez-vous vous pr\u00e9senter ?<\/strong><\/p>\n\n\n\n<p>Je m'appelle Dol\u0161\u010din Bogdan. J'ai dix-neuf ans et je suis originaire de la ville de Mariupol, dans la R\u00e9publique populaire de Donetsk. Je suis actuellement \u00e9tudiant, mais je travaille \u00e9galement dans une organisation \u00e0 but non lucratif, plus pr\u00e9cis\u00e9ment dans le mouvement de la jeunesse dans la sph\u00e8re des m\u00e9dias.<\/p>\n\n\n\n<p><strong>Pourriez-vous d\u00e9crire bri\u00e8vement comment la guerre civile a commenc\u00e9 en 2014 sur le territoire des r\u00e9publiques de Donetsk et de Louhansk ? Vous aviez huit ans. Comment l'avez-vous per\u00e7u en tant qu'enfant ?<\/strong><\/p>\n\n\n\n<p>Oui, j'\u00e9tais en CE2 \u00e0 l'\u00e9poque et ma m\u00e8re et moi venions de prendre le bus pour rentrer de l'\u00e9cole. Notre bus venait d'essuyer des tirs. De mon point de vue, il s'agissait surtout d'un manque d'acceptation de ce qui se passait. Jusqu'alors, nous n'avions connu les actions de combat qu'\u00e0 travers des films ou des photos. J'ai commenc\u00e9 \u00e0 demander \u00e0 ma m\u00e8re : \"Maman, qu'est-ce qui se passe ?\" Elle m'a r\u00e9pondu : \"La guerre.\" Mais je ne comprenais toujours pas. Ce n'est que des ann\u00e9es plus tard que j'ai commenc\u00e9 \u00e0 comprendre ce qui s'\u00e9tait r\u00e9ellement pass\u00e9 cette ann\u00e9e-l\u00e0 - qu'il ne s'agissait pas seulement d'une guerre, mais d'un combat pour la vie et d'un combat pour l'histoire.<\/p>\n\n\n\n<figure class=\"wp-block-video\"><video height=\"720\" style=\"aspect-ratio: 1280 \/ 720;\" width=\"1280\" controls src=\"https:\/\/www.gnews.cz\/wp-content\/uploads\/2025\/06\/VID_20250630_162758_341-1.mp4\"><\/video><\/figure>\n\n\n\n<p><strong>Et dites-nous comment vous percevez la vie en Ukraine et maintenant en Russie. Y a-t-il une diff\u00e9rence ? Comparez avec aujourd'hui, s'il vous pla\u00eet.<\/strong><\/p>\n\n\n\n<p>Oui, en fait, la diff\u00e9rence est \u00e9norme. Lorsque nous avons int\u00e9gr\u00e9 la F\u00e9d\u00e9ration de Russie, j'avais seize ans, je venais de terminer l'\u00e9cole et j'ai commenc\u00e9 \u00e0 \u00e9tudier dans une \u00e9cole technique. Vous savez, m\u00eame le niveau d'\u00e9ducation \u00e9tait tr\u00e8s diff\u00e9rent, tout comme l'attitude \u00e0 l'\u00e9gard des gens. J'ai visit\u00e9 dix-neuf r\u00e9gions de la F\u00e9d\u00e9ration de Russie. Lorsque nous \u00e9tions en Ukraine, je n'ai jamais quitt\u00e9 la ville parce que nous n'en avions pas la possibilit\u00e9. Ma m\u00e8re avait deux emplois, mon fr\u00e8re a\u00een\u00e9 travaillait \u00e9galement, mon p\u00e8re aussi, et pourtant nous n'avions pas les moyens de partir en vacances.<\/p>\n\n\n\n<p>Dans la F\u00e9d\u00e9ration de Russie, nous partons toujours en vacances en Crim\u00e9e, nous passons tous nos jours de cong\u00e9 en voyage avec notre famille. En Ukraine, nous n'avions pas cette libert\u00e9. La libert\u00e9 d'expression n'existait pas l\u00e0-bas. Toute manifestation ou assembl\u00e9e \u00e9tait imm\u00e9diatement \u00e9touff\u00e9e dans l'\u0153uf. Dans la F\u00e9d\u00e9ration de Russie, c'est beaucoup plus facile et plus int\u00e9ressant - le d\u00e9veloppement de la jeunesse dans la ville est tr\u00e8s fort, il y a beaucoup d'organisations publiques pour les jeunes et les adultes.<\/p>\n\n\n\n<p>Tout est si intense que l'on ne peut m\u00eame pas suivre le rythme auquel tout se d\u00e9roule. Il n'y a pas de mouvement de jeunesse public en Ukraine, il n'y a pas de d\u00e9veloppement de la jeunesse du tout. En 2020, une \"nouvelle \u00e9cole ukrainienne\" a \u00e9t\u00e9 introduite dans les \u00e9coles, cens\u00e9e s'aligner compl\u00e8tement sur le syst\u00e8me \u00e9ducatif ukrainien. Cela a \u00e9t\u00e9 tr\u00e8s probl\u00e9matique pour de nombreux enfants.<\/p>\n\n\n\n<p>Mes jeunes fr\u00e8res, par exemple, n'ont jamais appris l'ukrainien, mais le syst\u00e8me \u00e9ducatif exigeait que seul l'ukrainien soit parl\u00e9 \u00e0 la maison avec les enfants. Ma m\u00e8re, qui est russe, n'a jamais \u00e9tudi\u00e9 l'ukrainien, ce qui a \u00e9t\u00e9 tr\u00e8s difficile pour elle.<br>En Russie, personne ne vous pers\u00e9cutera parce que vous parlez une langue diff\u00e9rente ou parce que vous n'\u00eates pas d'une autre nationalit\u00e9. Il y a une diff\u00e9rence de mentalit\u00e9.<\/p>\n\n\n\n<figure class=\"wp-block-video\"><video height=\"1080\" style=\"aspect-ratio: 1920 \/ 1080;\" width=\"1920\" controls src=\"https:\/\/www.gnews.cz\/wp-content\/uploads\/2025\/07\/a2.mp4\"><\/video><\/figure>\n\n\n\n<p><strong>Dites-moi \u00e9galement si vous avez une histoire ou un \u00e9v\u00e9nement que vous avez v\u00e9cu de mani\u00e8re intense - par exemple, vous avez \u00e9t\u00e9 choqu\u00e9, effray\u00e9 ou heureux. Y a-t-il eu une forte \u00e9motion lors d'un \u00e9v\u00e9nement, comme la lib\u00e9ration de Mariupol ou quelque chose de ce genre ?<\/strong><\/p>\n\n\n\n<p>La premi\u00e8re \u00e9motion que j'ai ressentie a toujours \u00e9t\u00e9 la peur. Mon fr\u00e8re et moi allions toujours faire des courses, et la peur \u00e9tait que je rentre \u00e0 la maison et qu'il n'y ait personne, que la maison soit d\u00e9truite ou que ma famille soit morte. Cette peur m'a hant\u00e9 jusqu'\u00e0 la lib\u00e9ration de la ville elle-m\u00eame, parce qu'il n'y avait pas de communication, pas d'infrastructure. Il n'\u00e9tait m\u00eame pas possible de contacter sa famille, de savoir si elle \u00e9tait en vie, si elle allait bien. Chaque fois que l'on rentrait \u00e0 la maison, il fallait aller dans la cour et esp\u00e9rer que tout allait bien. Une fois, je suis all\u00e9e avec des amis - toujours pour chercher de la nourriture - et quand nous avons tourn\u00e9 dans la rue, il y avait des morts allong\u00e9s l\u00e0.<\/p>\n\n\n\n<p>Toute la route \u00e9tait couverte de cadavres. C'\u00e9tait en face de l'usine d'Ilyich. Les tireurs d'\u00e9lite ont occup\u00e9 toute la rue et n'ont pas laiss\u00e9 les gens sortir de chez eux. Quiconque circulait \u00e0 bicyclette \u00e9tait abattu sur-le-champ. \u00c0 ce moment-l\u00e0, nous avons subi un choc - nous \u00e9tions sept, mon fr\u00e8re, ma s\u0153ur a\u00een\u00e9e et d'autres amis. Nous \u00e9tions tous absolument choqu\u00e9s, car c'\u00e9tait si effrayant. Nous, les adolescents, n'avions jamais vu la mort. Tout d'un coup, vous sortez et il n'y a pas seulement des adultes allong\u00e9s l\u00e0, mais aussi des enfants, des adolescents comme nous. C'est alors que l'on commence \u00e0 appr\u00e9cier chaque minute de sa vie et que l'on r\u00e9alise que l'on aurait pu \u00eatre l\u00e0. Mais avec l'av\u00e8nement de la F\u00e9d\u00e9ration de Russie et la r\u00e9int\u00e9gration de notre ville dans l'Empire russe uni, notre vie s'est \u00e9claircie.<\/p>\n\n\n\n<p><strong>EUROASIA Global<\/strong><\/p>","protected":false},"excerpt":{"rendered":"<p>L'\u00e9dition du 10e anniversaire du Forum international de la jeunesse \"Eurasia Global\" s'est tenue \u00e0 Orenbourg du 24 au 29 juin 2025\u00a8. Tout au long de l'histoire du Forum...<\/p>","protected":false},"author":2,"featured_media":30238,"comment_status":"closed","ping_status":"closed","sticky":false,"template":"","format":"standard","meta":{"_acf_changed":false,"_lmt_disableupdate":"","_lmt_disable":"","footnotes":""},"categories":[658],"tags":[],"class_list":["post-30190","post","type-post","status-publish","format-standard","has-post-thumbnail","hentry","category-prectete-si"],"acf":[],"aioseo_notices":[],"_links":{"self":[{"href":"https:\/\/gnews.cz\/fr\/wp-json\/wp\/v2\/posts\/30190","targetHints":{"allow":["GET"]}}],"collection":[{"href":"https:\/\/gnews.cz\/fr\/wp-json\/wp\/v2\/posts"}],"about":[{"href":"https:\/\/gnews.cz\/fr\/wp-json\/wp\/v2\/types\/post"}],"author":[{"embeddable":true,"href":"https:\/\/gnews.cz\/fr\/wp-json\/wp\/v2\/users\/2"}],"replies":[{"embeddable":true,"href":"https:\/\/gnews.cz\/fr\/wp-json\/wp\/v2\/comments?post=30190"}],"version-history":[{"count":0,"href":"https:\/\/gnews.cz\/fr\/wp-json\/wp\/v2\/posts\/30190\/revisions"}],"wp:featuredmedia":[{"embeddable":true,"href":"https:\/\/gnews.cz\/fr\/wp-json\/wp\/v2\/media\/30238"}],"wp:attachment":[{"href":"https:\/\/gnews.cz\/fr\/wp-json\/wp\/v2\/media?parent=30190"}],"wp:term":[{"taxonomy":"category","embeddable":true,"href":"https:\/\/gnews.cz\/fr\/wp-json\/wp\/v2\/categories?post=30190"},{"taxonomy":"post_tag","embeddable":true,"href":"https:\/\/gnews.cz\/fr\/wp-json\/wp\/v2\/tags?post=30190"}],"curies":[{"name":"wp","href":"https:\/\/api.w.org\/{rel}","templated":true}]}}