{"id":30288,"date":"2025-07-02T18:33:00","date_gmt":"2025-07-02T16:33:00","guid":{"rendered":"https:\/\/www.gnews.cz\/?p=30288"},"modified":"2025-07-02T23:40:11","modified_gmt":"2025-07-02T21:40:11","slug":"le-gouvernement-de-la-cr-a-inscrit-un-citoyen-russe-sur-la-liste-des-sanctions-et-a-augmente-les-salaires-des-douaniers-de-ladministration-penitentiaire-et-des-gibs","status":"publish","type":"post","link":"https:\/\/gnews.cz\/fr\/politika\/vlada-cr-zaradila-ruskeho-obcana-na-sankcni-seznam-a-navysila-platy-celnikum-vezenske-sluzbe-a-gibs\/","title":{"rendered":"Le gouvernement tch\u00e8que inscrit un citoyen russe sur la liste des sanctions et augmente les salaires des agents des douanes, de l'administration p\u00e9nitentiaire et du GIBS."},"content":{"rendered":"<p><strong>Lors de sa r\u00e9union de mercredi, le gouvernement de la R\u00e9publique tch\u00e8que, dirig\u00e9 par le Premier ministre Petr Fiala, a adopt\u00e9 plusieurs d\u00e9cisions importantes. Parmi les points principaux figurent l'inclusion du citoyen russe Oleg Sergeyevich Osipov sur la liste des sanctions nationales, l'augmentation des salaires des membres de l'administration des douanes, de l'administration p\u00e9nitentiaire et de l'inspection g\u00e9n\u00e9rale des forces de s\u00e9curit\u00e9 (GIBS) et l'approbation de l'option du tunnel pour l'ach\u00e8vement de la partie nord-est de la rocade de Prague.<\/strong><\/p>\n\n\n\n<p><strong>Sanctions contre Oleg Osipov : R\u00e9action aux menaces et au soutien \u00e0 l'agression russe<\/strong><\/p>\n\n\n\n<p>Le cabinet a d\u00e9cid\u00e9 d'ajouter Oleg Sergeyevich Osipov, un associ\u00e9 de longue date de l'ancien pr\u00e9sident russe Dmitry Medvedev, \u00e0 la liste des sanctions nationales. Les raisons de cette d\u00e9cision sont son soutien actif \u00e0 des activit\u00e9s portant atteinte \u00e0 la souverainet\u00e9 de l'Ukraine et les menaces de mort prof\u00e9r\u00e9es \u00e0 l'encontre du citoyen tch\u00e8que Dominik Ha\u0161ek. <em>\"Si quelqu'un menace nos citoyens de mort, il n'est pas le bienvenu en R\u00e9publique tch\u00e8que\".<\/em> a d\u00e9clar\u00e9 le premier ministre Petr Fiala. M. Osipov a \u00e9t\u00e9 interdit d'entr\u00e9e en R\u00e9publique tch\u00e8que et le gouvernement cherche maintenant \u00e0 le faire ajouter \u00e0 la liste des sanctions de l'Union europ\u00e9enne.<\/p>\n\n\n\n<p><strong>Augmentation des salaires des forces de s\u00e9curit\u00e9 : stabilit\u00e9 et attractivit\u00e9 de la profession<\/strong><\/p>\n\n\n\n<p>Le gouvernement a \u00e9galement approuv\u00e9 une nouvelle organisation de l'administration des douanes, de l'administration p\u00e9nitentiaire et du GIBS, qui comprend une augmentation du suppl\u00e9ment de stabilisation de 3 000 CZK par mois pour les membres de ces corps. Cette mesure fait suite \u00e0 une d\u00e9cision ant\u00e9rieure d'augmenter les salaires des soldats, des policiers et des pompiers \u00e0 partir du 1er juillet 2025, dans le but d'assurer la comp\u00e9titivit\u00e9 de ces professions sur le march\u00e9 du travail et d'attirer de nouveaux candidats au service. <em>\"Nous voulons que les personnes qui servent dans les forces de s\u00e9curit\u00e9 b\u00e9n\u00e9ficient de conditions d\u00e9centes et soient motiv\u00e9es pour rester\". <\/em>a soulign\u00e9 le Premier ministre Fiala.<\/p>\n\n\n\n<p><strong>Ach\u00e8vement du p\u00e9riph\u00e9rique de Prague : Option tunnel pour le nord-est<\/strong><\/p>\n\n\n\n<p>Une autre d\u00e9cision importante a \u00e9t\u00e9 l'approbation du trac\u00e9 du tunnel pour l'ach\u00e8vement de la partie nord-est du p\u00e9riph\u00e9rique de Prague dans la section B\u0159ezin\u011bves-Satalice. Cette option a \u00e9t\u00e9 choisie en tenant compte des exigences des autorit\u00e9s locales et des habitants des municipalit\u00e9s concern\u00e9es afin de minimiser l'impact sur l'environnement et la qualit\u00e9 de vie. La construction du p\u00e9riph\u00e9rique est cruciale pour l'am\u00e9lioration des infrastructures de transport \u00e0 Prague et dans ses environs.<\/p>\n\n\n\n<p><strong>Cadre strat\u00e9gique pour la politique de coh\u00e9sion et autres points de l'ordre du jour<\/strong><\/p>\n\n\n\n<p>Le cabinet a \u00e9galement entam\u00e9 une discussion sur le cadre strat\u00e9gique de la politique de coh\u00e9sion 2028+, qui rev\u00eat une importance cruciale pour les n\u00e9gociations avec la Commission europ\u00e9enne sur les r\u00e8gles de la politique de coh\u00e9sion. Ce document aidera la R\u00e9publique tch\u00e8que \u00e0 promouvoir les int\u00e9r\u00eats de ses r\u00e9gions dans la nouvelle p\u00e9riode de programmation. Le gouvernement a \u00e9galement approuv\u00e9 le r\u00e8glement sur les essais dans le cadre de la loi sur les armes et les munitions, qui entrera en vigueur le 1er janvier 2026, et a discut\u00e9 des avis sur les conclusions de la Cour supr\u00eame des comptes.<\/p>\n\n\n\n<p><strong><a href=\"https:\/\/vlada.gov.cz\/cz\/media-centrum\/aktualne\/vlada-pridala-na-vnitrostatni-sankcni-seznam-dalsi-jmeno-a-schvalila-navyseni-sluzebnich-prijmu-celniku-a-prislusniku-vezenske-sluzby-a-gibs-220580\/\" title=\"\">Gouvernement.cz<\/a>\/gnews.cz - GH<\/strong><\/p>","protected":false},"excerpt":{"rendered":"<p>Lors de sa r\u00e9union de mercredi, le gouvernement de la R\u00e9publique tch\u00e8que, dirig\u00e9 par le Premier ministre Petr Fiala, a adopt\u00e9 plusieurs d\u00e9cisions importantes. Parmi les principaux points, on peut citer l'inclusion de la...<\/p>","protected":false},"author":6,"featured_media":30289,"comment_status":"closed","ping_status":"closed","sticky":false,"template":"","format":"standard","meta":{"_acf_changed":false,"_lmt_disableupdate":"","_lmt_disable":"","footnotes":""},"categories":[2968,7],"tags":[3779,3392,649,357,3777,419,26,17,3778,92],"class_list":["post-30288","post","type-post","status-publish","format-standard","has-post-thumbnail","hentry","category-domaci","category-politika","tag-celni-sprava","tag-ceska-republika","tag-dominik-hasek","tag-doprava","tag-gibs","tag-petr-fiala","tag-rusko","tag-top","tag-vezenska-sluzba","tag-vlada"],"acf":[],"aioseo_notices":[],"_links":{"self":[{"href":"https:\/\/gnews.cz\/fr\/wp-json\/wp\/v2\/posts\/30288","targetHints":{"allow":["GET"]}}],"collection":[{"href":"https:\/\/gnews.cz\/fr\/wp-json\/wp\/v2\/posts"}],"about":[{"href":"https:\/\/gnews.cz\/fr\/wp-json\/wp\/v2\/types\/post"}],"author":[{"embeddable":true,"href":"https:\/\/gnews.cz\/fr\/wp-json\/wp\/v2\/users\/6"}],"replies":[{"embeddable":true,"href":"https:\/\/gnews.cz\/fr\/wp-json\/wp\/v2\/comments?post=30288"}],"version-history":[{"count":0,"href":"https:\/\/gnews.cz\/fr\/wp-json\/wp\/v2\/posts\/30288\/revisions"}],"wp:featuredmedia":[{"embeddable":true,"href":"https:\/\/gnews.cz\/fr\/wp-json\/wp\/v2\/media\/30289"}],"wp:attachment":[{"href":"https:\/\/gnews.cz\/fr\/wp-json\/wp\/v2\/media?parent=30288"}],"wp:term":[{"taxonomy":"category","embeddable":true,"href":"https:\/\/gnews.cz\/fr\/wp-json\/wp\/v2\/categories?post=30288"},{"taxonomy":"post_tag","embeddable":true,"href":"https:\/\/gnews.cz\/fr\/wp-json\/wp\/v2\/tags?post=30288"}],"curies":[{"name":"wp","href":"https:\/\/api.w.org\/{rel}","templated":true}]}}