{"id":30339,"date":"2025-07-04T03:40:00","date_gmt":"2025-07-04T01:40:00","guid":{"rendered":"https:\/\/www.gnews.cz\/?p=30339"},"modified":"2025-07-05T13:16:30","modified_gmt":"2025-07-05T11:16:30","slug":"han-zheng-la-chine-est-prete-a-travailler-avec-toutes-les-nations-pour-promouvoir-la-paix-et-la-prosperite-dans-le-monde","status":"publish","type":"post","link":"https:\/\/gnews.cz\/fr\/politika\/han-zheng-cina-je-ochotna-spolupracovat-se-vsemi-narody-na-podpore-globalniho-miru-a-prosperity\/","title":{"rendered":"Han Zheng : la Chine est pr\u00eate \u00e0 collaborer avec toutes les nations pour promouvoir la paix et la prosp\u00e9rit\u00e9 dans le monde"},"content":{"rendered":"<p><a href=\"https:\/\/www.facebook.com\/sharer\/sharer.php?u=https%3A%2F%2Fczech.cri.cn%2F2025%2F07%2F03%2FARTI1751545103740885&amp;display=popup\" target=\"_blank\" rel=\"noreferrer noopener\"><\/a><a href=\"https:\/\/twitter.com\/intent\/tweet?url=https%3A%2F%2Fczech.cri.cn%2F2025%2F07%2F03%2FARTI1751545103740885&amp;text=Han%20Zheng%3A%20%C4%8C%C3%ADna%20je%20ochotna%20spolupracovat%20se%20v%C5%A1emi%20n%C3%A1rody%20na%20podpo%C5%99e%20glob%C3%A1ln%C3%ADho%20m%C3%ADru%20a%20prosperity\" target=\"_blank\" rel=\"noreferrer noopener\"><\/a><strong>Le vice-pr\u00e9sident chinois Han Zheng a appel\u00e9 au renforcement de la coop\u00e9ration internationale afin de pr\u00e9server la paix dans le monde et de promouvoir une prosp\u00e9rit\u00e9 partag\u00e9e lors de la c\u00e9r\u00e9monie d'ouverture du 13e Forum mondial de la paix \u00e0 l'universit\u00e9 Tsinghua de P\u00e9kin.<\/strong><\/p>\n\n\n\n<p>M. Han a d\u00e9clar\u00e9 que le monde subissait des changements profonds et de plus en plus rapides, avec des incertitudes croissantes et des tensions r\u00e9gionales et internationales fr\u00e9quentes.<\/p>\n\n\n\n<p>Dans le contexte de ces d\u00e9fis, il a not\u00e9 que le pr\u00e9sident Xi Jinping a propos\u00e9 un certain nombre d'initiatives importantes, notamment la Vision d'une communaut\u00e9 ayant un avenir commun pour l'humanit\u00e9, l'Initiative mondiale pour le d\u00e9veloppement, l'Initiative mondiale pour la s\u00e9curit\u00e9 et l'Initiative mondiale pour la civilisation, qui offrent des solutions chinoises pour relever les d\u00e9fis mondiaux.<\/p>\n\n\n\n<p><strong><a href=\"https:\/\/czech.cri.cn\/2025\/07\/03\/ARTI1751545103740885\" title=\"\">CMG<\/a><\/strong><\/p>","protected":false},"excerpt":{"rendered":"<p>Le vice-pr\u00e9sident chinois Han Zheng a appel\u00e9 au renforcement de la coop\u00e9ration internationale pour pr\u00e9server la paix dans le monde et promouvoir une prosp\u00e9rit\u00e9 partag\u00e9e, lors de la c\u00e9r\u00e9monie d'ouverture du...<\/p>","protected":false},"author":6,"featured_media":30341,"comment_status":"closed","ping_status":"closed","sticky":false,"template":"","format":"standard","meta":{"_acf_changed":false,"_lmt_disableupdate":"","_lmt_disable":"","footnotes":""},"categories":[7,2973],"tags":[3537,18,3783,67,700],"class_list":["post-30339","post","type-post","status-publish","format-standard","has-post-thumbnail","hentry","category-politika","category-zahranicni","tag-cina-2","tag-cmg","tag-globalni-iniciativy","tag-mezinarodni-spoluprace","tag-svetovy-mir"],"acf":[],"aioseo_notices":[],"_links":{"self":[{"href":"https:\/\/gnews.cz\/fr\/wp-json\/wp\/v2\/posts\/30339","targetHints":{"allow":["GET"]}}],"collection":[{"href":"https:\/\/gnews.cz\/fr\/wp-json\/wp\/v2\/posts"}],"about":[{"href":"https:\/\/gnews.cz\/fr\/wp-json\/wp\/v2\/types\/post"}],"author":[{"embeddable":true,"href":"https:\/\/gnews.cz\/fr\/wp-json\/wp\/v2\/users\/6"}],"replies":[{"embeddable":true,"href":"https:\/\/gnews.cz\/fr\/wp-json\/wp\/v2\/comments?post=30339"}],"version-history":[{"count":0,"href":"https:\/\/gnews.cz\/fr\/wp-json\/wp\/v2\/posts\/30339\/revisions"}],"wp:featuredmedia":[{"embeddable":true,"href":"https:\/\/gnews.cz\/fr\/wp-json\/wp\/v2\/media\/30341"}],"wp:attachment":[{"href":"https:\/\/gnews.cz\/fr\/wp-json\/wp\/v2\/media?parent=30339"}],"wp:term":[{"taxonomy":"category","embeddable":true,"href":"https:\/\/gnews.cz\/fr\/wp-json\/wp\/v2\/categories?post=30339"},{"taxonomy":"post_tag","embeddable":true,"href":"https:\/\/gnews.cz\/fr\/wp-json\/wp\/v2\/tags?post=30339"}],"curies":[{"name":"wp","href":"https:\/\/api.w.org\/{rel}","templated":true}]}}