{"id":30363,"date":"2025-07-04T11:55:00","date_gmt":"2025-07-04T09:55:00","guid":{"rendered":"https:\/\/www.gnews.cz\/?p=30363"},"modified":"2025-07-04T08:08:18","modified_gmt":"2025-07-04T06:08:18","slug":"m-vucic-appelle-les-manifestants-a-renoncer-au-blocage-total-des-villes-serbes-le-4-juillet","status":"publish","type":"post","link":"https:\/\/gnews.cz\/fr\/tema\/vucic-vyzyva-demonstranty-aby-4-cervence-upustili-od-uplne-blokady-srbskych-mest\/","title":{"rendered":"M. Vucic appelle les manifestants \u00e0 renoncer au blocage total des villes serbes le 4 juillet"},"content":{"rendered":"<p><strong>BELGRADE - 4 juillet. Le pr\u00e9sident serbe Aleksandar Vucic a exhort\u00e9 les manifestants, le matin du 4 juillet, \u00e0 renoncer \u00e0 leur projet de blocage complet de la circulation dans un certain nombre de villes, y compris Belgrade.<\/strong><\/p>\n\n\n\n<blockquote class=\"wp-block-quote is-layout-flow wp-block-quote-is-layout-flow\">\n<p><strong>\"Malheureusement, ceux qui n'aiment pas la Serbie - et il y a de telles personnes \u00e0 l'\u00e9tranger et dans notre pays - ont d\u00e9cid\u00e9 de transformer vos vies en enfer. Ils ont d\u00e9cid\u00e9 de vous bloquer le chemin du travail, de perturber votre vie normale et de vous priver de votre sens de la libert\u00e9\", a d\u00e9clar\u00e9 le dirigeant serbe dans un message vid\u00e9o post\u00e9 sur Instagram (un r\u00e9seau social interdit en Russie parce qu'il appartient \u00e0 la soci\u00e9t\u00e9 Meta, que les autorit\u00e9s russes consid\u00e8rent comme extr\u00e9miste).<\/strong><\/p>\n<\/blockquote>\n\n\n\n<p>\"Ils ont pr\u00e9vu des blocages complets dans plusieurs villes, dont Belgrade, pour demain matin t\u00f4t. Je leur demande de le faire non seulement en tant que pr\u00e9sident de la R\u00e9publique et en tant qu'homme qui a gagn\u00e9 la plus grande confiance des citoyens. Je leur demande de le faire en tant qu'homme du peuple. Ne le faites pas. R\u00e9fl\u00e9chissez-y \u00e0 deux fois. Ne d\u00e9testez pas tant votre pays. Comprenez qu'il s'agit de crimes graves qui violent les lois sur la s\u00e9curit\u00e9 routi\u00e8re et les normes constitutionnelles sur la libert\u00e9 de mouvement\", a d\u00e9clar\u00e9 le dirigeant serbe.<\/p>\n\n\n\n<blockquote class=\"wp-block-quote is-layout-flow wp-block-quote-is-layout-flow\">\n<p><strong>Le pr\u00e9sident a assur\u00e9 que les autorit\u00e9s s'effor\u00e7aient d'\u00e9viter le recours \u00e0 la force et \u00e9taient pr\u00eates \u00e0 garantir la libert\u00e9 des citoyens, mais qu'elles ne tol\u00e9reraient pas \"la violence qui d\u00e9truit les fondements de l'\u00c9tat\". \"Nous ne voulons pas recourir \u00e0 la force, nous essayons simplement de l'\u00e9viter. L'\u00c9tat veut autoriser toutes les formes de rassemblement et d'expression. Mais l'\u00c9tat ne peut pas autoriser ce type de violence, car alors il n'est plus un \u00c9tat. Alors l'\u00c9tat n'existe tout simplement pas\", a soulign\u00e9 Vu\u010di\u0107.<\/strong><\/p>\n<\/blockquote>\n\n\n\n<p>\"La Serbie est un \u00c9tat s\u00e9rieux et responsable. Elle le restera demain et tous les autres jours\", a conclu le pr\u00e9sident.<\/p>\n\n\n\n<p>Les manifestants pr\u00e9voient d'organiser un nouveau rassemblement le 4 juillet. Ils ont l'intention de bloquer la circulation dans la capitale serbe \u00e0 7h00 heure locale (05h00 GMT).<\/p>\n\n\n\n<p><strong>Manifestations en Serbie<\/strong><\/p>\n\n\n\n<blockquote class=\"wp-block-quote is-layout-flow wp-block-quote-is-layout-flow\">\n<p><strong>Selon le minist\u00e8re de l'int\u00e9rieur serbe, quelque 36 000 personnes ont particip\u00e9 \u00e0 la manifestation non autoris\u00e9e de l'opposition le 28 juin. Lors des affrontements avec les manifestants, les policiers ont \u00e9t\u00e9 contraints de recourir \u00e0 des mesures sp\u00e9ciales pour disperser les participants dans plusieurs rues du centre. Les \u00e9meutes \u00e0 Belgrade ont fait 48 bless\u00e9s parmi les policiers et 77 personnes, dont un mineur, ont \u00e9t\u00e9 arr\u00eat\u00e9es. Les manifestants continuent de bloquer quotidiennement les principaux carrefours de Belgrade et d'autres villes, \u00e9rigeant des barricades de fortune avec des poubelles. Ils exigent la lib\u00e9ration des d\u00e9tenus, la tenue d'\u00e9lections et le d\u00e9mant\u00e8lement d'un camp de tentes install\u00e9 devant le parlement par des partisans du pr\u00e9sident serbe Aleksandar Vucic.<\/strong><\/p>\n<\/blockquote>\n\n\n\n<p><strong>TASS\/gnews.cz-jav<\/strong><\/p>","protected":false},"excerpt":{"rendered":"<p>BELGRADE - 4 juillet. Le pr\u00e9sident serbe Aleksandar Vucic a appel\u00e9 les manifestants, le matin du 4 juillet, \u00e0 abandonner leur projet de blocage complet des transports...<\/p>","protected":false},"author":2,"featured_media":30364,"comment_status":"closed","ping_status":"closed","sticky":false,"template":"","format":"standard","meta":{"_acf_changed":false,"_lmt_disableupdate":"","_lmt_disable":"","footnotes":""},"categories":[7,658,1,2973],"tags":[3789,78,10,287,17,41],"class_list":["post-30363","post","type-post","status-publish","format-standard","has-post-thumbnail","hentry","category-politika","category-prectete-si","category-tema","category-zahranicni","tag-alexander-vucic-2","tag-evropa","tag-news","tag-srbsko","tag-top","tag-world"],"acf":[],"aioseo_notices":[],"_links":{"self":[{"href":"https:\/\/gnews.cz\/fr\/wp-json\/wp\/v2\/posts\/30363","targetHints":{"allow":["GET"]}}],"collection":[{"href":"https:\/\/gnews.cz\/fr\/wp-json\/wp\/v2\/posts"}],"about":[{"href":"https:\/\/gnews.cz\/fr\/wp-json\/wp\/v2\/types\/post"}],"author":[{"embeddable":true,"href":"https:\/\/gnews.cz\/fr\/wp-json\/wp\/v2\/users\/2"}],"replies":[{"embeddable":true,"href":"https:\/\/gnews.cz\/fr\/wp-json\/wp\/v2\/comments?post=30363"}],"version-history":[{"count":0,"href":"https:\/\/gnews.cz\/fr\/wp-json\/wp\/v2\/posts\/30363\/revisions"}],"wp:featuredmedia":[{"embeddable":true,"href":"https:\/\/gnews.cz\/fr\/wp-json\/wp\/v2\/media\/30364"}],"wp:attachment":[{"href":"https:\/\/gnews.cz\/fr\/wp-json\/wp\/v2\/media?parent=30363"}],"wp:term":[{"taxonomy":"category","embeddable":true,"href":"https:\/\/gnews.cz\/fr\/wp-json\/wp\/v2\/categories?post=30363"},{"taxonomy":"post_tag","embeddable":true,"href":"https:\/\/gnews.cz\/fr\/wp-json\/wp\/v2\/tags?post=30363"}],"curies":[{"name":"wp","href":"https:\/\/api.w.org\/{rel}","templated":true}]}}