{"id":31806,"date":"2025-08-04T11:55:00","date_gmt":"2025-08-04T09:55:00","guid":{"rendered":"https:\/\/www.gnews.cz\/?p=31806"},"modified":"2025-08-09T13:41:11","modified_gmt":"2025-08-09T11:41:11","slug":"resume-des-30-dernieres-semaines-dactualite-generale-28-juillet-3-aout-2025","status":"publish","type":"post","link":"https:\/\/gnews.cz\/fr\/tema\/shrnuti-uplynuleho-30-tydne-na-general-news-28-cervence-3-srpna-2025\/","title":{"rendered":"R\u00e9capitulatif de la 31e semaine d'actualit\u00e9s g\u00e9n\u00e9rales (28 juillet - 3 ao\u00fbt 2025)"},"content":{"rendered":"<ul class=\"wp-block-list\">\n<li><strong>28 juillet 2025 Orb\u00e1n d\u00e9clare que Trump a \"litt\u00e9ralement mang\u00e9\" von der Leyen<\/strong><\/li>\n<\/ul>\n\n\n\n<blockquote class=\"wp-block-quote is-layout-flow wp-block-quote-is-layout-flow\">\n<p>Le Premier ministre hongrois Viktor Orb\u00e1n a vivement critiqu\u00e9 le r\u00e9sultat des r\u00e9cents entretiens entre la pr\u00e9sidente de la Commission europ\u00e9enne Ursula von der Leyen et le pr\u00e9sident am\u00e9ricain Donald Trump, qui se sont d\u00e9roul\u00e9s dimanche en \u00c9cosse. Selon M. Orb\u00e1n, M. Trump a \"litt\u00e9ralement mang\u00e9\" Mme von der Leyen, qu'il a qualifi\u00e9e de \"poids plume\" par rapport au \"poids lourd\" qu'est M. Trump. <strong>En savoir plus <a href=\"https:\/\/gnews.cz\/fr\/economie\/selon-orban-trump-a-litteralement-mange-von-der-leyen\/\" title=\"\">ici<\/a><\/strong><\/p>\n<\/blockquote>\n\n\n\n<ul class=\"wp-block-list\">\n<li><strong>28 juillet 2025 La station spatiale internationale pourrait rester op\u00e9rationnelle jusqu'en 2030<\/strong><\/li>\n<\/ul>\n\n\n\n<blockquote class=\"wp-block-quote is-layout-flow wp-block-quote-is-layout-flow\">\n<p>MOSCOU - La Station spatiale internationale (ISS) devrait rester op\u00e9rationnelle au moins jusqu'en 2030, apr\u00e8s l'expiration en 2028 de l'accord actuel entre les \u00c9tats-Unis et la Russie concernant son utilisation, a d\u00e9clar\u00e9 le directeur g\u00e9n\u00e9ral de Roskosmos, Dmitry Bakanov. Dans une interview accord\u00e9e \u00e0 la cha\u00eene de t\u00e9l\u00e9vision russe RBC, M. Bakanov a d\u00e9clar\u00e9 que toute d\u00e9cision de mettre fin \u00e0 l'exploitation de la station devait \u00eatre prise conjointement par la Russie et les \u00c9tats-Unis. <strong>En savoir plus <a href=\"https:\/\/gnews.cz\/fr\/politique\/la-station-spatiale-internationale-peut-rester-operationnelle-jusquen-2030\/\" title=\"\">ici<\/a><\/strong><\/p>\n<\/blockquote>\n\n\n\n<ul class=\"wp-block-list\">\n<li><strong>29 juillet 2025 Entre P\u00e9kin et Washington : une critique du mar\u00e9chal Asim Munir<\/strong><\/li>\n<\/ul>\n\n\n\n<blockquote class=\"wp-block-quote is-layout-flow wp-block-quote-is-layout-flow\">\n<p>Les r\u00e9cents voyages diplomatiques du mar\u00e9chal Asim Munir en Chine et aux \u00c9tats-Unis ont attir\u00e9 l'attention du monde entier et suscit\u00e9 une r\u00e9flexion nationale. Il ne s'agissait pas de simples visites militaires, mais d'actions soigneusement orchestr\u00e9es pour repositionner le Pakistan dans l'architecture du pouvoir mondial. <strong>En savoir plus <a href=\"https:\/\/gnews.cz\/fr\/theme\/entre-beijing-et-washington-lattachement-du-marechal-asim-munir\/\" title=\"\">ici<\/a><\/strong><\/p>\n<\/blockquote>\n\n\n\n<ul class=\"wp-block-list\">\n<li><strong>30 juillet 2025 Un fort tremblement de terre au large du Kamchatka d\u00e9clenche un tsunami, pr\u00e8s de deux millions de personnes sont \u00e9vacu\u00e9es, une autre vague est attendue<\/strong><\/li>\n<\/ul>\n\n\n\n<blockquote class=\"wp-block-quote is-layout-flow wp-block-quote-is-layout-flow\">\n<p>Un tremblement de terre d'une magnitude de 8,8 a frapp\u00e9 une r\u00e9gion proche du Kamchatka, en Russie, dans la nuit de mardi \u00e0 mercredi. Des vagues de tsunami ont d\u00e9j\u00e0 atteint l'\u00eele japonaise d'Hokkaido et les autorit\u00e9s ont \u00e9mis des alertes pour une grande partie du nord et de l'est du Japon. On s'attend \u00e0 ce que les vagues atteignent jusqu'\u00e0 trois m\u00e8tres de haut. Plus de 1,9 million de personnes ont \u00e9t\u00e9 invit\u00e9es \u00e0 \u00e9vacuer. Des alertes au tsunami ont \u00e9galement \u00e9t\u00e9 \u00e9mises pour les \u00c9tats-Unis, la Russie et d'autres pays du Pacifique. <strong>En savoir plus <a href=\"https:\/\/gnews.cz\/fr\/economie\/un-fort-tremblement-de-terre-pres-de-kamcatka-a-declenche-un-tsunami-pres-de-deux-millions-de-personnes-ont-ete-evacuees-une-autre-vague-est-attendue\/\" title=\"\">ici<\/a><\/strong><\/p>\n<\/blockquote>\n\n\n\n<ul class=\"wp-block-list\">\n<li><strong>30 juillet 2025 Le Brexit c\u00e9l\u00e8bre la victoire ? La Grande-Bretagne obtient un meilleur accord commercial avec les \u00c9tats-Unis qu'avec l'UE<\/strong><\/li>\n<\/ul>\n\n\n\n<blockquote class=\"wp-block-quote is-layout-flow wp-block-quote-is-layout-flow\">\n<p>Alors que l'Union europ\u00e9enne se d\u00e9bat avec les cons\u00e9quences d'un accord commercial d\u00e9favorable avec les \u00c9tats-Unis, le Royaume-Uni fait la f\u00eate - du moins symboliquement. Comme l'a rapport\u00e9 Politico, l'accord conclu par l'UE avec le pr\u00e9sident Trump dans sa station baln\u00e9aire \u00e9cossaise de Turnberry est consid\u00e9r\u00e9 comme une concession, alors que la version britannique b\u00e9n\u00e9ficie de conditions beaucoup plus favorables. <strong>En savoir plus <a href=\"https:\/\/gnews.cz\/fr\/theme\/le-brexit-celebre-sa-victoire-la-bretagne-a-obtenu-un-meilleur-accord-commercial-avec-les-etats-unis-quavec-lunion-europeenne\/\" title=\"\">ici<\/a><\/strong><\/p>\n<\/blockquote>\n\n\n\n<ul class=\"wp-block-list\">\n<li><strong>31 juillet 2025 La Fed am\u00e9ricaine laisse ses taux d'int\u00e9r\u00eat inchang\u00e9s malgr\u00e9 la pression de l'administration Trump.<\/strong><\/li>\n<\/ul>\n\n\n\n<blockquote class=\"wp-block-quote is-layout-flow wp-block-quote-is-layout-flow\">\n<p>NEW YORK - La R\u00e9serve f\u00e9d\u00e9rale am\u00e9ricaine a laiss\u00e9 mercredi inchang\u00e9e la fourchette cible du taux des fonds f\u00e9d\u00e9raux \u00e0 4,25 % \u00e0 4,5 %, malgr\u00e9 les pressions intenses et les critiques acerbes de l'administration de Donald Trump. <strong>En savoir plus <a href=\"https:\/\/gnews.cz\/fr\/economie\/la-fed-laisse-ses-taux-dinteret-inchanges-malgre-la-pression-de-ladministration-trumpienne\/\" title=\"\">ici<\/a><\/strong><\/p>\n<\/blockquote>\n\n\n\n<ul class=\"wp-block-list\">\n<li><strong>01 ao\u00fbt 2025 R\u00e9sum\u00e9 quotidien de l'\u00e9conomie tch\u00e8que : Siemens Energy, Komer\u010dn\u00ed banka, \u010cesk\u00e1 spo\u0159itelna, Microsoft et Apple (1 ao\u00fbt 2025).<\/strong><\/li>\n<\/ul>\n\n\n\n<blockquote class=\"wp-block-quote is-layout-flow wp-block-quote-is-layout-flow\">\n<p>La situation \u00e9conomique de la R\u00e9publique tch\u00e8que a connu plusieurs \u00e9v\u00e9nements majeurs le premier jour du mois d'ao\u00fbt. Le minist\u00e8re des finances a publi\u00e9 le r\u00e9sultat du budget de l'\u00c9tat pour les sept premiers mois de 2025, qui s'est sold\u00e9 par un d\u00e9ficit de 152,4 milliards de couronnes tch\u00e8ques. Bien que ce r\u00e9sultat soit le sixi\u00e8me d\u00e9ficit le plus important depuis la cr\u00e9ation de la R\u00e9publique tch\u00e8que ind\u00e9pendante, il s'agit \u00e9galement du meilleur r\u00e9sultat depuis le d\u00e9but de la pand\u00e9mie de covid-19. <strong>En savoir plus <a href=\"https:\/\/gnews.cz\/fr\/theme\/resume-quotidien-de-leconomie-en-cr-siemens-energy-commercial-bank-ceska-sporitelna-microsoft-et-apple-1-aout-2025\/\" title=\"\">ici<\/a><\/strong><\/p>\n<\/blockquote>\n\n\n\n<ul class=\"wp-block-list\">\n<li><strong>02 ao\u00fbt 2025 Le d\u00e9sastre de Gaza est inimaginable, d\u00e9clare le ministre allemand Wadephul<\/strong><\/li>\n<\/ul>\n\n\n\n<blockquote class=\"wp-block-quote is-layout-flow wp-block-quote-is-layout-flow\">\n<p>TEL AVIV - La catastrophe humanitaire dans la bande de Gaza d\u00e9fie l'imagination, a d\u00e9clar\u00e9 \u00e0 l'AFP le ministre allemand des Affaires \u00e9trang\u00e8res Johann Wadephul, qui est arriv\u00e9 aujourd'hui en Isra\u00ebl pour une visite officielle. Il a d\u00e9clar\u00e9 qu'Isra\u00ebl \u00e9tait oblig\u00e9 d'envoyer une aide humanitaire et m\u00e9dicale suffisante dans la bande de Gaza, rapidement et en toute s\u00e9curit\u00e9, afin d'\u00e9viter des morts massives dues \u00e0 la famine.\u00a0<strong>En savoir plus<a href=\"https:\/\/gnews.cz\/fr\/theme\/la-catastrophe-de-gaze-est-inimaginable-a-declare-le-ministre-allemand-wadephul\/\" title=\"\"> ici<\/a><\/strong><\/p>\n<\/blockquote>\n\n\n\n<ul class=\"wp-block-list\">\n<li><strong>03 ao\u00fbt 2025 Particularit\u00e9s architecturales \u00e0 Prague. Le monde unique de la sculpture - Praga erotica<\/strong><\/li>\n<\/ul>\n\n\n\n<blockquote class=\"wp-block-quote is-layout-flow wp-block-quote-is-layout-flow\">\n<p>Prague, la capitale de la R\u00e9publique tch\u00e8que, a une particularit\u00e9 unique. Un nombre consid\u00e9rable de sculptures architecturales et de statues sur des b\u00e2timents architecturalement significatifs, en particulier dans le centre de Prague, qui sont tout simplement \u00e9rotiques. Ces sculptures et statues font partie de l'architecture de diff\u00e9rentes p\u00e9riodes architecturales historiques, en particulier des XIXe et XXe si\u00e8cles. <strong>En savoir plus <a href=\"https:\/\/gnews.cz\/fr\/theme\/curiosites-architecturales-a-prague-monde-unique-des-associations-caritatives-prague-erotica\/\" title=\"\">ici<\/a><\/strong><\/p>\n<\/blockquote>\n\n\n\n<ul class=\"wp-block-list\">\n<li><strong>03 ao\u00fbt 2025 Confirmation de la condamnation de Dodik : un tribunal bosniaque rejette l'appel du chef des Serbes de Bosnie<\/strong><\/li>\n<\/ul>\n\n\n\n<blockquote class=\"wp-block-quote is-layout-flow wp-block-quote-is-layout-flow\">\n<p>SARAJEVO - La Cour d'appel de Bosnie-Herz\u00e9govine a confirm\u00e9 aujourd'hui la condamnation du pr\u00e9sident de la Republika Srpska, Milorad Dodik, \u00e0 un an de prison et \u00e0 six ans d'interdiction d'exercer une fonction publique. Ce faisant, la Cour a rejet\u00e9 son appel contre le verdict de f\u00e9vrier, lorsque Dodik a \u00e9t\u00e9 reconnu coupable d'avoir ignor\u00e9 la d\u00e9cision du Haut Repr\u00e9sentant pour la Bosnie, Christian Schmidt. Le verdict a \u00e9t\u00e9 rapport\u00e9 par l'AFP. <strong>En savoir plus <a href=\"https:\/\/gnews.cz\/fr\/theme\/confirmation-de-la-condamnation-de-dodik-un-tribunal-bosniaque-rejette-lappel-dun-juge-serbe-de-bosnie\/\" title=\"\">ici<\/a><\/strong><\/p>\n<\/blockquote>\n\n\n\n<ul class=\"wp-block-list\">\n<li><strong>03 ao\u00fbt 2025 Le Canada a l'intention de reconna\u00eetre l'\u00c9tat de Palestine. Le Premier ministre a pos\u00e9 plusieurs conditions<\/strong><\/li>\n<\/ul>\n\n\n\n<blockquote class=\"wp-block-quote is-layout-flow wp-block-quote-is-layout-flow\">\n<p>OTTAWA - Le Premier ministre canadien Mark Carney a annonc\u00e9 mercredi que le Canada envisageait de reconna\u00eetre officiellement l'\u00c9tat de Palestine lors de la 80e session de l'Assembl\u00e9e g\u00e9n\u00e9rale des Nations unies en septembre 2025, une d\u00e9cision d\u00e9cisive qui marque un revirement important de la politique \u00e9trang\u00e8re canadienne, qui s'est jusqu'\u00e0 pr\u00e9sent abstenue de toute reconnaissance unilat\u00e9rale. <strong>En savoir plus <a href=\"https:\/\/gnews.cz\/fr\/theme\/le-canada-a-lintention-de-reconnaitre-la-palestine-le-premier-ministre-a-pose-des-conditions\/\" title=\"\">ici<\/a><\/strong><\/p>\n<\/blockquote>\n\n\n\n<p><strong>Actualit\u00e9s g\u00e9n\u00e9rales<\/strong><\/p>","protected":false},"excerpt":{"rendered":"<p>Le Premier ministre hongrois Viktor Orb\u00e1n a vivement critiqu\u00e9 le r\u00e9sultat des r\u00e9cents entretiens entre la pr\u00e9sidente de la Commission europ\u00e9enne Ursula von der Leyen et le pr\u00e9sident am\u00e9ricain Donald Trump,...<\/p>","protected":false},"author":2,"featured_media":31807,"comment_status":"closed","ping_status":"closed","sticky":false,"template":"","format":"standard","meta":{"_acf_changed":false,"_lmt_disableupdate":"","_lmt_disable":"","footnotes":""},"categories":[2968,3,7,1,1376,580,2973],"tags":[1474,446,45,22,3688,3793,78,4216,3528,4217,4215,10,50,167,4193,26,17,38,225,303,146,41],"class_list":["post-31806","post","type-post","status-publish","format-standard","has-post-thumbnail","hentry","category-domaci","category-neprehlednete","category-politika","category-tema","category-tyden-na-general-news","category-vyber-sefredaktora","category-zahranicni","tag-bosna-a-hercegovina","tag-brexit","tag-cr","tag-cina","tag-cla-2","tag-denni-shrnuti-ekonomiky-v-cr","tag-evropa","tag-fed-usa","tag-gaza-2","tag-mezinarodni-vesmirna-stanice","tag-milodar-dodik","tag-news","tag-palestina","tag-peking","tag-praga-erotica","tag-rusko","tag-top","tag-usa","tag-velka-britanie","tag-viktor-orban","tag-washington","tag-world"],"acf":[],"aioseo_notices":[],"_links":{"self":[{"href":"https:\/\/gnews.cz\/fr\/wp-json\/wp\/v2\/posts\/31806","targetHints":{"allow":["GET"]}}],"collection":[{"href":"https:\/\/gnews.cz\/fr\/wp-json\/wp\/v2\/posts"}],"about":[{"href":"https:\/\/gnews.cz\/fr\/wp-json\/wp\/v2\/types\/post"}],"author":[{"embeddable":true,"href":"https:\/\/gnews.cz\/fr\/wp-json\/wp\/v2\/users\/2"}],"replies":[{"embeddable":true,"href":"https:\/\/gnews.cz\/fr\/wp-json\/wp\/v2\/comments?post=31806"}],"version-history":[{"count":0,"href":"https:\/\/gnews.cz\/fr\/wp-json\/wp\/v2\/posts\/31806\/revisions"}],"wp:featuredmedia":[{"embeddable":true,"href":"https:\/\/gnews.cz\/fr\/wp-json\/wp\/v2\/media\/31807"}],"wp:attachment":[{"href":"https:\/\/gnews.cz\/fr\/wp-json\/wp\/v2\/media?parent=31806"}],"wp:term":[{"taxonomy":"category","embeddable":true,"href":"https:\/\/gnews.cz\/fr\/wp-json\/wp\/v2\/categories?post=31806"},{"taxonomy":"post_tag","embeddable":true,"href":"https:\/\/gnews.cz\/fr\/wp-json\/wp\/v2\/tags?post=31806"}],"curies":[{"name":"wp","href":"https:\/\/api.w.org\/{rel}","templated":true}]}}