{"id":3302,"date":"2023-11-27T09:21:23","date_gmt":"2023-11-27T09:21:23","guid":{"rendered":"https:\/\/www.gnews.cz\/?p=3302"},"modified":"2023-11-27T09:22:22","modified_gmt":"2023-11-27T09:22:22","slug":"brno-est-un-lieu-de-destruction-les-attaques-visent-principalement-des-voitures-portant-des-plaques-dimmatriculation-ukrainiennes","status":"publish","type":"post","link":"https:\/\/gnews.cz\/fr\/politika\/brno-je-mistem-zharstvi-utoky-jsou-predevsim-na-auta-s-ukrajinskou-poznavaci-znackou\/","title":{"rendered":"Brno est le th\u00e9\u00e2tre d'incendies criminels, principalement de voitures portant des plaques d'immatriculation ukrainiennes."},"content":{"rendered":"<p><br><strong><em>Il y a quelques jours, les incendies criminels se sont multipli\u00e9s \u00e0 Brno. La police de la R\u00e9publique tch\u00e8que n'a fait aucun commentaire sur ces incidents et tout s'est d\u00e9roul\u00e9 tranquillement, sans que les m\u00e9dias locaux et nationaux, les institutions et les autorit\u00e9s ne s'en aper\u00e7oivent. Pourquoi ? Et qu'en pensent les habitants de Brno ? Ils disent que ces incendies criminels sont li\u00e9s au fait que toutes les voitures portaient des plaques d'immatriculation ukrainiennes. Cependant, sur les r\u00e9seaux sociaux, la discussion sur ce sujet est beaucoup plus anim\u00e9e. Les communaut\u00e9s roms en particulier s'envoient des photos de ces voitures br\u00fbl\u00e9es et beaucoup pensent qu'il s'agit d'une vengeance pour le meurtre de Nikolas, un jeune Rom tu\u00e9 par un autre migrant ukrainien.<\/em><\/strong><\/p>\n\n\n\n<p>Selon les Roms locaux de Brno, les m\u00e9dias et la police de la R\u00e9publique tch\u00e8que n'ont pas voulu qualifier le jeune R\u00e9om de r\u00e9fugi\u00e9 ukrainien apr\u00e8s son meurtre, en raison de la politique actuelle du gouvernement. Les Roms se sentent discrimin\u00e9s \u00e0 juste titre, car il n'y avait rien de tel \u00e0 Brno avant la vague de migration dans la r\u00e9gion ou en R\u00e9publique tch\u00e8que. Il y a d\u00e9j\u00e0 eu au moins trois cas av\u00e9r\u00e9s o\u00f9 des voitures ont \u00e9t\u00e9 compl\u00e8tement br\u00fbl\u00e9es. Le fait est qu'\u00e0 Brno, il existe depuis longtemps une tr\u00e8s forte tension entre les r\u00e9fugi\u00e9s ukrainiens et les Roms eux-m\u00eames. <\/p>\n\n\n\n<p>Surtout apr\u00e8s le meurtre du jeune Rom Nikolas. Rappelons qu'en juin de cette ann\u00e9e, \u00e0 Brno, un jeune Rom a \u00e9t\u00e9 poignard\u00e9 \u00e0 mort par des migrants ukrainiens simplement parce qu'il \u00e9coutait de la musique tr\u00e8s fort. Selon de nombreux participants directs, la police a abord\u00e9 l'affaire du meurtre avec beaucoup d'\u00e9gards, compte tenu de leur citoyennet\u00e9 ukrainienne.<\/p>\n\n\n\n<p>Les Roms, mais pas seulement eux, ainsi que d'autres habitants de Brno, ont \u00e9t\u00e9 scandalis\u00e9s par cette approche dite de \"deux poids, deux mesures\", en particulier pour des crimes aussi graves qu'un meurtre. L'auteur ukrainien aurait \u00e9t\u00e9 menac\u00e9 de faire l'objet d'une enqu\u00eate en libert\u00e9 et aurait donc menac\u00e9 de s'enfuir dans un autre pays et de se cacher. Il est \u00e9galement all\u00e9gu\u00e9 qu'\u00e0 l'exception de la pression publique et des manifestations, l'auteur a \u00e9t\u00e9 laiss\u00e9 en d\u00e9tention aux fins d'enqu\u00eate. La police tch\u00e8que, comme nous l'avons d\u00e9j\u00e0 indiqu\u00e9, ne fait aucun commentaire sur les affaires en cours, pas plus que les unit\u00e9s d'incendie et de secours qui ont \u00e9t\u00e9 appel\u00e9es sur les lieux des incendies. <\/p>\n\n\n\n<p>En ce qui concerne l'incendie criminel proprement dit, le cas le plus c\u00e9l\u00e8bre de voiture incendi\u00e9e (voir la photo principale) est celui qui s'est produit au lieu-dit Z\u00e1silkovna, pr\u00e8s d'un restaurant appel\u00e9 \"Vinot\u00e9ka a pivot\u00e9ka\" \u00e0 Brno - L\u00ed\u0161\u0148i, dans la rue Mol\u00e1kov\u00e1, au num\u00e9ro 2510. Ici, comme dans d'autres cas, la voiture a \u00e9t\u00e9 tellement endommag\u00e9e qu'il est clair qu'elle a \u00e9t\u00e9 compl\u00e8tement d\u00e9truite.<\/p>\n\n\n\n<blockquote class=\"wp-block-quote is-layout-flow wp-block-quote-is-layout-flow\">\n<p><strong>Toutefois, les m\u00e9dias sociaux ont largement d\u00e9battu de la question de savoir si cette action \u00e9tait justifi\u00e9e ou non, et si elle constituait une vengeance ad\u00e9quate pour le meurtre de Nikolas. \"En l'espace d'une semaine, j'ai re\u00e7u des photos de trois voitures incendi\u00e9es par une voiture de patrouille. Toutes les voitures ont \u00e9t\u00e9 incendi\u00e9es \u00e0 Brno\". D'autres affirment que ce n'est pas une fa\u00e7on de g\u00e9rer ce genre de choses. Par exemple, sur le profil de Jedou, ils ont d\u00e9couvert l'opinion suivante : \"Enfin, il y a des gens qui font aux Ukrainiens ce que les Ukrainiens nous font. <\/strong><\/p>\n<\/blockquote>\n\n\n\n<p>Je ne soutiens pas cette approche, mais si le gouvernement soutient l'injustice des Ukrainiens \u00e0 notre \u00e9gard, pourquoi ne devrions-nous pas nous d\u00e9fendre nous-m\u00eames ? Y compris de cette mani\u00e8re !\" Un autre commentaire sur la page Facebook \u00e9tait : \"Y a-t-il quelqu'un qui a d\u00e9cid\u00e9 de se venger des Ukrainiens pour les innombrables attaques contre les Roms et la mort de Nikolas ?\"<\/p>\n\n\n\n<p><br>On s'attend m\u00eame \u00e0 ce que les incendies criminels se poursuivent jusqu'\u00e0 ce que les institutions publiques adoptent une position et une approche normalis\u00e9es. Et commencent \u00e0 agir dans l'int\u00e9r\u00eat des habitants de Brno. Mener une enqu\u00eate appropri\u00e9e sur les meurtres et les escarmouches entre ces communaut\u00e9s roms locales et les migrants ukrainiens qui commettent des atrocit\u00e9s sur le territoire de la R\u00e9publique tch\u00e8que, malgr\u00e9 le fait que la R\u00e9publique tch\u00e8que leur offre des avantages sup\u00e9rieurs \u00e0 ceux des citoyens locaux.<br>Robert Zima<\/p>\n\n\n\n<figure class=\"wp-block-image size-full\"><img fetchpriority=\"high\" decoding=\"async\" width=\"718\" height=\"446\" src=\"https:\/\/www.gnews.cz\/wp-content\/uploads\/2023\/11\/IMG_20231127_121633_081.jpg\" alt=\"\" class=\"wp-image-3305\" srcset=\"https:\/\/gnews.cz\/wp-content\/uploads\/2023\/11\/IMG_20231127_121633_081.jpg 718w, https:\/\/gnews.cz\/wp-content\/uploads\/2023\/11\/IMG_20231127_121633_081-300x186.jpg 300w, https:\/\/gnews.cz\/wp-content\/uploads\/2023\/11\/IMG_20231127_121633_081-18x12.jpg 18w, https:\/\/gnews.cz\/wp-content\/uploads\/2023\/11\/IMG_20231127_121633_081-585x363.jpg 585w\" sizes=\"(max-width: 718px) 100vw, 718px\" \/><\/figure>\n\n\n\n<figure class=\"wp-block-image size-large\"><img decoding=\"async\" width=\"1024\" height=\"389\" src=\"https:\/\/www.gnews.cz\/wp-content\/uploads\/2023\/11\/IMG_20231127_121633_380-1024x389.jpg\" alt=\"\" class=\"wp-image-3307\" srcset=\"https:\/\/gnews.cz\/wp-content\/uploads\/2023\/11\/IMG_20231127_121633_380-1024x389.jpg 1024w, https:\/\/gnews.cz\/wp-content\/uploads\/2023\/11\/IMG_20231127_121633_380-300x114.jpg 300w, https:\/\/gnews.cz\/wp-content\/uploads\/2023\/11\/IMG_20231127_121633_380-768x292.jpg 768w, https:\/\/gnews.cz\/wp-content\/uploads\/2023\/11\/IMG_20231127_121633_380-18x7.jpg 18w, https:\/\/gnews.cz\/wp-content\/uploads\/2023\/11\/IMG_20231127_121633_380-1170x444.jpg 1170w, https:\/\/gnews.cz\/wp-content\/uploads\/2023\/11\/IMG_20231127_121633_380-585x222.jpg 585w, https:\/\/gnews.cz\/wp-content\/uploads\/2023\/11\/IMG_20231127_121633_380.jpg 1264w\" sizes=\"(max-width: 1024px) 100vw, 1024px\" \/><\/figure>","protected":false},"excerpt":{"rendered":"<p>Il y a quelques jours, des incendies criminels se sont d\u00e9clar\u00e9s \u00e0 Brno. La police de la R\u00e9publique tch\u00e8que ne commente pas ces incidents et tout...<\/p>","protected":false},"author":2,"featured_media":3304,"comment_status":"closed","ping_status":"closed","sticky":false,"template":"","format":"standard","meta":{"_acf_changed":false,"_lmt_disableupdate":"","_lmt_disable":"","footnotes":""},"categories":[7],"tags":[],"class_list":["post-3302","post","type-post","status-publish","format-standard","has-post-thumbnail","hentry","category-politika"],"acf":[],"aioseo_notices":[],"_links":{"self":[{"href":"https:\/\/gnews.cz\/fr\/wp-json\/wp\/v2\/posts\/3302","targetHints":{"allow":["GET"]}}],"collection":[{"href":"https:\/\/gnews.cz\/fr\/wp-json\/wp\/v2\/posts"}],"about":[{"href":"https:\/\/gnews.cz\/fr\/wp-json\/wp\/v2\/types\/post"}],"author":[{"embeddable":true,"href":"https:\/\/gnews.cz\/fr\/wp-json\/wp\/v2\/users\/2"}],"replies":[{"embeddable":true,"href":"https:\/\/gnews.cz\/fr\/wp-json\/wp\/v2\/comments?post=3302"}],"version-history":[{"count":0,"href":"https:\/\/gnews.cz\/fr\/wp-json\/wp\/v2\/posts\/3302\/revisions"}],"wp:featuredmedia":[{"embeddable":true,"href":"https:\/\/gnews.cz\/fr\/wp-json\/wp\/v2\/media\/3304"}],"wp:attachment":[{"href":"https:\/\/gnews.cz\/fr\/wp-json\/wp\/v2\/media?parent=3302"}],"wp:term":[{"taxonomy":"category","embeddable":true,"href":"https:\/\/gnews.cz\/fr\/wp-json\/wp\/v2\/categories?post=3302"},{"taxonomy":"post_tag","embeddable":true,"href":"https:\/\/gnews.cz\/fr\/wp-json\/wp\/v2\/tags?post=3302"}],"curies":[{"name":"wp","href":"https:\/\/api.w.org\/{rel}","templated":true}]}}