{"id":39279,"date":"2026-01-03T18:00:00","date_gmt":"2026-01-03T17:00:00","guid":{"rendered":"https:\/\/www.gnews.cz\/?p=39279"},"modified":"2026-04-28T15:44:26","modified_gmt":"2026-04-28T13:44:26","slug":"epopee-slave-dalfonz-mucha-tableau-neuvieme-rencontre-sur-les-croix-le-charme-des-mots-podoboji","status":"publish","type":"post","link":"https:\/\/gnews.cz\/fr\/tema\/slovanska-epopej-alfonse-mucy-obraz-devaty-schuzka-na-krizkach-kouzlo-slova-podoboji\/","title":{"rendered":"L'\u00e9pop\u00e9e slave d'Alfons Mucha - tableau neuf : Rencontre \u00e0 la crois\u00e9e des chemins - La magie de la parole du sous-sol"},"content":{"rendered":"<p><strong>La neuvi\u00e8me image. Le cycle \u00c9pop\u00e9e slave d'Alfonse Mucha repr\u00e9sente l'un des moments les plus dramatiques et en m\u00eame temps les plus cruciaux de l'histoire tch\u00e8que. La toile monumentale d\u00e9peint le moment, apr\u00e8s la mort du ma\u00eetre Jan Hus, o\u00f9 l'h\u00e9ritage de la R\u00e9forme se transforme en action et o\u00f9 la parole commence \u00e0 devenir acte. Avec une puissance et une profondeur symbolique extraordinaires, Mucha d\u00e9peint le d\u00e9but des guerres hussites - une \u00e9poque o\u00f9 la foi, la justice et la d\u00e9fense de la v\u00e9rit\u00e9 sont entr\u00e9es en conflit direct avec le pouvoir et la violence.<\/strong><\/p>\n\n\n\n<blockquote class=\"wp-block-quote is-layout-flow wp-block-quote-is-layout-flow\">\n<p><strong>Le personnage central du tableau est le pr\u00e9dicateur utrakviste V\u00e1clav Koranda l'Ancien, qui a pris la t\u00eate du mouvement r\u00e9formateur apr\u00e8s la mort de Hus. Mucha le repr\u00e9sente au moment o\u00f9 il pr\u00eache \u00e0 K\u0159\u00ed\u017eky, \u00e0 Prague, le 30 septembre 1419. Koranda se tient debout, \u00e0 la fois proph\u00e8te et leader \u2013 sa silhouette est ferme, droite, impr\u00e9gn\u00e9e d'une ardeur int\u00e9rieure. Ses gestes et son expression traduisent sa conviction que la foi n'est pas seulement une question de parole, mais aussi de responsabilit\u00e9 et de courage pour la d\u00e9fendre. Il rappelle \u00e0 l'assembl\u00e9e que le temps vient o\u00f9 la simple pri\u00e8re ne suffit plus et o\u00f9 il faudra prendre les armes.<\/strong><\/p>\n<\/blockquote>\n\n\n\n<p>Mucha ma\u00eetrise parfaitement la composition de la foule qui entoure Koranda. Les formes des corps, les visages expressifs et la tension dans l'attitude des diff\u00e9rents personnages cr\u00e9ent une impression d'agitation et d'attente. Les personnes repr\u00e9sent\u00e9es dans le tableau ne sont pas des auditeurs passifs, mais les acteurs d'un moment d\u00e9cisif. Leurs yeux refl\u00e8tent la foi, la crainte, la d\u00e9termination et la col\u00e8re, des \u00e9motions qui se transformeront bient\u00f4t en acte r\u00e9volutionnaire. De cette mani\u00e8re, Mucha ne se contente pas de raconter un \u00e9v\u00e9nement historique, mais capture la psychologie d'un peuple \u00e0 l'aube d'un changement fondamental.<\/p>\n\n\n\n<blockquote class=\"wp-block-quote is-layout-flow wp-block-quote-is-layout-flow\">\n<p><strong>Les drapeaux jouent \u00e9galement un r\u00f4le important, leurs couleurs \u00e9tant un \u00e9l\u00e9ment symbolique cl\u00e9 de l'image. Le blanc et le rouge repr\u00e9sentent ici la vie et la mort, la puret\u00e9 de la foi et le sang des victimes. Ces couleurs deviennent une proph\u00e9tie visuelle du conflit \u00e0 venir, qui sera cruel, mais aussi d\u00e9terminant. Les guerres hussites ne sont pas ici d\u00e9peintes comme de simples actes de violence, mais comme une lutte tragique, mais fatidique, pour la v\u00e9rit\u00e9 spirituelle et la justice sociale.<\/strong><\/p>\n<\/blockquote>\n\n\n\n<p>Le neuvi\u00e8me tableau de l'\u00e9pop\u00e9e slave c\u00e9l\u00e8bre le courage de s'opposer \u00e0 l'injustice, m\u00eame si le prix \u00e0 payer peut \u00eatre \u00e9lev\u00e9. Alfons Mucha y a su allier pr\u00e9cision historique, symbolisme profond et message moral fort. Le r\u00e9sultat est une \u0153uvre qui non seulement rappelle les d\u00e9buts du mouvement hussite, mais pose \u00e9galement la question intemporelle du sens de la foi, de la responsabilit\u00e9 et du sacrifice. Ce tableau est l'un des sommets de l'ensemble du cycle et occupe \u00e0 juste titre une place exceptionnelle dans le patrimoine culturel tch\u00e8que et europ\u00e9en. <\/p>\n\n\n\n<p><strong>Lire aussi :<\/strong> <a href=\"https:\/\/gnews.cz\/fr\/theme\/slovanska-epopej-alfonse-muchy-obraz-sesnacty-jan-amos-komensky-ucitel-narodu-plaminek-nadeje\/\" title=\"\"><strong>Epop\u00e9e slave par Alfons Mucha - peinture <\/strong><\/a><strong><a href=\"https:\/\/gnews.cz\/wp-admin\/post.php?post=40116&amp;action=edit\">Huiti\u00e8me<\/a><a href=\"https:\/\/gnews.cz\/wp-admin\/post.php?post=39891&amp;action=edit\">: <a href=\"https:\/\/gnews.cz\/wp-admin\/post.php?post=38826&amp;action=edit\">Georges de Pod\u011bbrady - Roi des deux peuples<\/a><\/a><\/strong><\/p>\n\n\n\n<p><strong>Jan Vojt\u011bch, <\/strong>r\u00e9dacteur en chef de General News<\/p>\n\n\n\n<p><\/p>","protected":false},"excerpt":{"rendered":"<p>La neuvi\u00e8me image. Le cycle \u00c9pop\u00e9e slave d'Alfonse Mucha repr\u00e9sente l'un des moments les plus dramatiques et en m\u00eame temps les plus cruciaux de l'histoire tch\u00e8que. La toile monumentale capture le moment apr\u00e8s...<\/p>","protected":false},"author":2,"featured_media":39282,"comment_status":"open","ping_status":"closed","sticky":false,"template":"","format":"standard","meta":{"_acf_changed":false,"_lmt_disableupdate":"","_lmt_disable":"","footnotes":""},"categories":[2968,6,3,1,3104,580,8],"tags":[411,45,9060,78,5420,4025,515,9062,10,9063,5705,9064,410,9065,5633,17,9061,8764,41,1696],"class_list":["post-39279","post","type-post","status-publish","format-standard","has-post-thumbnail","hentry","category-domaci","category-kultura","category-neprehlednete","category-tema","category-veda","category-vyber-sefredaktora","category-zabava","tag-alfons-mucha","tag-cr","tag-ceske-dejiny-2","tag-evropa","tag-general-news","tag-gnews-cz","tag-jan-hus","tag-na-krizkach","tag-news","tag-obet","tag-presvedceni","tag-prorok-i-vudce","tag-slovanska-epopej","tag-smrt","tag-spravedlnost","tag-top","tag-vaclav-koranda","tag-vira","tag-world","tag-zivot"],"acf":[],"aioseo_notices":[],"_links":{"self":[{"href":"https:\/\/gnews.cz\/fr\/wp-json\/wp\/v2\/posts\/39279","targetHints":{"allow":["GET"]}}],"collection":[{"href":"https:\/\/gnews.cz\/fr\/wp-json\/wp\/v2\/posts"}],"about":[{"href":"https:\/\/gnews.cz\/fr\/wp-json\/wp\/v2\/types\/post"}],"author":[{"embeddable":true,"href":"https:\/\/gnews.cz\/fr\/wp-json\/wp\/v2\/users\/2"}],"replies":[{"embeddable":true,"href":"https:\/\/gnews.cz\/fr\/wp-json\/wp\/v2\/comments?post=39279"}],"version-history":[{"count":4,"href":"https:\/\/gnews.cz\/fr\/wp-json\/wp\/v2\/posts\/39279\/revisions"}],"predecessor-version":[{"id":44796,"href":"https:\/\/gnews.cz\/fr\/wp-json\/wp\/v2\/posts\/39279\/revisions\/44796"}],"wp:featuredmedia":[{"embeddable":true,"href":"https:\/\/gnews.cz\/fr\/wp-json\/wp\/v2\/media\/39282"}],"wp:attachment":[{"href":"https:\/\/gnews.cz\/fr\/wp-json\/wp\/v2\/media?parent=39279"}],"wp:term":[{"taxonomy":"category","embeddable":true,"href":"https:\/\/gnews.cz\/fr\/wp-json\/wp\/v2\/categories?post=39279"},{"taxonomy":"post_tag","embeddable":true,"href":"https:\/\/gnews.cz\/fr\/wp-json\/wp\/v2\/tags?post=39279"}],"curies":[{"name":"wp","href":"https:\/\/api.w.org\/{rel}","templated":true}]}}