{"id":40733,"date":"2026-02-07T12:30:00","date_gmt":"2026-02-07T11:30:00","guid":{"rendered":"https:\/\/www.gnews.cz\/?p=40733"},"modified":"2026-02-08T10:03:50","modified_gmt":"2026-02-08T09:03:50","slug":"la-star-silencieuse-du-cinema-tcheque-jana-brejchova-est-decedee-et-restera-a-jamais-dans-la-memoire-des-spectateurs","status":"publish","type":"post","link":"https:\/\/gnews.cz\/fr\/tema\/odesla-ticha-hvezda-ceskeho-filmu-jana-brejchova-zustava-navzdy-v-pameti-divaku\/","title":{"rendered":"Une star du cin\u00e9ma tch\u00e9coslovaque est d\u00e9c\u00e9d\u00e9e. Jana Brejchov\u00e1 restera \u00e0 jamais un chouchou dans la m\u00e9moire des t\u00e9l\u00e9spectateurs."},"content":{"rendered":"<p><strong>Le cin\u00e9ma et le th\u00e9\u00e2tre tch\u00e8ques ont perdu l'une de leurs stars les plus aim\u00e9es, les plus fragiles et en m\u00eame temps les plus brillantes des ann\u00e9es 1980. Oui, Jana Brejchov\u00e1, l'actrice dont le visage est rest\u00e9 \u00e0 jamais grav\u00e9 dans la m\u00e9moire de plusieurs g\u00e9n\u00e9rations de spectateurs, est d\u00e9c\u00e9d\u00e9e des suites d'une longue maladie \u00e0 l'\u00e2ge de 86 ans. La nouvelle a \u00e9t\u00e9 confirm\u00e9e par sa fille, l'actrice Tereza Brodsk\u00e1, qui a \u00e9galement demand\u00e9 au public et aux m\u00e9dias de respecter l'intimit\u00e9 de la famille en ce moment difficile. Une femme capable de raconter des histoires humaines enti\u00e8res sans paroles s'est \u00e9teinte.<\/strong><\/p>\n\n\n\n<blockquote class=\"wp-block-quote is-layout-flow wp-block-quote-is-layout-flow\">\n<p><strong>L'actrice elle-m\u00eame \u00e9tait tr\u00e8s timide, fragile et douce. Jana Brejchov\u00e1 n'a jamais \u00e9t\u00e9 pr\u00e9tentieuse, elle n'a jamais eu besoin d'\u00e9lever la voix pour se faire entendre. Sa force \u00e9tait dans la douceur, dans le regard, dans un petit geste, dans le silence entre les phrases. C'est l\u00e0 qu'est n\u00e9 un jeu d'acteur vrai et profond\u00e9ment humain. \u00c0 l'\u00e9cran, elle devient le symbole de la beaut\u00e9 f\u00e9minine et de la tension int\u00e9rieure. Le surnom de \u201eBardot tch\u00e8que\u201c lui a \u00e9t\u00e9 donn\u00e9 sans qu'elle l'ait jamais cherch\u00e9. Elle n'\u00e9tait pas une actrice \u00e0 position unique - elle pouvait \u00eatre jeune fille, vuln\u00e9rable, passionn\u00e9e et tragique. Ses r\u00f4les \u00e9taient porteurs d'\u00e9motions qui touchaient le public non pas de mani\u00e8re primaire, mais avec une intensit\u00e9 progressive, d'autant plus puissante. Chacun d'entre eux \u00e9tait une empreinte de sa personnalit\u00e9 : calme, concentr\u00e9e, profonde. <\/strong><\/p>\n<\/blockquote>\n\n\n\n<p>Une fille aux grands yeux, m\u00ealant l'innocence \u00e0 une profondeur tranquille, qui s'est progressivement transform\u00e9e en une actrice d'une stature extraordinaire et est devenue, \u00e0 l'\u00e2ge de 80 ans, le symbole de la femme tch\u00e8que et slovaque que tout le monde voulait \u00eatre. Elle a incarn\u00e9 des femmes intellectuellement expressives et en m\u00eame temps combatives, une femme capable de tout g\u00e9rer, son travail, sa famille, ses int\u00e9r\u00eats, avec le go\u00fbt d'une personne cr\u00e9ative. Sa carri\u00e8re d'actrice a \u00e9t\u00e9 faite de joies et d'\u00e9preuves. Elle a connu des p\u00e9riodes de gloire, mais aussi de douleur personnelle, qui se refl\u00e9taient dans son expression avec une extraordinaire sinc\u00e9rit\u00e9. Elle ne s'est jamais \u00e9rig\u00e9e en star, mais elle l'a \u00e9t\u00e9. Elle a accept\u00e9 la reconnaissance internationale que son talent lui a valu avec l'humilit\u00e9 et la r\u00e9serve qui \u00e9taient les siennes. Outre son h\u00e9ritage artistique, elle a laiss\u00e9 une empreinte humaine - sous la forme de sa fille Tereza Brodsk\u00e1, qui transmet non seulement ses g\u00e8nes d'actrice, mais aussi son sens de la v\u00e9rit\u00e9 et la profondeur de son r\u00f4le.<\/p>\n\n\n\n<blockquote class=\"wp-block-quote is-layout-flow wp-block-quote-is-layout-flow\">\n<p><strong>Leur relation \u00e9tait calme, ferme et empreinte de respect mutuel. Pour Jana Brejchov\u00e1, c'est sa famille qui \u00e9tait sa maison, loin des projecteurs. Ses r\u00f4les \u00e9taient v\u00e9cus int\u00e9rieurement parce qu'elle les vivait elle-m\u00eame int\u00e9rieurement. La com\u00e9die \u00e9tait tout pour elle, m\u00eame si elle n'aspirait pas \u00e0 la c\u00e9l\u00e9brit\u00e9.  La disparition de Jana Brejchov\u00e1 n'est pas seulement celle d'une grande actrice. C'est l'adieu \u00e0 une \u00e9poque de culture de qualit\u00e9 o\u00f9 le jeu \u00e9tait fond\u00e9 sur une forte v\u00e9rit\u00e9 int\u00e9rieure, et non sur l'effet. Son visage fera toujours partie de la m\u00e9moire culturelle tch\u00e8que, ses r\u00f4les continueront \u00e0 parler \u00e0 ceux qui recherchent l'\u00e9motion, le silence et la v\u00e9rit\u00e9 dans l'art. Elle s'est \u00e9teinte discr\u00e8tement, tout comme elle a v\u00e9cu, mais elle demeure \u00e0 jamais.<\/strong><\/p>\n<\/blockquote>\n\n\n\n<p><strong>Jan Vojt\u011bch,<\/strong> R\u00e9dacteur en chef - Actualit\u00e9s g\u00e9n\u00e9rales<\/p>\n\n\n\n<figure class=\"wp-block-gallery has-nested-images columns-default is-cropped wp-block-gallery-1 is-layout-flex wp-block-gallery-is-layout-flex\">\n<figure class=\"wp-block-image size-large\"><img decoding=\"async\" data-id=\"40739\" src=\"https:\/\/www.gnews.cz\/wp-content\/uploads\/2026\/02\/Screenshot_20260207_120924-1-1024x566.jpg\" alt=\"\" class=\"wp-image-40739\"\/><\/figure>\n<\/figure>\n\n\n\n<p><br><\/p>\n\n\n\n<figure class=\"wp-block-gallery has-nested-images columns-default is-cropped wp-block-gallery-2 is-layout-flex wp-block-gallery-is-layout-flex\">\n<figure class=\"wp-block-image size-large\"><img decoding=\"async\" data-id=\"40742\" src=\"https:\/\/www.gnews.cz\/wp-content\/uploads\/2026\/02\/crop-1250202-profimedia-0670501357_960x540.jpg\" alt=\"\" class=\"wp-image-40742\"\/><\/figure>\n\n\n\n<figure class=\"wp-block-image size-large\"><img decoding=\"async\" data-id=\"40741\" src=\"https:\/\/www.gnews.cz\/wp-content\/uploads\/2026\/02\/Jana-Brejchova-728x1024.jpg\" alt=\"\" class=\"wp-image-40741\"\/><\/figure>\n\n\n\n<figure class=\"wp-block-image size-large\"><img fetchpriority=\"high\" decoding=\"async\" width=\"847\" height=\"1024\" data-id=\"40740\" src=\"https:\/\/www.gnews.cz\/wp-content\/uploads\/2026\/02\/7559522-847x1024.webp\" alt=\"\" class=\"wp-image-40740\" srcset=\"https:\/\/gnews.cz\/wp-content\/uploads\/2026\/02\/7559522-847x1024.webp 847w, https:\/\/gnews.cz\/wp-content\/uploads\/2026\/02\/7559522-248x300.webp 248w, https:\/\/gnews.cz\/wp-content\/uploads\/2026\/02\/7559522-768x928.webp 768w, https:\/\/gnews.cz\/wp-content\/uploads\/2026\/02\/7559522-10x12.webp 10w, https:\/\/gnews.cz\/wp-content\/uploads\/2026\/02\/7559522-1170x1414.webp 1170w, https:\/\/gnews.cz\/wp-content\/uploads\/2026\/02\/7559522-585x707.webp 585w, https:\/\/gnews.cz\/wp-content\/uploads\/2026\/02\/7559522.webp 1200w\" sizes=\"(max-width: 847px) 100vw, 847px\" \/><\/figure>\n<\/figure>\n\n\n\n<figure class=\"wp-block-gallery has-nested-images columns-default is-cropped wp-block-gallery-3 is-layout-flex wp-block-gallery-is-layout-flex\">\n<figure class=\"wp-block-image size-large\"><img decoding=\"async\" data-id=\"40743\" src=\"https:\/\/www.gnews.cz\/wp-content\/uploads\/2026\/02\/download_20260207_121103.jpg\" alt=\"\" class=\"wp-image-40743\"\/><\/figure>\n\n\n\n<figure class=\"wp-block-image size-large\"><img decoding=\"async\" data-id=\"40744\" src=\"https:\/\/www.gnews.cz\/wp-content\/uploads\/2026\/02\/images_20260207_121342.jpg\" alt=\"\" class=\"wp-image-40744\"\/><\/figure>\n\n\n\n<figure class=\"wp-block-image size-large\"><img decoding=\"async\" data-id=\"40745\" src=\"https:\/\/www.gnews.cz\/wp-content\/uploads\/2026\/02\/crop-2468279-0-brejchova-jana-0010_800x540.jpg\" alt=\"\" class=\"wp-image-40745\"\/><\/figure>\n<\/figure>\n\n\n\n<figure class=\"wp-block-gallery has-nested-images columns-default is-cropped wp-block-gallery-4 is-layout-flex wp-block-gallery-is-layout-flex\">\n<figure class=\"wp-block-image size-large\"><img decoding=\"async\" data-id=\"40747\" src=\"https:\/\/www.gnews.cz\/wp-content\/uploads\/2026\/02\/1200px-Bundesarchiv_Bild_183-P0417-0017_Berlin_Kinopremiere__Jakob_der_Lugner__Simon_Brodsky_Beyer_Lamberz-1024x567.jpg\" alt=\"\" class=\"wp-image-40747\"\/><\/figure>\n\n\n\n<figure class=\"wp-block-image size-large\"><img decoding=\"async\" width=\"1024\" height=\"576\" data-id=\"40748\" src=\"https:\/\/www.gnews.cz\/wp-content\/uploads\/2026\/02\/4012107-1024x576.webp\" alt=\"\" class=\"wp-image-40748\" srcset=\"https:\/\/gnews.cz\/wp-content\/uploads\/2026\/02\/4012107-1024x576.webp 1024w, https:\/\/gnews.cz\/wp-content\/uploads\/2026\/02\/4012107-300x169.webp 300w, https:\/\/gnews.cz\/wp-content\/uploads\/2026\/02\/4012107-768x432.webp 768w, https:\/\/gnews.cz\/wp-content\/uploads\/2026\/02\/4012107-1536x864.webp 1536w, https:\/\/gnews.cz\/wp-content\/uploads\/2026\/02\/4012107-18x10.webp 18w, https:\/\/gnews.cz\/wp-content\/uploads\/2026\/02\/4012107-1170x658.webp 1170w, https:\/\/gnews.cz\/wp-content\/uploads\/2026\/02\/4012107-585x329.webp 585w, https:\/\/gnews.cz\/wp-content\/uploads\/2026\/02\/4012107.webp 1600w\" sizes=\"(max-width: 1024px) 100vw, 1024px\" \/><\/figure>\n<\/figure>\n\n\n\n<figure class=\"wp-block-gallery has-nested-images columns-default is-cropped wp-block-gallery-5 is-layout-flex wp-block-gallery-is-layout-flex\">\n<figure class=\"wp-block-image size-large\"><img decoding=\"async\" width=\"663\" height=\"462\" data-id=\"40749\" src=\"https:\/\/www.gnews.cz\/wp-content\/uploads\/2026\/02\/filmova-studia-barrandov.jpeg-1.webp\" alt=\"\" class=\"wp-image-40749\" srcset=\"https:\/\/gnews.cz\/wp-content\/uploads\/2026\/02\/filmova-studia-barrandov.jpeg-1.webp 663w, https:\/\/gnews.cz\/wp-content\/uploads\/2026\/02\/filmova-studia-barrandov.jpeg-1-300x209.webp 300w, https:\/\/gnews.cz\/wp-content\/uploads\/2026\/02\/filmova-studia-barrandov.jpeg-1-18x12.webp 18w, https:\/\/gnews.cz\/wp-content\/uploads\/2026\/02\/filmova-studia-barrandov.jpeg-1-585x408.webp 585w\" sizes=\"(max-width: 663px) 100vw, 663px\" \/><\/figure>\n<\/figure>\n\n\n\n<figure class=\"wp-block-gallery has-nested-images columns-default is-cropped wp-block-gallery-6 is-layout-flex wp-block-gallery-is-layout-flex\">\n<figure class=\"wp-block-image size-large\"><img decoding=\"async\" data-id=\"40750\" src=\"https:\/\/www.gnews.cz\/wp-content\/uploads\/2026\/02\/Screenshot_20260207_120744-1024x590.jpg\" alt=\"\" class=\"wp-image-40750\"\/><\/figure>\n<\/figure>\n\n\n\n<figure class=\"wp-block-gallery has-nested-images columns-default is-cropped wp-block-gallery-7 is-layout-flex wp-block-gallery-is-layout-flex\">\n<figure class=\"wp-block-image size-large\"><img loading=\"lazy\" decoding=\"async\" width=\"600\" height=\"446\" data-id=\"40751\" src=\"https:\/\/www.gnews.cz\/wp-content\/uploads\/2026\/02\/1873584.webp\" alt=\"\" class=\"wp-image-40751\" srcset=\"https:\/\/gnews.cz\/wp-content\/uploads\/2026\/02\/1873584.webp 600w, https:\/\/gnews.cz\/wp-content\/uploads\/2026\/02\/1873584-300x223.webp 300w, https:\/\/gnews.cz\/wp-content\/uploads\/2026\/02\/1873584-16x12.webp 16w, https:\/\/gnews.cz\/wp-content\/uploads\/2026\/02\/1873584-585x435.webp 585w\" sizes=\"(max-width: 600px) 100vw, 600px\" \/><\/figure>\n\n\n\n<figure class=\"wp-block-image size-large\"><img loading=\"lazy\" decoding=\"async\" width=\"847\" height=\"1024\" data-id=\"40752\" src=\"https:\/\/www.gnews.cz\/wp-content\/uploads\/2026\/02\/7559522-1-847x1024.webp\" alt=\"\" class=\"wp-image-40752\" srcset=\"https:\/\/gnews.cz\/wp-content\/uploads\/2026\/02\/7559522-1-847x1024.webp 847w, https:\/\/gnews.cz\/wp-content\/uploads\/2026\/02\/7559522-1-248x300.webp 248w, https:\/\/gnews.cz\/wp-content\/uploads\/2026\/02\/7559522-1-768x928.webp 768w, https:\/\/gnews.cz\/wp-content\/uploads\/2026\/02\/7559522-1-10x12.webp 10w, https:\/\/gnews.cz\/wp-content\/uploads\/2026\/02\/7559522-1-1170x1414.webp 1170w, https:\/\/gnews.cz\/wp-content\/uploads\/2026\/02\/7559522-1-585x707.webp 585w, https:\/\/gnews.cz\/wp-content\/uploads\/2026\/02\/7559522-1.webp 1200w\" sizes=\"(max-width: 847px) 100vw, 847px\" \/><\/figure>\n\n\n\n<figure class=\"wp-block-image size-large\"><img loading=\"lazy\" decoding=\"async\" width=\"978\" height=\"648\" data-id=\"40753\" src=\"https:\/\/www.gnews.cz\/wp-content\/uploads\/2026\/02\/5128246.webp\" alt=\"\" class=\"wp-image-40753\" srcset=\"https:\/\/gnews.cz\/wp-content\/uploads\/2026\/02\/5128246.webp 978w, https:\/\/gnews.cz\/wp-content\/uploads\/2026\/02\/5128246-300x199.webp 300w, https:\/\/gnews.cz\/wp-content\/uploads\/2026\/02\/5128246-768x509.webp 768w, https:\/\/gnews.cz\/wp-content\/uploads\/2026\/02\/5128246-18x12.webp 18w, https:\/\/gnews.cz\/wp-content\/uploads\/2026\/02\/5128246-780x516.webp 780w, https:\/\/gnews.cz\/wp-content\/uploads\/2026\/02\/5128246-585x388.webp 585w, https:\/\/gnews.cz\/wp-content\/uploads\/2026\/02\/5128246-263x175.webp 263w\" sizes=\"(max-width: 978px) 100vw, 978px\" \/><\/figure>\n<\/figure>\n\n\n\n<figure class=\"wp-block-gallery has-nested-images columns-default is-cropped wp-block-gallery-8 is-layout-flex wp-block-gallery-is-layout-flex\">\n<figure class=\"wp-block-image size-large\"><img decoding=\"async\" data-id=\"40754\" src=\"https:\/\/www.gnews.cz\/wp-content\/uploads\/2026\/02\/1200px-Art_Film_Fest_2000_\u2013_Jana_Brejchova-1024x576.jpg\" alt=\"\" class=\"wp-image-40754\"\/><\/figure>\n<\/figure>\n\n\n\n<figure class=\"wp-block-gallery has-nested-images columns-default is-cropped wp-block-gallery-9 is-layout-flex wp-block-gallery-is-layout-flex\">\n<figure class=\"wp-block-image size-large\"><img decoding=\"async\" data-id=\"40755\" src=\"https:\/\/www.gnews.cz\/wp-content\/uploads\/2026\/02\/1200px-Podpis_Jany_Brejchove.svg-1024x626.png\" alt=\"\" class=\"wp-image-40755\"\/><\/figure>\n<\/figure>","protected":false},"excerpt":{"rendered":"<p>Le cin\u00e9ma et le th\u00e9\u00e2tre tch\u00e8ques ont perdu l'une de leurs stars les plus aim\u00e9es, les plus fragiles et en m\u00eame temps les plus brillantes des ann\u00e9es 1980. Oui, Jana Brejchov\u00e1, l'actrice dont le visage...<\/p>","protected":false},"author":2,"featured_media":40808,"comment_status":"open","ping_status":"closed","sticky":false,"template":"","format":"standard","meta":{"_acf_changed":false,"_lmt_disableupdate":"","_lmt_disable":"","footnotes":""},"categories":[6,1,580,8,2973],"tags":[10208,10206,45,10204,10213,10209,10205,10210,10212,10,10207,17,5689,10211,41],"class_list":["post-40733","post","type-post","status-publish","format-standard","has-post-thumbnail","hentry","category-kultura","category-tema","category-vyber-sefredaktora","category-zabava","category-zahranicni","tag-ceska-herecka","tag-ceska-kinematografie","tag-cr","tag-cesky-film","tag-filmova-historie","tag-herecka-legenda","tag-jana-brejchova","tag-kulturni-ztrata","tag-nekrolog","tag-news","tag-tereza-brodska","tag-top","tag-top2","tag-umrti-herecky","tag-world"],"acf":[],"aioseo_notices":[],"_links":{"self":[{"href":"https:\/\/gnews.cz\/fr\/wp-json\/wp\/v2\/posts\/40733","targetHints":{"allow":["GET"]}}],"collection":[{"href":"https:\/\/gnews.cz\/fr\/wp-json\/wp\/v2\/posts"}],"about":[{"href":"https:\/\/gnews.cz\/fr\/wp-json\/wp\/v2\/types\/post"}],"author":[{"embeddable":true,"href":"https:\/\/gnews.cz\/fr\/wp-json\/wp\/v2\/users\/2"}],"replies":[{"embeddable":true,"href":"https:\/\/gnews.cz\/fr\/wp-json\/wp\/v2\/comments?post=40733"}],"version-history":[{"count":4,"href":"https:\/\/gnews.cz\/fr\/wp-json\/wp\/v2\/posts\/40733\/revisions"}],"predecessor-version":[{"id":40757,"href":"https:\/\/gnews.cz\/fr\/wp-json\/wp\/v2\/posts\/40733\/revisions\/40757"}],"wp:featuredmedia":[{"embeddable":true,"href":"https:\/\/gnews.cz\/fr\/wp-json\/wp\/v2\/media\/40808"}],"wp:attachment":[{"href":"https:\/\/gnews.cz\/fr\/wp-json\/wp\/v2\/media?parent=40733"}],"wp:term":[{"taxonomy":"category","embeddable":true,"href":"https:\/\/gnews.cz\/fr\/wp-json\/wp\/v2\/categories?post=40733"},{"taxonomy":"post_tag","embeddable":true,"href":"https:\/\/gnews.cz\/fr\/wp-json\/wp\/v2\/tags?post=40733"}],"curies":[{"name":"wp","href":"https:\/\/api.w.org\/{rel}","templated":true}]}}