{"id":40782,"date":"2026-02-08T13:30:00","date_gmt":"2026-02-08T12:30:00","guid":{"rendered":"https:\/\/www.gnews.cz\/?p=40782"},"modified":"2026-04-28T12:42:52","modified_gmt":"2026-04-28T10:42:52","slug":"epopee-slave-dalphonse-mucha-image-du-treizieme-jiri-de-podebrad-roi-des-deux-peuples","status":"publish","type":"post","link":"https:\/\/gnews.cz\/fr\/tema\/slovanska-epopej-alfonse-muchy-obraz-trinacty-jiri-z-podebrad-kral-obojiho-lidu\/","title":{"rendered":"Epop\u00e9e slave d'Alfons Mucha - tableau treizi\u00e8me : Georges de Pod\u011bbrady, roi des deux peuples"},"content":{"rendered":"<p><strong>Image treize. Voir ce tableau, c'est sentir que la terre elle-m\u00eame tremble sous ses pieds. Non pas parce qu'elle tremble, mais parce qu'elle est en train de na\u00eetre. Ce moment, o\u00f9 l'histoire tch\u00e8que s'est redress\u00e9e et a pris pour la premi\u00e8re fois une grande bouff\u00e9e de libert\u00e9 jusqu'alors contest\u00e9e, sans la permission de Rome, doit naturellement susciter un sentiment de joie chez tous ceux qui sont pr\u00e9sents et ceux qui sont absents depuis longtemps. Les ann\u00e9es, les noms et toutes les dates, je les connais depuis longtemps, mais ici, sur cette photo, ils cessent d'\u00eatre de la simple histoire pour devenir un vaste concept de la conscience vivante de la nation. Je vois le roi George de Pod\u011bbrady, fort, d\u00e9termin\u00e9, ferme, calme, in\u00e9branlable.<\/strong> <strong>et de gagner. <\/strong><\/p>\n\n\n\n<blockquote class=\"wp-block-quote is-layout-flow wp-block-quote-is-layout-flow\">\n<p><strong>Non pas comme un souverain avec une couronne, mais comme un homme avec des responsabilit\u00e9s. L'envoy\u00e9 du pape apporte l'ancien monde - un monde de droits, de menaces et de sup\u00e9riorit\u00e9 pr\u00e9sum\u00e9e. Face \u00e0 lui se dresse un roi qui ne brandit pas une \u00e9p\u00e9e, mais une parole. Une phrase qui sonne comme un glas : \u201ePersonne sur cette terre n'est digne de juger ma conscience\u201c. \u00c0 ce moment-l\u00e0, je ressens un frisson et une force de volont\u00e9 qui ne sont donn\u00e9s qu'aux \u00e9lus. Non seulement parce qu'il s'agit d'un d\u00e9fi, mais aussi parce que la v\u00e9rit\u00e9 est dite sans crainte. Mon regard se porte sur les d\u00e9tails. Sur le gar\u00e7on en bas \u00e0 droite, qui ferme un livre avec l'inscription Roma finita. Quel geste puissant, simple et pourtant fatal. Pas de destruction, pas de col\u00e8re - juste la cl\u00f4ture tranquille et d\u00e9cisive d'un des chapitres non libres de l'histoire. Il y a plus qu'une r\u00e9volution dans ce mouvement, plus que mille batailles. Je me rends compte qu'ici na\u00eet quelque chose qui transcende toutes nos religions : la libert\u00e9 de conscience, le droit de douter, le droit de d\u00e9cider par soi-m\u00eame.<\/strong><\/p>\n<\/blockquote>\n\n\n\n<p>La lumi\u00e8re qui traverse la fen\u00eatre gothique n'est pas al\u00e9atoire. Elle traverse l'espace comme une confirmation que ce d\u00e9fi n'est pas sombre ou h\u00e9r\u00e9tique, mais humain et justifi\u00e9. Les rayons touchent les visages, les livres, la pierre - et il me semble qu'ils \u00e9clairent constamment le pr\u00e9sent, mais aussi l'avenir. C'est comme s'ils me rappelaient que la libert\u00e9 n'est jamais cr\u00e9\u00e9e par des cris, mais par une attitude calme et inflexible. Je quitte cette rencontre avec un profond respect. Non seulement pour Georges de Pod\u011bbrady, mais pour toute la tradition hussite qui n'a pas eu peur de s'opposer \u00e0 l'autorit\u00e9 lorsqu'elle cessait de servir la v\u00e9rit\u00e9. Cette image - cette histoire - n'est pas seulement une chose du pass\u00e9. C'est un miroir de l'histoire. J'y vois ce que nous \u00e9tions et ce que nous devrions oser redevenir. \u00c0 notre \u00e9poque, il ne s'agit pas seulement d'une question d'actualit\u00e9 ou d'une question historique, mais d'une question qui touche \u00e0 notre existence m\u00eame.<\/p>\n\n\n\n<p><strong>Lire aussi :<\/strong> <a href=\"https:\/\/gnews.cz\/fr\/theme\/slovanska-epopej-alfonse-muchy-obraz-sesnacty-jan-amos-komensky-ucitel-narodu-plaminek-nadeje\/\" title=\"\"><strong>L'\u00e9pop\u00e9e slave d'Alfons Mucha - image douze : Petr Chel\u010dick\u00fd - Ne r\u00e9compensez pas le mal par le mal<\/strong><\/a><\/p>\n\n\n\n<p><strong>Jan Vojt\u011bch,<\/strong> r\u00e9dacteur en chef de General News<\/p>","protected":false},"excerpt":{"rendered":"<p>Image treize. Voir ce tableau, c'est sentir que la terre elle-m\u00eame tremble sous ses pieds. Non pas parce qu'elle tremble...<\/p>","protected":false},"author":2,"featured_media":40790,"comment_status":"open","ping_status":"closed","sticky":false,"template":"","format":"standard","meta":{"_acf_changed":false,"_lmt_disableupdate":"","_lmt_disable":"","footnotes":""},"categories":[2968,6,3,1,3104,580,8,5],"tags":[411,8776,10230,45,8237,10240,1665,78,5459,9716,10231,10232,10245,10250,2695,310,10236,10244,10239,10246,10251,10,10241,10247,10253,10234,10242,10248,10252,10233,410,10237,10243,10235,17,10249,10238,41],"class_list":["post-40782","post","type-post","status-publish","format-standard","has-post-thumbnail","hentry","category-domaci","category-kultura","category-neprehlednete","category-tema","category-veda","category-vyber-sefredaktora","category-zabava","category-zdravy-styl","tag-alfons-mucha","tag-autorita","tag-ceska-reformace","tag-cr","tag-ceske-dejiny","tag-cesky-kral-jiri-z-podebrad","tag-dejiny","tag-evropa","tag-gotika","tag-husite","tag-husitske-hnuti","tag-jiri-z-podebrad","tag-kacirsky","tag-kamen","tag-knihy","tag-koruna","tag-krizove-vypravy-do-cech","tag-lidsky","tag-nabozenska-svoboda","tag-nadrazenost","tag-neustupne-postoje","tag-news","tag-obraz-trinacty","tag-opravneny","tag-osudove-gesto","tag-papezska-kurie","tag-papezsky-vyslanec","tag-paprsky","tag-pohyb","tag-roma-finita","tag-slovanska-epopej","tag-stredoveke-cechy","tag-svedomi","tag-svoboda-svedomi","tag-top","tag-tvare","tag-vatikan-a-cechy","tag-world"],"acf":[],"aioseo_notices":[],"_links":{"self":[{"href":"https:\/\/gnews.cz\/fr\/wp-json\/wp\/v2\/posts\/40782","targetHints":{"allow":["GET"]}}],"collection":[{"href":"https:\/\/gnews.cz\/fr\/wp-json\/wp\/v2\/posts"}],"about":[{"href":"https:\/\/gnews.cz\/fr\/wp-json\/wp\/v2\/types\/post"}],"author":[{"embeddable":true,"href":"https:\/\/gnews.cz\/fr\/wp-json\/wp\/v2\/users\/2"}],"replies":[{"embeddable":true,"href":"https:\/\/gnews.cz\/fr\/wp-json\/wp\/v2\/comments?post=40782"}],"version-history":[{"count":5,"href":"https:\/\/gnews.cz\/fr\/wp-json\/wp\/v2\/posts\/40782\/revisions"}],"predecessor-version":[{"id":44777,"href":"https:\/\/gnews.cz\/fr\/wp-json\/wp\/v2\/posts\/40782\/revisions\/44777"}],"wp:featuredmedia":[{"embeddable":true,"href":"https:\/\/gnews.cz\/fr\/wp-json\/wp\/v2\/media\/40790"}],"wp:attachment":[{"href":"https:\/\/gnews.cz\/fr\/wp-json\/wp\/v2\/media?parent=40782"}],"wp:term":[{"taxonomy":"category","embeddable":true,"href":"https:\/\/gnews.cz\/fr\/wp-json\/wp\/v2\/categories?post=40782"},{"taxonomy":"post_tag","embeddable":true,"href":"https:\/\/gnews.cz\/fr\/wp-json\/wp\/v2\/tags?post=40782"}],"curies":[{"name":"wp","href":"https:\/\/api.w.org\/{rel}","templated":true}]}}