{"id":40827,"date":"2026-02-08T17:07:18","date_gmt":"2026-02-08T16:07:18","guid":{"rendered":"https:\/\/www.gnews.cz\/?p=40827"},"modified":"2026-02-08T17:07:20","modified_gmt":"2026-02-08T16:07:20","slug":"zuzana-maderova-remporte-la-premiere-medaille-dor-tcheque-au-zhoj-milan-cortina-2026","status":"publish","type":"post","link":"https:\/\/gnews.cz\/fr\/tema\/zuzana-maderova-vybojovala-prvni-ceske-zlato-na-zoh-milan-cortina-2026\/","title":{"rendered":"Zuzana Maderova remporte la premi\u00e8re m\u00e9daille d'or tch\u00e8que aux Jeux olympiques d'hiver de 2026 \u00e0 Milan-Cortina"},"content":{"rendered":"<p><strong>LIVIGNO - L'\u00e9quipe tch\u00e8que c\u00e9l\u00e8bre sa premi\u00e8re m\u00e9daille d'or aux Jeux olympiques d'hiver de Milan et de Cortina d'Ampezzo. La snowboardeuse Zuzana Mad\u011brov\u00e1 a triomph\u00e9 dans le slalom g\u00e9ant parall\u00e8le et a assur\u00e9 la premi\u00e8re victoire olympique tch\u00e8que de l'histoire \u00e0 ces Jeux. Elle a effectu\u00e9 la derni\u00e8re descente sur le parcours techniquement exigeant de Livigno, battant la repr\u00e9sentante autrichienne Sabine Payer.<\/strong><\/p>\n\n\n\n<blockquote class=\"wp-block-quote is-layout-flow wp-block-quote-is-layout-flow\">\n<p><strong>Mad\u011brov\u00e1 est entr\u00e9e dans la course avec beaucoup de confiance d\u00e8s les qualifications, o\u00f9 elle a \u00e9t\u00e9 l'une des pilotes les plus rapides. Dans les manches \u00e9liminatoires suivantes, elle a progressivement battu ses rivales allemandes, suisses et italiennes et a confirm\u00e9 qu'elle \u00e9tait l'une des favorites de la comp\u00e9tition. En finale, elle a fait preuve d'une conduite pr\u00e9cise et dynamique, au cours de laquelle elle a pris une avance d\u00e9cisive en haut du parcours.<br>\u201eC'\u00e9tait mon r\u00eave et je n'arrive toujours pas \u00e0 y croire. Les conditions n'\u00e9taient pas faciles, mais je me sentais bien et j'ai essay\u00e9 d'aller jusqu'au bout\u201c, a d\u00e9clar\u00e9 Maderova apr\u00e8s la course. Elle a d\u00e9crit sa victoire comme une r\u00e9compense pour les longues ann\u00e9es de pr\u00e9paration acharn\u00e9e et le soutien de l'\u00e9quipe de mise en \u0153uvre.<\/strong><\/p>\n<\/blockquote>\n\n\n\n<p>Le succ\u00e8s du snowboarder tch\u00e8que a une signification symbolique importante pour l'ensemble de l'exp\u00e9dition. Apr\u00e8s les premiers jours des Jeux, qui n'ont pas apport\u00e9 de joie en termes de m\u00e9dailles \u00e0 la R\u00e9publique tch\u00e8que, l'encouragement attendu est arriv\u00e9. Le slalom g\u00e9ant parall\u00e8le f\u00e9minin a permis \u00e0 Zuzana Mad\u011brov\u00e1 de figurer parmi les figures les plus marquantes des Jeux olympiques d'hiver jusqu'\u00e0 pr\u00e9sent et a ouvert la voie aux ambitions de l'\u00e9quipe tch\u00e8que pour les comp\u00e9titions suivantes.<\/p>\n\n\n\n<p><strong>gnews.cz - GH<\/strong><\/p>","protected":false},"excerpt":{"rendered":"<p>LIVIGNO - L'\u00e9quipe tch\u00e8que c\u00e9l\u00e8bre sa premi\u00e8re m\u00e9daille d'or aux Jeux olympiques d'hiver de Milan et de Cortina d'Ampezzo. La snowboardeuse Zuzana Maderova a triomph\u00e9 dans l'\u00e9preuve...<\/p>","protected":false},"author":2,"featured_media":40828,"comment_status":"open","ping_status":"closed","sticky":false,"template":"","format":"standard","meta":{"_acf_changed":false,"_lmt_disableupdate":"","_lmt_disable":"","footnotes":""},"categories":[2968,6,658,1248,1,8,2973,5],"tags":[45,10282,10278,46,78,10277,10,692,10285,10280,10283,10279,10286,17,41,10284,3101],"class_list":["post-40827","post","type-post","status-publish","format-standard","has-post-thumbnail","hentry","category-domaci","category-kultura","category-prectete-si","category-sport","category-tema","category-zabava","category-zahranicni","category-zdravy-styl","tag-cr","tag-ceska-vyprava","tag-ceske-zlato-zoh","tag-eu","tag-evropa","tag-livigno","tag-news","tag-olympiada","tag-olympijske-hry-italie","tag-paralelni-obri-slalom","tag-sabine-payerova","tag-snowboard","tag-snowboardistka-cesko","tag-top","tag-world","tag-zimni-olympiada-milan-cortina-2026","tag-zuzana-maderova"],"acf":[],"aioseo_notices":[],"_links":{"self":[{"href":"https:\/\/gnews.cz\/fr\/wp-json\/wp\/v2\/posts\/40827","targetHints":{"allow":["GET"]}}],"collection":[{"href":"https:\/\/gnews.cz\/fr\/wp-json\/wp\/v2\/posts"}],"about":[{"href":"https:\/\/gnews.cz\/fr\/wp-json\/wp\/v2\/types\/post"}],"author":[{"embeddable":true,"href":"https:\/\/gnews.cz\/fr\/wp-json\/wp\/v2\/users\/2"}],"replies":[{"embeddable":true,"href":"https:\/\/gnews.cz\/fr\/wp-json\/wp\/v2\/comments?post=40827"}],"version-history":[{"count":1,"href":"https:\/\/gnews.cz\/fr\/wp-json\/wp\/v2\/posts\/40827\/revisions"}],"predecessor-version":[{"id":40829,"href":"https:\/\/gnews.cz\/fr\/wp-json\/wp\/v2\/posts\/40827\/revisions\/40829"}],"wp:featuredmedia":[{"embeddable":true,"href":"https:\/\/gnews.cz\/fr\/wp-json\/wp\/v2\/media\/40828"}],"wp:attachment":[{"href":"https:\/\/gnews.cz\/fr\/wp-json\/wp\/v2\/media?parent=40827"}],"wp:term":[{"taxonomy":"category","embeddable":true,"href":"https:\/\/gnews.cz\/fr\/wp-json\/wp\/v2\/categories?post=40827"},{"taxonomy":"post_tag","embeddable":true,"href":"https:\/\/gnews.cz\/fr\/wp-json\/wp\/v2\/tags?post=40827"}],"curies":[{"name":"wp","href":"https:\/\/api.w.org\/{rel}","templated":true}]}}