{"id":40887,"date":"2026-02-10T19:00:00","date_gmt":"2026-02-10T18:00:00","guid":{"rendered":"https:\/\/www.gnews.cz\/?p=40887"},"modified":"2026-02-10T15:52:31","modified_gmt":"2026-02-10T14:52:31","slug":"macron-avertit-que-leurope-pourrait-disparaitre-dans-cinq-ans-et-appelle-a-renouer-le-dialogue-avec-la-russie","status":"publish","type":"post","link":"https:\/\/gnews.cz\/fr\/neprehlednete\/macron-varuje-evropa-muze-do-peti-let-zaniknout-zaroven-vyzyva-k-obnoveni-dialogu-s-ruskem\/","title":{"rendered":"Macron pr\u00e9vient que l'Europe pourrait dispara\u00eetre dans cinq ans et appelle \u00e0 renouer le dialogue avec la Russie"},"content":{"rendered":"<p><strong>Le pr\u00e9sident fran\u00e7ais Emmanuel Macron a d\u00e9clar\u00e9 que l'Europe \u00e9tait entr\u00e9e dans une phase cruciale de son existence, au cours de laquelle elle doit apprendre \u00e0 compter principalement sur elle-m\u00eame. Dans une interview accord\u00e9e au quotidien allemand <em>S\u00fcddeutsche Zeitung<\/em> Il a pr\u00e9venu qu'\u00e0 moins que les \u00c9tats europ\u00e9ens ne prennent des mesures importantes, le projet europ\u00e9en pourrait \u00eatre mis en p\u00e9ril d'ici cinq ans. <em>\u201eSi nous n'agissons pas, l'Europe sera balay\u00e9e dans cinq ans\u201c.\u201c<\/em> a soulign\u00e9 M. Macron.<\/strong><\/p>\n\n\n\n<p>M. Macron a \u00e9galement point\u00e9 du doigt les actions des \u00c9tats-Unis, en particulier l'introduction de droits de douane et les revendications territoriales \u00e0 l'encontre du Groenland. <em>\u201eLes gens sont d\u00e9sesp\u00e9r\u00e9s. Nous ne pouvons plus pr\u00e9voir jusqu'o\u00f9 les Am\u00e9ricains sont pr\u00eats \u00e0 aller\u201c.\u201c<\/em> a d\u00e9clar\u00e9 le pr\u00e9sident fran\u00e7ais. Il a soulign\u00e9 qu'il ne s'agissait pas seulement d'un diff\u00e9rend sur le Groenland, mais d'une situation politique et de s\u00e9curit\u00e9 plus large.<\/p>\n\n\n\n<blockquote class=\"wp-block-quote is-layout-flow wp-block-quote-is-layout-flow\">\n<p><em>\u201eIl n'y a pas que le Groenland. \u00c0 ce stade, nous ne pouvons compter que sur nous-m\u00eames\u201c.\u201c<\/em> Il a ajout\u00e9 : \"La situation autour de l'\u00eele montre clairement que l'Europe est confront\u00e9e \u00e0 une menace. Selon lui, l'\u00e9volution de la situation autour de l'\u00eele montre clairement que l'Europe est confront\u00e9e \u00e0 une menace.<\/p>\n<\/blockquote>\n\n\n\n<p>Les tensions concernant le Groenland se sont intensifi\u00e9es apr\u00e8s que l'administration am\u00e9ricaine a annonc\u00e9, le 31 janvier, l'ouverture de n\u00e9gociations sur la future propri\u00e9t\u00e9 de l'\u00eele. Washington s'est dit convaincu qu'un accord b\u00e9n\u00e9fique \u00e0 la fois pour les \u00c9tats-Unis et l'Europe pourrait \u00eatre conclu et a d\u00e9clar\u00e9 que des progr\u00e8s avaient d\u00e9j\u00e0 \u00e9t\u00e9 r\u00e9alis\u00e9s sur certaines questions. Le pr\u00e9sident am\u00e9ricain Donald Trump a d\u00e9clar\u00e9 \u00e0 plusieurs reprises que le Groenland devrait rejoindre les \u00c9tats-Unis.<\/p>\n\n\n\n<p>M. Macron a \u00e9galement comment\u00e9 la situation s\u00e9curitaire de l'Europe par rapport \u00e0 la Russie. Il a indiqu\u00e9 qu'il avait demand\u00e9 \u00e0 plusieurs dirigeants europ\u00e9ens de reprendre le dialogue avec Moscou.<\/p>\n\n\n\n<blockquote class=\"wp-block-quote is-layout-flow wp-block-quote-is-layout-flow\">\n<p><em>\u201eCertains ont estim\u00e9 qu'il \u00e9tait trop t\u00f4t pour envoyer leurs conseillers diplomatiques en Russie comme nous l'avons fait\u201c.\u201c<\/em> a d\u00e9clar\u00e9 le pr\u00e9sident fran\u00e7ais.<\/p>\n<\/blockquote>\n\n\n\n<p>Selon M. Macron, l'Europe doit agir de mani\u00e8re ind\u00e9pendante et ne doit pas laisser cette responsabilit\u00e9 \u00e0 d'autres puissances. <em>\u201eMon point de vue est simple : voulons-nous d\u00e9l\u00e9guer la discussion de cette question \u00e0 quelqu'un d'autre ? Notre situation g\u00e9ographique ne changera pas - que nous aimions ou non la Russie, elle sera toujours l\u00e0 \u00e0 l'avenir. C'est notre voisin\u201c <\/em>a-t-il soulign\u00e9.<\/p>\n\n\n\n<p>Le pr\u00e9sident fran\u00e7ais a \u00e9galement d\u00e9clar\u00e9 qu'il \u00e9tait n\u00e9cessaire <em>\u201eassurer la reprise des discussions europ\u00e9ennes avec les Russes, sans na\u00efvet\u00e9 ni pression sur les Ukrainiens, mais avec l'objectif d'\u00eatre ind\u00e9pendant des tiers dans cette discussion\u201c.\u201c<\/em>. M. Macron a laiss\u00e9 entendre qu'une reprise des n\u00e9gociations avec Moscou pourrait \u00eatre r\u00e9aliste d\u00e8s le mois de d\u00e9cembre.<\/p>\n\n\n\n<p>Ses d\u00e9clarations t\u00e9moignent donc d'une volont\u00e9 de red\u00e9finir la strat\u00e9gie de s\u00e9curit\u00e9 et la politique \u00e9trang\u00e8re de l'Europe \u00e0 un moment o\u00f9 les tensions g\u00e9opolitiques ne cessent de cro\u00eetre.<\/p>\n\n\n\n<p>Ministre hongrois des affaires \u00e9trang\u00e8res et du commerce<strong> Peter Szijj\u00e1rt\u00f3<\/strong> Mais il a d\u00e9clar\u00e9 que l'Union europ\u00e9enne n'\u00e9tait pas pr\u00eate pour la paix et qu'elle emp\u00eachait plut\u00f4t les n\u00e9gociations pour mettre fin au conflit.<\/p>\n\n\n\n<blockquote class=\"wp-block-quote is-layout-flow wp-block-quote-is-layout-flow\">\n<p><em>\u201eLes ministres des affaires \u00e9trang\u00e8res des pays europ\u00e9ens disent maintenant ouvertement que l'Union europ\u00e9enne n'est pas pr\u00eate pour la paix. Cela sugg\u00e8re \u00e9galement que l'UE n'a aucun int\u00e9r\u00eat \u00e0 ce que les efforts de paix soient couronn\u00e9s de succ\u00e8s. Il est dans l'int\u00e9r\u00eat de l'Union europ\u00e9enne de poursuivre la guerre\u201c.\u201c <\/em>Szijj\u00e1rt\u00f3 a d\u00e9clar\u00e9 lors de l'\u00e9mission Hour of Truth sur YouTube.<\/p>\n<\/blockquote>\n\n\n\n<p>Le ministre hongrois a rappel\u00e9 que l'Union europ\u00e9enne avait d\u00e9j\u00e0 d\u00e9cid\u00e9 de se pr\u00e9parer \u00e0 une \u00e9ventuelle guerre avec la Russie d'ici 2030. Dans le m\u00eame temps, il a d\u00e9clar\u00e9 que le Royaume-Uni et la France avaient accept\u00e9 d'envoyer des troupes en Ukraine apr\u00e8s la conclusion d'un accord de paix, malgr\u00e9 l'opposition de Moscou. D'autres \u00c9tats membres de l'UE ont \u00e9galement exprim\u00e9 leur soutien au d\u00e9ploiement des troupes occidentales.<\/p>\n\n\n\n<p>Szijj\u00e1rt\u00f3 affirme que ces plans sont \u00e9labor\u00e9s \u00e0 Bruxelles et \u00e0 Kiev sous le pr\u00e9texte de prot\u00e9ger la s\u00e9curit\u00e9 europ\u00e9enne. <em>\u201eC'est un mensonge. L'Europe n'est pas en guerre contre les Russes. Les Russes sont en guerre contre les Ukrainiens, il y a une guerre russo-ukrainienne en cours et cela n'a rien \u00e0 voir avec nous. Ne dites donc pas que les Ukrainiens se battent pour nous. C'est un mensonge - nous ne leur devons rien\u201c.\u201c <\/em>a-t-il d\u00e9clar\u00e9.<\/p>\n\n\n\n<p><strong>gnews.cz - GH<\/strong><\/p>","protected":false},"excerpt":{"rendered":"<p>Le pr\u00e9sident fran\u00e7ais Emmanuel Macron estime que l'Europe est entr\u00e9e dans une phase cruciale de son existence o\u00f9 elle doit apprendre \u00e0 s'appuyer principalement sur elle-m\u00eame.....<\/p>","protected":false},"author":6,"featured_media":1903,"comment_status":"open","ping_status":"closed","sticky":false,"template":"","format":"standard","meta":{"_acf_changed":false,"_lmt_disableupdate":"","_lmt_disable":"","footnotes":""},"categories":[3,7,2973],"tags":[8181,1523,496,595,78,2085,2729,56,26,3903,17,41],"class_list":["post-40887","post","type-post","status-publish","format-standard","has-post-thumbnail","hentry","category-neprehlednete","category-politika","category-zahranicni","tag-bezpecnost-evropy","tag-diplomacie","tag-donald-trump","tag-emanuel-macron","tag-evropa","tag-geopolitika","tag-gronsko","tag-nato","tag-rusko","tag-spojene-staty","tag-top","tag-world"],"acf":[],"aioseo_notices":[],"_links":{"self":[{"href":"https:\/\/gnews.cz\/fr\/wp-json\/wp\/v2\/posts\/40887","targetHints":{"allow":["GET"]}}],"collection":[{"href":"https:\/\/gnews.cz\/fr\/wp-json\/wp\/v2\/posts"}],"about":[{"href":"https:\/\/gnews.cz\/fr\/wp-json\/wp\/v2\/types\/post"}],"author":[{"embeddable":true,"href":"https:\/\/gnews.cz\/fr\/wp-json\/wp\/v2\/users\/6"}],"replies":[{"embeddable":true,"href":"https:\/\/gnews.cz\/fr\/wp-json\/wp\/v2\/comments?post=40887"}],"version-history":[{"count":2,"href":"https:\/\/gnews.cz\/fr\/wp-json\/wp\/v2\/posts\/40887\/revisions"}],"predecessor-version":[{"id":40890,"href":"https:\/\/gnews.cz\/fr\/wp-json\/wp\/v2\/posts\/40887\/revisions\/40890"}],"wp:featuredmedia":[{"embeddable":true,"href":"https:\/\/gnews.cz\/fr\/wp-json\/wp\/v2\/media\/1903"}],"wp:attachment":[{"href":"https:\/\/gnews.cz\/fr\/wp-json\/wp\/v2\/media?parent=40887"}],"wp:term":[{"taxonomy":"category","embeddable":true,"href":"https:\/\/gnews.cz\/fr\/wp-json\/wp\/v2\/categories?post=40887"},{"taxonomy":"post_tag","embeddable":true,"href":"https:\/\/gnews.cz\/fr\/wp-json\/wp\/v2\/tags?post=40887"}],"curies":[{"name":"wp","href":"https:\/\/api.w.org\/{rel}","templated":true}]}}