{"id":41122,"date":"2026-02-13T11:05:00","date_gmt":"2026-02-13T10:05:00","guid":{"rendered":"https:\/\/www.gnews.cz\/?p=41122"},"modified":"2026-02-14T11:18:57","modified_gmt":"2026-02-14T10:18:57","slug":"jiri-paroubek-appelle-a-un-retablissement-des-relations-avec-la-chine-et-met-laccent-sur-la-cooperation-economique-et-le-respect-mutuel","status":"publish","type":"post","link":"https:\/\/gnews.cz\/fr\/kultura\/jiri-paroubek-vyzyva-k-naprave-vztahu-s-cinou-zduraznuje-hospodarskou-spolupraci-a-vzajemny-respekt\/","title":{"rendered":"Ji\u0159\u00ed Paroubek appelle au r\u00e9tablissement des relations avec la Chine et met l'accent sur la coop\u00e9ration \u00e9conomique et le respect mutuel"},"content":{"rendered":"<p id=\"wnd_TextBlock_12241771064174935782_inner_0\"><strong>Dans son message du Nouvel An, le pr\u00e9sident du \u010cSSD et ancien Premier ministre tch\u00e8que Ji\u0159\u00ed Paroubek a souhait\u00e9 au public ses meilleurs v\u0153ux pour le Nouvel An lunaire, la sant\u00e9 et le bien-\u00eatre dans leurs familles.<\/strong><\/p>\n\n\n\n<p id=\"wnd_TextBlock_12241771064174935782_inner_1\">M. Paroubek a ensuite d\u00e9clar\u00e9 que son principal souhait pour la R\u00e9publique tch\u00e8que sous sa nouvelle direction \u00e9tait le suivant <em>\u201ede commencer \u00e0 reconstruire les relations rompues avec la R\u00e9publique populaire de Chine - non seulement commerciales et \u00e9conomiques, mais aussi culturelles et humaines\u201c.\u201c<\/em>.<\/p>\n\n\n\n<p id=\"wnd_TextBlock_12241771064174935782_inner_2\">\u00c0 la question de savoir ce qui est le plus important pour l'avenir des relations entre la R\u00e9publique tch\u00e8que et la Chine, M. Paroubek a r\u00e9pondu clairement : <em>\u201eJe pense que l'\u00e9conomie et le respect mutuel sont importants.\u201c <\/em>Cette d\u00e9claration met l'accent sur les deux fondements que sont la coop\u00e9ration pratique et la confiance mutuelle \u00e9galitaire.<\/p>\n\n\n\n<p id=\"wnd_TextBlock_12241771064174935782_inner_3\"><a href=\"https:\/\/ksc4.cms.webnode.cz\/l\/jiri-paroubek-vyzyva-k-naprave-vztahu-s-cinou-zduraznuje-hospodarskou-spolupraci-a-vzajemny-respekt\/#\"><strong>CMG<\/strong><\/a><\/p>","protected":false},"excerpt":{"rendered":"<p>Ji\u0159\u00ed Paroubek, pr\u00e9sident du Parti social-d\u00e9mocrate tch\u00e8que et ancien Premier ministre de la R\u00e9publique tch\u00e8que, a souhait\u00e9 au public, dans son message du Nouvel An, ses meilleurs v\u0153ux de sant\u00e9 et de...<\/p>","protected":false},"author":6,"featured_media":41125,"comment_status":"open","ping_status":"closed","sticky":false,"template":"","format":"video","meta":{"_acf_changed":false,"_lmt_disableupdate":"","_lmt_disable":"","footnotes":""},"categories":[6,550],"tags":[45,10531,6802,18,1237,10521],"class_list":["post-41122","post","type-post","status-publish","format-video","has-post-thumbnail","hentry","category-kultura","category-videa","tag-cr","tag-ceska-strana-socialne-demokraticka","tag-cinska-lidova-republika","tag-cmg","tag-jiri-paroubek","tag-lunarni-novy-rok","post_format-post-format-video"],"acf":[],"aioseo_notices":[],"_links":{"self":[{"href":"https:\/\/gnews.cz\/fr\/wp-json\/wp\/v2\/posts\/41122","targetHints":{"allow":["GET"]}}],"collection":[{"href":"https:\/\/gnews.cz\/fr\/wp-json\/wp\/v2\/posts"}],"about":[{"href":"https:\/\/gnews.cz\/fr\/wp-json\/wp\/v2\/types\/post"}],"author":[{"embeddable":true,"href":"https:\/\/gnews.cz\/fr\/wp-json\/wp\/v2\/users\/6"}],"replies":[{"embeddable":true,"href":"https:\/\/gnews.cz\/fr\/wp-json\/wp\/v2\/comments?post=41122"}],"version-history":[{"count":1,"href":"https:\/\/gnews.cz\/fr\/wp-json\/wp\/v2\/posts\/41122\/revisions"}],"predecessor-version":[{"id":41124,"href":"https:\/\/gnews.cz\/fr\/wp-json\/wp\/v2\/posts\/41122\/revisions\/41124"}],"wp:featuredmedia":[{"embeddable":true,"href":"https:\/\/gnews.cz\/fr\/wp-json\/wp\/v2\/media\/41125"}],"wp:attachment":[{"href":"https:\/\/gnews.cz\/fr\/wp-json\/wp\/v2\/media?parent=41122"}],"wp:term":[{"taxonomy":"category","embeddable":true,"href":"https:\/\/gnews.cz\/fr\/wp-json\/wp\/v2\/categories?post=41122"},{"taxonomy":"post_tag","embeddable":true,"href":"https:\/\/gnews.cz\/fr\/wp-json\/wp\/v2\/tags?post=41122"}],"curies":[{"name":"wp","href":"https:\/\/api.w.org\/{rel}","templated":true}]}}