{"id":41292,"date":"2026-02-17T18:00:00","date_gmt":"2026-02-17T17:00:00","guid":{"rendered":"https:\/\/gnews.cz\/?p=41292"},"modified":"2026-02-17T18:45:00","modified_gmt":"2026-02-17T17:45:00","slug":"la-justice-tcheque-aujourdhui-et-demain-experiences-personnelles-problemes-systemiques-et-echecs-persistants-de-la-justice","status":"publish","type":"post","link":"https:\/\/gnews.cz\/fr\/neprehlednete\/ceska-justicie-dnes-a-zitra-osobni-zkusenosti-systemove-problemy-a-dlouholete-selhani-spravedlnosti\/","title":{"rendered":"La justice tch\u00e8que aujourd'hui et demain : exp\u00e9riences personnelles, probl\u00e8mes syst\u00e9miques et \u00e9checs persistants de la justice"},"content":{"rendered":"<p><strong>Ayant une connaissance limit\u00e9e du syst\u00e8me judiciaire allemand pour avoir pr\u00eat\u00e9 serment au tribunal r\u00e9gional de Karlsruhe, je sais combien il est difficile d'obtenir une protection juridique, de mener une proc\u00e9dure p\u00e9nale, d'\u00e9tablir la v\u00e9rit\u00e9 et de garantir la justice, y compris dans le cadre d'une proc\u00e9dure de faillite.<\/strong><\/p>\n\n\n\n<p>Le syst\u00e8me juridique de la R\u00e9publique tch\u00e8que appartient historiquement \u00e0 la sous-tribu autrichienne de la famille juridique romano-germanique. Il se compose de la Cour constitutionnelle et d'un syst\u00e8me de tribunaux dits g\u00e9n\u00e9raux.<\/p>\n\n\n\n<p>La Cour constitutionnelle a r\u00e9cemment rejet\u00e9 une proposition d'un groupe de s\u00e9nateurs visant \u00e0 abroger un texte l\u00e9gislatif important : l'activit\u00e9 non autoris\u00e9e pour des puissances \u00e9trang\u00e8res reste inscrite dans le code p\u00e9nal. Cette l\u00e9gislation concerne, entre autres, le journaliste chinois d\u00e9tenu, au sujet duquel j'ai r\u00e9cemment \u00e9crit. La motion a \u00e9t\u00e9 sign\u00e9e par 24 s\u00e9nateurs qui estiment que la r\u00e9glementation contest\u00e9e est vague, r\u00e9dig\u00e9e en termes g\u00e9n\u00e9raux et abusive, et qu'elle a \u00e9t\u00e9 ajout\u00e9e au code p\u00e9nal de mani\u00e8re inconstitutionnelle. Or, selon les juges constitutionnels, il ne s'agit pas d'un ajout. Ils ont \u00e9galement soulign\u00e9 les principes de \u201ed\u00e9fense de la d\u00e9mocratie\u201c.<\/p>\n\n\n\n<blockquote class=\"wp-block-quote is-layout-flow wp-block-quote-is-layout-flow\">\n<p>Je mentionne l'arr\u00eat de la Cour constitutionnelle parce qu'il \u00e9nonce les principes d'une d\u00e9mocratie d\u00e9fensive. Selon l'appr\u00e9ciation du profane qu'est l'auteur, ces principes devraient \u00e9galement s'appliquer au fait que le plus grand ennemi se trouve souvent chez soi et repr\u00e9sente la tra\u00eetrise, la trahison et d'autres faiblesses du caract\u00e8re humain.<\/p>\n<\/blockquote>\n\n\n\n<p>L'un des ennemis est sans aucun doute une partie du syst\u00e8me judiciaire tch\u00e8que, \u00e0 savoir le syst\u00e8me judiciaire charg\u00e9 des affaires et des activit\u00e9s d'ex\u00e9cution.<\/p>\n\n\n\n<p><strong>Une histoire vraie en deux parties<\/strong><\/p>\n\n\n\n<p>Ceux qui le souhaitent peuvent d\u00e9couvrir l'histoire du complexe autoroutier situ\u00e9 sur le 185e kilom\u00e8tre de l'autoroute D1 \u00e0 Pop\u016fvky u Brna, qui a d\u00e9but\u00e9 en 1991. C'\u00e9tait une \u00e9poque o\u00f9, principalement pour des raisons sentimentales et une id\u00e9e id\u00e9alis\u00e9e du syst\u00e8me \u00e9mergeant dans la patrie, j'ai essay\u00e9 de r\u00e9pondre aux demandes de coop\u00e9ration, entre autres, du dernier ambassadeur de la R\u00e9publique tch\u00e9coslovaque \u00e0 Londres, JUDr. Karel Duda, dans plusieurs projets de l'\u00e9poque, \u00e0 la fois en Moravie et en Slovaquie.<\/p>\n\n\n\n<p>La premi\u00e8re partie de l'histoire s'est d\u00e9roul\u00e9e devant le tribunal r\u00e9gional de Brno, qui a prononc\u00e9 une peine d'un an avec sursis. Lors d'un appel ult\u00e9rieur, la Haute Cour d'Olomouc a d\u00e9cid\u00e9 d'imposer une peine d'emprisonnement inconditionnelle de cinq ans. Il s'en est suivi un emprisonnement, une gr\u00e2ce du pr\u00e9sident de la R\u00e9publique, de longs efforts pour obtenir r\u00e9paration et justice et, enfin et surtout, la d\u00e9mission rapide du juge des faillites Mgr. Eva Kr\u010dm\u00e1\u0159ov\u00e1 le lendemain de l'apparition publique de la victime de la faillite dans l'\u00e9mission Ud\u00e1losti sur \u010cT1 et \u010cT24 le 16 juillet 2017. Il est important de rappeler qu'\u00e0 cette \u00e9poque, au moins, Mgr. Kr\u010dm\u00e1\u0159ov\u00e1 \u00e9tait l'\u00e9pouse du - certainement neutre, non conseiller et non protecteur - chef de la section de la Cour supr\u00eame \u00e0 Brno, JUDr. Zden\u011bk Kr\u010dm\u00e1\u0159.<\/p>\n\n\n\n<p>Les actions de la soci\u00e9t\u00e9 ont \u00e9t\u00e9 achet\u00e9es \u00e0 l'\u00e9poque pour un paquet par le requ\u00e9rant de la faillite (10 000 CZK selon le fils de l'administrateur) pour \u00eatre vendues pour 10 millions CZK, tandis que leur prix a \u00e9t\u00e9 \u00e9valu\u00e9 par une expertise sur les actifs mobiliers selon des factures d'une valeur nominale de 20 millions CZK.<\/p>\n\n\n\n<blockquote class=\"wp-block-quote is-layout-flow wp-block-quote-is-layout-flow\">\n<p>Je voudrais ajouter que d\u00e8s le 28 juin 2005, le syndic de faillite a attir\u00e9 l'attention du tribunal r\u00e9gional de Brno sur le fait que quatre entit\u00e9s au total cherchaient \u00e0 obtenir la propri\u00e9t\u00e9 des biens lucratifs. Le juge, qui a transf\u00e9r\u00e9 ill\u00e9galement la propri\u00e9t\u00e9 \u00e0 un \u00e9tranger sans consulter le dossier de faillite, a d\u00e9pos\u00e9 une plainte p\u00e9nale aupr\u00e8s de la police de la R\u00e9publique tch\u00e8que le jour du jugement afin que la personne avoue lors de l'interrogatoire qu'il s'agissait d'une fraude pr\u00e9par\u00e9e.<\/p>\n<\/blockquote>\n\n\n\n<p>La premi\u00e8re partie de l'histoire ne s'est pas termin\u00e9e, m\u00eame apr\u00e8s avoir soumis des copies d'environ 1 500 pages de preuves documentaires, 22 pages de documents judiciaires prouvant la propri\u00e9t\u00e9 du bien, et 76 pi\u00e8ces jointes provenant de la proc\u00e9dure de faillite.<\/p>\n\n\n\n<p>Il convient de mentionner qu'une plainte constitutionnelle bien fond\u00e9e et justifi\u00e9e a \u00e9t\u00e9 d\u00e9pos\u00e9e le 3 f\u00e9vrier 2020, qui a \u00e9t\u00e9 rejet\u00e9e par le pr\u00e9sident du S\u00e9nat, le professeur JUDr. Jan Filip, CSc, le 20 f\u00e9vrier 2020. La r\u00e9ponse \u00e0 la plainte adress\u00e9e au pr\u00e9sident de la Cour constitutionnelle le 13 mars 2020 est arriv\u00e9e sous une forme qui ne peut \u00eatre comment\u00e9e poliment, entre autres parce que le consentement des repr\u00e9sentants des cr\u00e9anciers \u00e0 la sortie des biens immobiliers de la masse de la faillite est totalement absent de la proc\u00e9dure de faillite et que la d\u00e9cision du tribunal est toujours en attente.<\/p>\n\n\n\n<p>Dans une ordonnance dat\u00e9e du 29 novembre 2024, la juge des faillites a d\u00e9clar\u00e9 qu'elle ne trouvait aucune raison d'ordonner au syndic de restituer le bien \u00e0 la masse de la faillite. Une telle communication de la part de la juge indique, entre autres, qu'elle n'a probablement pas du tout lu les preuves documentaires. La plainte adress\u00e9e au pr\u00e9sident du tribunal r\u00e9gional de Brno le 20 janvier 2025 a re\u00e7u deux mois plus tard une br\u00e8ve r\u00e9ponse indiquant qu'il \u00e9tait l\u00e9galement inadmissible d'interf\u00e9rer dans une proc\u00e9dure judiciaire en cours.<\/p>\n\n\n\n<p>De 1991 \u00e0 la mi-f\u00e9vrier 2026, les autorit\u00e9s judiciaires de Brno n'ont pas mis fin aux proc\u00e9dures judiciaires.<\/p>\n\n\n\n<blockquote class=\"wp-block-quote is-layout-flow wp-block-quote-is-layout-flow\">\n<p>La deuxi\u00e8me partie de l'histoire a le caract\u00e8re d'une trag\u00e9die familiale : la vente aux ench\u00e8res de l'appartement de la victime d'une proc\u00e9dure de faillite classique, construit avec sa propre aide il y a 46 ans. La vente aux ench\u00e8res devait commencer \u00e0 10 heures le 17 f\u00e9vrier 2026 et se terminer \u00e0 11 heures le m\u00eame jour. Depuis hier, on sait que la vente aux ench\u00e8res a \u00e9t\u00e9 report\u00e9e d'une semaine.<\/p>\n<\/blockquote>\n\n\n\n<p>Par co\u00efncidence, j'ai eu l'occasion de me familiariser avec le contenu du d\u00e9cret d'adjudication n\u00b0 CEVD-2026-000116 relatif \u00e0 l'organisation d'une ench\u00e8re volontaire publique \u00e9lectronique conform\u00e9ment \u00e0 la loi n\u00b0 250\/2023 Coll. sur les ventes aux ench\u00e8res publiques, n\u00b0 25DR000990.<\/p>\n\n\n\n<p>Ce n'est pas un hasard si le commissaire-priseur, le demandeur et le propri\u00e9taire me sont connus depuis la premi\u00e8re partie de cette longue histoire. Elle int\u00e9resserait sans aucun doute Bernd Posselt, Markus S\u00f6der, le premier ministre bavarois, et Andrej Babi\u0161, le premier ministre tch\u00e8que. Ce dernier devrait se souvenir de l'histoire et prouver ainsi que la d\u00e9claration du gouvernement doit \u00eatre prise au s\u00e9rieux et que les paroles du Premier ministre ont du poids. Le ministre tch\u00e8que de la justice et pr\u00e9sident du conseil l\u00e9gislatif du gouvernement, Jeron\u00fdm Tejc, pourrait l'aider. Il serait surprenant que le natif de Brno ne connaisse pas suffisamment le fonctionnement de la ville pour pouvoir agir et mettre fin \u00e0 la vente aux ench\u00e8res, par exemple par un arr\u00eat\u00e9 minist\u00e9riel.<\/p>\n\n\n\n<p>Le probl\u00e8me de la vente aux ench\u00e8res r\u00e9side dans l'intention apparente du commissaire-priseur et du plaignant, qui ressort de la premi\u00e8re partie de l'histoire - obtenir le bien le moins cher possible - et dans le contenu de la documentation de la vente aux ench\u00e8res, qui ne correspond ni \u00e0 la r\u00e9alit\u00e9 ni au temps. Les faits suivants sont pr\u00e9sent\u00e9s :<\/p>\n\n\n\n<ul class=\"wp-block-list\">\n<li>(a) La superficie de l'appartement indiqu\u00e9e comme \u00e9tant de 50 m\u00b2 est fausse. Selon le contrat de cession de l'appartement coop\u00e9ratif au membre, la superficie de l'appartement est de 93,30 m\u00b2. Une cave, un balcon et une loggia doivent \u00eatre ajout\u00e9s \u00e0 la superficie.<\/li>\n\n\n\n<li>b) L'avis de vente indique 1er \u00e9tage, rez-de-chauss\u00e9e avec acc\u00e8s pour les personnes en fauteuil roulant. Cette mention est \u00e9galement erron\u00e9e car l'appartement est situ\u00e9 au troisi\u00e8me \u00e9tage, o\u00f9 l'acc\u00e8s en fauteuil roulant n'est objectivement pas possible.<\/li>\n\n\n\n<li>(c) La description de l'appartement est \u00e9galement fausse pour d'autres raisons objectives. Par exemple, la fa\u00e7ade n'\u00e9tait pas isol\u00e9e, les fen\u00eatres n'ont pas \u00e9t\u00e9 remplac\u00e9es, il n'y avait pas de chauffage urbain et une chaudi\u00e8re \u00e0 gaz MORA \u00e9tait utilis\u00e9e.<\/li>\n<\/ul>\n\n\n\n<p><strong>Conclusion<\/strong><\/p>\n\n\n\n<p>La neutralit\u00e9, le proc\u00e8s \u00e9quitable et la justice font partie des mythes fondamentaux : cosmogonique (origine du monde), anthropogonique (cr\u00e9ation de l'homme), \u00e9tiologique (origine des coutumes), sot\u00e9riologique (salut) et eschatologique (fin du monde). Ces r\u00e9cits sont \u00e0 la base de toute culture et de toute mythologie, m\u00eame dans le domaine de la justice.<\/p>\n\n\n\n<p>Je recommande aux personnes pratiquant des m\u00e9thodes mafieuses de se tenir devant le tribunal pendant les vacances et de demander \u00e0 ceux qui en sortent ce qu'ils y ont v\u00e9cu et dans quelle mesure ils sont satisfaits du travail du tribunal et de ses r\u00e9sultats. S'ils n'ont pas peur, ils diront quelque chose de diff\u00e9rent de ce que les juges eux-m\u00eames disent d'eux-m\u00eames ou de ce qui est rapport\u00e9 par diverses agences.<\/p>\n\n\n\n<p>Par exemple, le tableau de bord de la justice de l'UE \/ CEPEJ mesure principalement la dur\u00e9e des proc\u00e9dures, le nombre d'affaires trait\u00e9es, le budget et le nombre de juges. En revanche, il ne mesure pas les erreurs judiciaires, le m\u00e9pris des juridictions sup\u00e9rieures, la non-application des acquittements, la responsabilit\u00e9 personnelle des juges ou les abus de pouvoir en mati\u00e8re de d\u00e9tention.<\/p>\n\n\n\n<p>C'est pourquoi le syst\u00e8me peut \u00eatre \u00e0 la fois \u201erapide\u201c et brutalement injuste. Les \u00e9valuations officielles du syst\u00e8me judiciaire tch\u00e8que ne sont pas fausses dans ce qu'elles mesurent. Elles sont trompeuses dans ce qu'elles ne mesurent pas syst\u00e9matiquement. Le consentement n'est pas n\u00e9cessaire.<\/p>\n\n\n\n<p><strong>Jan Campbell<\/strong><\/p>","protected":false},"excerpt":{"rendered":"<p>En tant que personne ayant une connaissance limit\u00e9e du syst\u00e8me judiciaire allemand gr\u00e2ce \u00e0 mon exp\u00e9rience sous serment au tribunal r\u00e9gional de Karlsruhe, je sais \u00e0 quel point il est difficile d'obtenir...<\/p>","protected":false},"author":6,"featured_media":41328,"comment_status":"open","ping_status":"closed","sticky":false,"template":"","format":"standard","meta":{"_acf_changed":false,"_lmt_disableupdate":"","_lmt_disable":"","footnotes":""},"categories":[2968,3,7],"tags":[10634,10633,10631,10640,10637,7992,10632,10638,10635,17,10642,41],"class_list":["post-41292","post","type-post","status-publish","format-standard","has-post-thumbnail","hentry","category-domaci","category-neprehlednete","category-politika","tag-ceska-justice","tag-drazba-nemovitosti","tag-exekuce","tag-konkurzni-rizeni","tag-odpovednost-soudcu","tag-pravni-stat","tag-soudni-omyly","tag-soudni-system","tag-spravedlivy-proces","tag-top","tag-ustavni-soud-3","tag-world"],"acf":[],"aioseo_notices":[],"_links":{"self":[{"href":"https:\/\/gnews.cz\/fr\/wp-json\/wp\/v2\/posts\/41292","targetHints":{"allow":["GET"]}}],"collection":[{"href":"https:\/\/gnews.cz\/fr\/wp-json\/wp\/v2\/posts"}],"about":[{"href":"https:\/\/gnews.cz\/fr\/wp-json\/wp\/v2\/types\/post"}],"author":[{"embeddable":true,"href":"https:\/\/gnews.cz\/fr\/wp-json\/wp\/v2\/users\/6"}],"replies":[{"embeddable":true,"href":"https:\/\/gnews.cz\/fr\/wp-json\/wp\/v2\/comments?post=41292"}],"version-history":[{"count":1,"href":"https:\/\/gnews.cz\/fr\/wp-json\/wp\/v2\/posts\/41292\/revisions"}],"predecessor-version":[{"id":41327,"href":"https:\/\/gnews.cz\/fr\/wp-json\/wp\/v2\/posts\/41292\/revisions\/41327"}],"wp:featuredmedia":[{"embeddable":true,"href":"https:\/\/gnews.cz\/fr\/wp-json\/wp\/v2\/media\/41328"}],"wp:attachment":[{"href":"https:\/\/gnews.cz\/fr\/wp-json\/wp\/v2\/media?parent=41292"}],"wp:term":[{"taxonomy":"category","embeddable":true,"href":"https:\/\/gnews.cz\/fr\/wp-json\/wp\/v2\/categories?post=41292"},{"taxonomy":"post_tag","embeddable":true,"href":"https:\/\/gnews.cz\/fr\/wp-json\/wp\/v2\/tags?post=41292"}],"curies":[{"name":"wp","href":"https:\/\/api.w.org\/{rel}","templated":true}]}}