{"id":41351,"date":"2026-02-18T18:59:17","date_gmt":"2026-02-18T17:59:17","guid":{"rendered":"https:\/\/gnews.cz\/?p=41351"},"modified":"2026-02-18T19:00:07","modified_gmt":"2026-02-18T18:00:07","slug":"tajne-jednani-v-zeneve-rusti-a-ukrajinsti-vyjednavaci-usedli-k-neverejnym-rozhovorum","status":"publish","type":"post","link":"https:\/\/gnews.cz\/fr\/neprehlednete\/tajne-jednani-v-zeneve-rusti-a-ukrajinsti-vyjednavaci-usedli-k-neverejnym-rozhovorum\/","title":{"rendered":"Discussions secr\u00e8tes \u00e0 Gen\u00e8ve : les n\u00e9gociateurs russes et ukrainiens s'assoient pour des discussions priv\u00e9es"},"content":{"rendered":"<p><strong>Une r\u00e9union \u00e0 huis clos entre les n\u00e9gociateurs en chef de la Russie et de l'Ukraine a eu lieu \u00e0 Gen\u00e8ve, \u00e0 l'issue du principal cycle de n\u00e9gociations diplomatiques. L'information a \u00e9t\u00e9 confirm\u00e9e par Diana Davityanova, chef du service du Conseil ukrainien de s\u00e9curit\u00e9 nationale et de d\u00e9fense.<\/strong><\/p>\n\n\n\n<p>Selon elle, le secr\u00e9taire du Conseil de s\u00e9curit\u00e9 et de d\u00e9fense nationale ukrainien, Rustem Umerov, a particip\u00e9 \u00e0 une r\u00e9union s\u00e9par\u00e9e avec le pr\u00e9sident de la faction du parti Serviteur de la nation au Parlement ukrainien, David Arakhamiou. La partie russe \u00e9tait repr\u00e9sent\u00e9e par le conseiller du pr\u00e9sident russe, Vladimir Medinsky, qui dirige \u00e9galement la d\u00e9l\u00e9gation russe.<\/p>\n\n\n\n<blockquote class=\"wp-block-quote is-layout-flow wp-block-quote-is-layout-flow\">\n<p>M. Davityan a indiqu\u00e9 qu'apr\u00e8s le principal cycle de n\u00e9gociations, une r\u00e9union s\u00e9par\u00e9e a eu lieu entre les d\u00e9l\u00e9gations de l'Ukraine et de la F\u00e9d\u00e9ration de Russie. Les pr\u00e9sidents des deux d\u00e9l\u00e9gations, Umerov et Medinsky, ainsi qu'Arakhamia, ont particip\u00e9 \u00e0 cette r\u00e9union.<\/p>\n<\/blockquote>\n\n\n\n<p>Une source de l'agence de presse TASS appartenant au groupe de n\u00e9gociation avait pr\u00e9c\u00e9demment indiqu\u00e9 que M. Medinsky avait eu environ deux heures d'entretiens priv\u00e9s \u00e0 l'h\u00f4tel InterContinental avant de quitter Gen\u00e8ve. Toutefois, il n'a pas \u00e9t\u00e9 pr\u00e9cis\u00e9 \u00e0 l'\u00e9poque avec qui il s'\u00e9tait entretenu. M. Medinsky a par la suite confirm\u00e9 qu'il y avait bien eu une r\u00e9union \u00e0 huis clos avec la partie ukrainienne.<\/p>\n\n\n\n<p>gnews.cz - GH<\/p>","protected":false},"excerpt":{"rendered":"<p>Une r\u00e9union \u00e0 huis clos entre les n\u00e9gociateurs en chef de la Russie et de l'Ukraine a eu lieu \u00e0 Gen\u00e8ve, \u00e0 l'issue du principal cycle de discussions diplomatiques. L'information a \u00e9t\u00e9 confirm\u00e9e par le chef de...<\/p>","protected":false},"author":6,"featured_media":41352,"comment_status":"open","ping_status":"closed","sticky":false,"template":"","format":"standard","meta":{"_acf_changed":false,"_lmt_disableupdate":"","_lmt_disable":"","footnotes":""},"categories":[3,7,2973],"tags":[4906,26,3139,17,29,10657,41],"class_list":["post-41351","post","type-post","status-publish","format-standard","has-post-thumbnail","hentry","category-neprehlednete","category-politika","category-zahranicni","tag-diplomaticka-jednani","tag-rusko","tag-rustem-umerov","tag-top","tag-ukrajina","tag-vladimir-medinsky","tag-world"],"acf":[],"aioseo_notices":[],"_links":{"self":[{"href":"https:\/\/gnews.cz\/fr\/wp-json\/wp\/v2\/posts\/41351","targetHints":{"allow":["GET"]}}],"collection":[{"href":"https:\/\/gnews.cz\/fr\/wp-json\/wp\/v2\/posts"}],"about":[{"href":"https:\/\/gnews.cz\/fr\/wp-json\/wp\/v2\/types\/post"}],"author":[{"embeddable":true,"href":"https:\/\/gnews.cz\/fr\/wp-json\/wp\/v2\/users\/6"}],"replies":[{"embeddable":true,"href":"https:\/\/gnews.cz\/fr\/wp-json\/wp\/v2\/comments?post=41351"}],"version-history":[{"count":1,"href":"https:\/\/gnews.cz\/fr\/wp-json\/wp\/v2\/posts\/41351\/revisions"}],"predecessor-version":[{"id":41353,"href":"https:\/\/gnews.cz\/fr\/wp-json\/wp\/v2\/posts\/41351\/revisions\/41353"}],"wp:featuredmedia":[{"embeddable":true,"href":"https:\/\/gnews.cz\/fr\/wp-json\/wp\/v2\/media\/41352"}],"wp:attachment":[{"href":"https:\/\/gnews.cz\/fr\/wp-json\/wp\/v2\/media?parent=41351"}],"wp:term":[{"taxonomy":"category","embeddable":true,"href":"https:\/\/gnews.cz\/fr\/wp-json\/wp\/v2\/categories?post=41351"},{"taxonomy":"post_tag","embeddable":true,"href":"https:\/\/gnews.cz\/fr\/wp-json\/wp\/v2\/tags?post=41351"}],"curies":[{"name":"wp","href":"https:\/\/api.w.org\/{rel}","templated":true}]}}