{"id":41368,"date":"2026-02-19T18:00:00","date_gmt":"2026-02-19T17:00:00","guid":{"rendered":"https:\/\/gnews.cz\/?p=41368"},"modified":"2026-02-19T18:37:51","modified_gmt":"2026-02-19T17:37:51","slug":"pavel-jmenuje-noveho-ceskeho-ministra-zivotniho-prostredi-cerveny-prichazi-do-cela-resortu-v-dobe-sporu-o-klimatickou-politiku","status":"publish","type":"post","link":"https:\/\/gnews.cz\/fr\/neprehlednete\/pavel-jmenuje-noveho-ceskeho-ministra-zivotniho-prostredi-cerveny-prichazi-do-cela-resortu-v-dobe-sporu-o-klimatickou-politiku\/","title":{"rendered":"Paul nomme le nouveau ministre tch\u00e8que de l'environnement. \u010cerven\u00fd rejoint le minist\u00e8re \u00e0 un moment de controverse sur la politique climatique."},"content":{"rendered":"<p><strong>Le pr\u00e9sident de la R\u00e9publique tch\u00e8que, Petr Pavel, nommera Igor \u010cerven\u00fd nouveau ministre de l'environnement le lundi 23 f\u00e9vrier 2026. Cette nomination mettra fin \u00e0 plusieurs semaines d'incertitude concernant la direction du minist\u00e8re, qui est l'un des domaines les plus sensibles de la politique gouvernementale actuelle. Le candidat a \u00e9t\u00e9 propos\u00e9 par le Premier ministre Andrej Babi\u0161 \u00e0 l'issue de n\u00e9gociations politiques au sein du camp gouvernemental.<\/strong><\/p>\n\n\n\n<p>Le pr\u00e9sident a rencontr\u00e9 M. \u010cerven\u00fd au Ch\u00e2teau de Prague le 19 f\u00e9vrier, o\u00f9 ils ont discut\u00e9 de ses id\u00e9es pour la gestion du minist\u00e8re et des principaux d\u00e9fis environnementaux auxquels la R\u00e9publique tch\u00e8que est confront\u00e9e. Selon le bureau pr\u00e9sidentiel, la discussion a port\u00e9 sur la protection de la nature, la gestion de l'eau et des terres, le changement climatique et la pr\u00e9paration de l'\u00c9tat \u00e0 son impact. La question de la l\u00e9gislation europ\u00e9enne et des syst\u00e8mes d'\u00e9mission ETS1 et ETS2 a \u00e9galement \u00e9t\u00e9 abord\u00e9e. Le pr\u00e9sident a \u00e9galement appel\u00e9 le futur ministre \u00e0 fonder son plaidoyer en faveur du changement sur des analyses d'experts et des options de n\u00e9gociation r\u00e9alistes au niveau de l'UE.<\/p>\n\n\n\n<h3 class=\"wp-block-heading\">Remplacement du candidat refus\u00e9<\/h3>\n\n\n\n<p>\u010cerven\u00fd n'est devenu candidat qu'apr\u00e8s que le pr\u00e9sident a refus\u00e9 de nommer le candidat initial, Filip Turko, qu'il avait pr\u00e9c\u00e9demment refus\u00e9 de nommer ministre des affaires \u00e9trang\u00e8res. Le gouvernement cherchait une solution de compromis qui lui permettrait de stabiliser la direction du minist\u00e8re. Jusqu'\u00e0 pr\u00e9sent, le minist\u00e8re n'\u00e9tait dirig\u00e9 que par une personne nomm\u00e9e par le gouvernement, ce qui compliquait la prise de d\u00e9cisions \u00e0 long terme dans les secteurs de l'\u00e9nergie et de la protection du climat.<\/p>\n\n\n\n<p>Le nouveau ministre est un novice en politique. Il a \u00e9t\u00e9 \u00e9lu \u00e0 la Chambre des d\u00e9put\u00e9s en 2025 et s'est jusqu'\u00e0 pr\u00e9sent surtout illustr\u00e9 dans les d\u00e9bats \u00e9conomiques et publics. Sa nomination repr\u00e9sente un effort de la part du gouvernement pour mettre davantage l'accent politique sur les impacts \u00e9conomiques des mesures environnementales au sein du minist\u00e8re.<\/p>\n\n\n\n<h3 class=\"wp-block-heading\">Un regard critique sur l'action climatique<\/h3>\n\n\n\n<p>\u010cerven\u00fd attire depuis longtemps l'attention sur l'impact de la politique climatique europ\u00e9enne sur l'industrie et les m\u00e9nages. Il critique notamment l'expansion du syst\u00e8me de quotas d'\u00e9mission et souligne la n\u00e9cessit\u00e9 d'un rythme r\u00e9aliste de transformation \u00e9nerg\u00e9tique. Il soutient \u00e9galement le d\u00e9veloppement de l'\u00e9nergie nucl\u00e9aire en tant que source stable de production d'\u00e9lectricit\u00e9 \u00e0 faibles \u00e9missions.<\/p>\n\n\n\n<p>Sa nomination suscite donc des r\u00e9actions mitig\u00e9es. Si ses partisans appr\u00e9cient l'accent mis sur la viabilit\u00e9 \u00e9conomique des mesures environnementales, ses d\u00e9tracteurs soulignent son exp\u00e9rience limit\u00e9e en mati\u00e8re de gestion de l'agenda environnemental et craignent un affaiblissement des engagements de la R\u00e9publique tch\u00e8que en mati\u00e8re de climat.<\/p>\n\n\n\n<h3 class=\"wp-block-heading\">Semaines cl\u00e9s pour la station<\/h3>\n\n\n\n<p>M. \u010cerven\u00fd prendra ensuite la direction du minist\u00e8re \u00e0 un moment o\u00f9 l'\u00c9tat s'occupe de la forme de la transformation \u00e9nerg\u00e9tique, de la protection des paysages et de la communication avec le public lors de la d\u00e9claration de zones prot\u00e9g\u00e9es \u00e0 grande \u00e9chelle.<\/p>\n\n\n\n<p>Ses premiers pas seront suivis non seulement par les partis politiques nationaux, mais aussi par les institutions europ\u00e9ennes, car c'est maintenant que les d\u00e9cisions sont prises sur l'\u00e9tablissement pratique des r\u00e8gles climatiques pour les ann\u00e9es \u00e0 venir.<\/p>\n\n\n\n<p><strong>gnews.cz - GH<\/strong><\/p>","protected":false},"excerpt":{"rendered":"<p>Le pr\u00e9sident de la R\u00e9publique tch\u00e8que, Petr Pavel, nommera Igor \u010cerven\u00fd nouveau ministre de l'Environnement le lundi 23 f\u00e9vrier 2026. Cette nomination mettra fin \u00e0 plusieurs semaines de...<\/p>","protected":false},"author":6,"featured_media":41369,"comment_status":"open","ping_status":"closed","sticky":false,"template":"","format":"standard","meta":{"_acf_changed":false,"_lmt_disableupdate":"","_lmt_disable":"","footnotes":""},"categories":[2968,3,7],"tags":[958,10694,10051,151,17,10695,41],"class_list":["post-41368","post","type-post","status-publish","format-standard","has-post-thumbnail","hentry","category-domaci","category-neprehlednete","category-politika","tag-filip-turek","tag-igor-cerveny","tag-ministerstvo-zivotniho-prostredi","tag-petr-pavel","tag-top","tag-vlada-andreje-babise","tag-world"],"acf":[],"aioseo_notices":[],"_links":{"self":[{"href":"https:\/\/gnews.cz\/fr\/wp-json\/wp\/v2\/posts\/41368","targetHints":{"allow":["GET"]}}],"collection":[{"href":"https:\/\/gnews.cz\/fr\/wp-json\/wp\/v2\/posts"}],"about":[{"href":"https:\/\/gnews.cz\/fr\/wp-json\/wp\/v2\/types\/post"}],"author":[{"embeddable":true,"href":"https:\/\/gnews.cz\/fr\/wp-json\/wp\/v2\/users\/6"}],"replies":[{"embeddable":true,"href":"https:\/\/gnews.cz\/fr\/wp-json\/wp\/v2\/comments?post=41368"}],"version-history":[{"count":1,"href":"https:\/\/gnews.cz\/fr\/wp-json\/wp\/v2\/posts\/41368\/revisions"}],"predecessor-version":[{"id":41370,"href":"https:\/\/gnews.cz\/fr\/wp-json\/wp\/v2\/posts\/41368\/revisions\/41370"}],"wp:featuredmedia":[{"embeddable":true,"href":"https:\/\/gnews.cz\/fr\/wp-json\/wp\/v2\/media\/41369"}],"wp:attachment":[{"href":"https:\/\/gnews.cz\/fr\/wp-json\/wp\/v2\/media?parent=41368"}],"wp:term":[{"taxonomy":"category","embeddable":true,"href":"https:\/\/gnews.cz\/fr\/wp-json\/wp\/v2\/categories?post=41368"},{"taxonomy":"post_tag","embeddable":true,"href":"https:\/\/gnews.cz\/fr\/wp-json\/wp\/v2\/tags?post=41368"}],"curies":[{"name":"wp","href":"https:\/\/api.w.org\/{rel}","templated":true}]}}